{"id":3009,"date":"2009-01-23T17:45:11","date_gmt":"2009-01-23T15:45:11","guid":{"rendered":"http:\/\/www.korhanyilmaz.com\/?p=3009"},"modified":"2009-01-23T17:45:11","modified_gmt":"2009-01-23T15:45:11","slug":"ipekin-gozyaslari","status":"publish","type":"post","link":"http:\/\/www.korhanyilmaz.com\/?p=3009","title":{"rendered":"\u0130pek&#039;in g\u00f6zya\u015flar\u0131"},"content":{"rendered":"<p style=\"text-align: center;\"><img loading=\"lazy\" decoding=\"async\" class=\"size-full wp-image-3011 aligncenter\" title=\"\u0130pek \u015een\" src=\"http:\/\/www.korhanyilmaz.com\/wp-content\/uploads\/2009\/01\/230120091748469064240.jpg\" alt=\"230120091748469064240\" width=\"376\" height=\"240\" \/><\/p>\n<p style=\"text-align: justify;\"><span style=\"color: #000000;\"><strong>\u0130pek karne g\u00fcn\u00fcnde neden a\u011flad\u0131? <\/strong><\/span><\/p>\n<p style=\"text-align: justify;\">TEK\u0130RDA\u011e&#8217;\u0131n \u00c7orlu \u0130l\u00e7esi&#8217;nde k\u0131z\u0131n\u0131n okul m\u00fcd\u00fcr\u00fc taraf\u0131ndan d\u00f6v\u00fcld\u00fc\u011f\u00fcn\u00fc idida eden Ayhan \u015een, evinden ald\u0131\u011f\u0131 av t\u00fcfe\u011fi ile okula geldi. Okulun bah\u00e7esinde elinde t\u00fcfekle gezen Ayhan \u015een&#8217;i g\u00f6ren okul m\u00fcd\u00fcr\u00fc Nam\u0131k Demirci durumu polise bildirdi. Olay yerine gelen ekipler Ayhan \u015een&#8217;i g\u00f6zalt\u0131na ald\u0131.<!--more--><\/p>\n<p style=\"text-align: justify;\">Olay, saat 15.00 s\u0131ralar\u0131nda Sa\u011fl\u0131k Mahallesi&#8217;nde bulunan Ba\u015f\u00f6\u011fretmen \u0130lk\u00f6retim Okulu&#8217;nda meydana geldi. \u0130ddiaya g\u00f6re okul m\u00fcd\u00fcr\u00fc Nam\u0131k Demirci, 7&#8217;nci s\u0131n\u0131f \u00f6\u011frencisi \u0130pek \u015een&#8217;i d\u00f6vd\u00fc. \u0130pek \u015een durumu babas\u0131na anlat\u0131nca, evde bulunan av t\u00fcfe\u011fini alan Ayhan \u015een, okula gelerek elinde t\u00fcfekle okul bah\u00e7esinde dola\u015fmaya ba\u015flad\u0131. Durumu fark eden okul m\u00fcd\u00fcr\u00fc hemen polisi arad\u0131. Olay yerine gelen ekipler taraf\u0131ndan elindeki av t\u00fcfe\u011fi ile birlikte g\u00f6zalt\u0131na al\u0131nan Ayhan \u015een polis merkezine g\u00f6t\u00fcr\u00fcld\u00fc. Soru\u015fturma s\u00fcr\u00fcyor.<\/p>\n<p><span style=\"font-family: Helvetica,Verdana,Arial; color: blue; font-size: x-small;\"><strong>DHA<\/strong><\/span><\/p>\n","protected":false},"excerpt":{"rendered":"<p style=\"text-align: center;\">\n<p style=\"text-align: justify;\">\u0130pek karne g\u00fcn\u00fcnde neden a\u011flad\u0131? <\/p>\n<p style=\"text-align: justify;\">TEK\u0130RDA\u011e&#8217;\u0131n \u00c7orlu \u0130l\u00e7esi&#8217;nde k\u0131z\u0131n\u0131n okul m\u00fcd\u00fcr\u00fc taraf\u0131ndan d\u00f6v\u00fcld\u00fc\u011f\u00fcn\u00fc idida eden Ayhan \u015een, evinden ald\u0131\u011f\u0131 av t\u00fcfe\u011fi ile okula geldi. Okulun bah\u00e7esinde elinde t\u00fcfekle gezen Ayhan \u015een&#8217;i g\u00f6ren okul m\u00fcd\u00fcr\u00fc Nam\u0131k Demirci durumu polise bildirdi. Olay yerine gelen ekipler Ayhan \u015een&#8217;i g\u00f6zalt\u0131na ald\u0131.<\/p>\n","protected":false},"author":1,"featured_media":0,"comment_status":"open","ping_status":"closed","sticky":false,"template":"","format":"standard","meta":{"footnotes":""},"categories":[7],"tags":[],"class_list":["post-3009","post","type-post","status-publish","format-standard","hentry","category-ekonomi","odd"],"_links":{"self":[{"href":"http:\/\/www.korhanyilmaz.com\/index.php?rest_route=\/wp\/v2\/posts\/3009","targetHints":{"allow":["GET"]}}],"collection":[{"href":"http:\/\/www.korhanyilmaz.com\/index.php?rest_route=\/wp\/v2\/posts"}],"about":[{"href":"http:\/\/www.korhanyilmaz.com\/index.php?rest_route=\/wp\/v2\/types\/post"}],"author":[{"embeddable":true,"href":"http:\/\/www.korhanyilmaz.com\/index.php?rest_route=\/wp\/v2\/users\/1"}],"replies":[{"embeddable":true,"href":"http:\/\/www.korhanyilmaz.com\/index.php?rest_route=%2Fwp%2Fv2%2Fcomments&post=3009"}],"version-history":[{"count":0,"href":"http:\/\/www.korhanyilmaz.com\/index.php?rest_route=\/wp\/v2\/posts\/3009\/revisions"}],"wp:attachment":[{"href":"http:\/\/www.korhanyilmaz.com\/index.php?rest_route=%2Fwp%2Fv2%2Fmedia&parent=3009"}],"wp:term":[{"taxonomy":"category","embeddable":true,"href":"http:\/\/www.korhanyilmaz.com\/index.php?rest_route=%2Fwp%2Fv2%2Fcategories&post=3009"},{"taxonomy":"post_tag","embeddable":true,"href":"http:\/\/www.korhanyilmaz.com\/index.php?rest_route=%2Fwp%2Fv2%2Ftags&post=3009"}],"curies":[{"name":"wp","href":"https:\/\/api.w.org\/{rel}","templated":true}]}}