{"id":30089,"date":"2011-04-01T13:13:08","date_gmt":"2011-04-01T10:13:08","guid":{"rendered":"http:\/\/www.korhanyilmaz.com\/?p=30089"},"modified":"2011-04-01T13:13:08","modified_gmt":"2011-04-01T10:13:08","slug":"turk-jeti-libya%e2%80%99da-ne-ariyor","status":"publish","type":"post","link":"http:\/\/www.korhanyilmaz.com\/?p=30089","title":{"rendered":"T\u00fcrk jeti Libya\u2019da ne ar\u0131yor?"},"content":{"rendered":"<p style=\"text-align: justify;\"><a href=\"http:\/\/www.korhanyilmaz.com\/wp-content\/uploads\/2011\/04\/420.jpg\"  class=\"lightview\"><img loading=\"lazy\" decoding=\"async\" class=\"aligncenter size-full wp-image-30090\" src=\"http:\/\/www.korhanyilmaz.com\/wp-content\/uploads\/2011\/04\/420.jpg\" alt=\"\" width=\"356\" height=\"186\" \/><\/a><\/p>\n<p style=\"text-align: justify;\">Libya hava sahas\u0131ndaki askeri u\u00e7aklar\u0131n telsiz konu\u015fmalar\u0131n\u0131 \u2018hack\u2019leyen bir asker d\u00fcn bir T\u00fcrk u\u00e7a\u011f\u0131n\u0131n da ilk kez bu \u00fclke semalar\u0131nda g\u00f6r\u00fcld\u00fc\u011f\u00fcn\u00fc ortaya \u00e7\u0131kard\u0131.<\/p>\n<p style=\"text-align: justify;\">Ancak Genelkurmay Ba\u015fkanl\u0131\u011f\u0131 bir a\u00e7\u0131klama yaparak iddialar\u0131 yalanlad\u0131.<!--more--><\/p>\n<p style=\"text-align: justify;\">\u0130STANBUL &#8211; &#8220;Huub&#8221; kod ad\u0131n\u0131 kullanan eski bir Hollandal\u0131 asker, sosyal payla\u015f\u0131m sitesi Twitter&#8217;da a\u00e7t\u0131\u011f\u0131 @FMCNL hesab\u0131nda, uluslararas\u0131 koalisyonun 19 Mart&#8217;ta ba\u015flad\u0131\u011f\u0131 Libya operasyonunda hangi \u00fclkenin u\u00e7aklar\u0131n\u0131n Libya \u00fczerinde ne zaman u\u00e7u\u015f yapt\u0131\u011f\u0131n\u0131 takip ediyor.<\/p>\n<p style=\"text-align: justify;\">Yakla\u015f\u0131k 11 bin takip\u00e7isi olan &#8220;Huub&#8221;, ge\u00e7ti\u011fimiz iki hafta boyunca ABD, \u0130ngiliz ve Frans\u0131z u\u00e7aklar\u0131n\u0131n her hareketini buradan an be an d\u00fcnyaya duyurdu. NATO&#8217;nun uluslararas\u0131 koalisyonunun operasyonunu d\u00fcn saat 06.00\u2019da resmen devralmas\u0131ndan birka\u00e7 saat sonra ise &#8220;Huub&#8221;un radar\u0131na ilk kez bir T\u00fcrk u\u00e7a\u011f\u0131 da \u2018tak\u0131ld\u0131\u2019.<\/p>\n<p style=\"text-align: justify;\"><strong>AYNI KUYRUK NUMARASI<\/strong><\/p>\n<p style=\"text-align: justify;\">Milliyet gazetesinin haberine g\u00f6re, \u0130ngiliz The Guardian gazetesi ve Wired dergisi ba\u015fta olmak \u00fczere bir\u00e7ok yay\u0131n\u0131n g\u00fcvenilir bir kaynak olarak tan\u0131tt\u0131\u011f\u0131 &#8220;Huub&#8221; saat 10.00 civar\u0131nda  T\u00fcrk Hava Kuvvetleri&#8217;ne ait DOGAN 46 kodlu, Gulfstream V model bir u\u00e7a\u011f\u0131n Libya semalar\u0131nda u\u00e7tu\u011funu kaydetti. &#8220;Huub&#8221; u\u00e7a\u011f\u0131n kuyruk numaras\u0131n\u0131n da 09-001 oldu\u011funu ekledi. &#8220;Huub&#8221;un verdi\u011fi bu detaylar g\u00f6zleri TSK&#8217;ya \u00e7evirdi.<\/p>\n<p style=\"text-align: justify;\">Genelkurmay Ba\u015fkan\u0131 i\u00e7in Aral\u0131k 2009&#8217;da teslim al\u0131nan Gulfstream V serisi u\u00e7a\u011f\u0131n kuyruk numaras\u0131 da 09-001. Yani &#8220;Huub&#8221;un Libya semalar\u0131nda g\u00f6r\u00fcld\u00fc\u011f\u00fcn\u00fc s\u00f6yledi\u011fi u\u00e7akla bire bir ayn\u0131! Ancak u\u00e7akta Genelkurmay Ba\u015fkan\u0131 I\u015f\u0131k Ko\u015faner&#8217;in bulunup bulunmad\u0131\u011f\u0131 bilinmiyor.<\/p>\n<p style=\"text-align: justify;\">TSK\u2019da iki adet Gulfstream G550 u\u00e7a\u011f\u0131 bulunuyor. Bunlardan biri Genelkurmay Ba\u015fkan\u0131\u2019n\u0131n 09-001 kuyruk numaral\u0131 u\u00e7a\u011f\u0131.  Di\u011feri ise kuvvet komutanlar\u0131na tahsis edilmi\u015f durumda. Ba\u015fbakan ve Cumhurba\u015fkan\u0131 da TC-DAP isimli ayn\u0131 model u\u00e7aktan kullan\u0131yor.<\/p>\n<p style=\"text-align: justify;\"><strong>KARARGAH G\u0130B\u0130 U\u00c7AK<\/strong><\/p>\n<p style=\"text-align: justify;\">Amerikan havac\u0131l\u0131k \u015firketi Gulfstream&#8217;in \u00fcretimi olan &#8220;Gulfstream V&#8221; serisi jetler g\u00fc\u00e7l\u00fc motorlar\u0131 sayesinde k\u0131sa s\u00fcrede 16 bin metreye \u00e7\u0131kabiliyor. U\u00e7a\u011f\u0131n uzunlu\u011fu 29.4 metre, bo\u015f a\u011f\u0131rl\u0131\u011f\u0131 ise 21 ton. Bu u\u00e7a\u011f\u0131 kullananlar aras\u0131nda eski \u0130ngiltere Ba\u015fbakan\u0131 Tony Blair, Apple&#8217;\u0131n CEO&#8217;su Steve Jobs da var.<\/p>\n<p style=\"text-align: justify;\">Ancak Genelkurmay Ba\u015fkan\u0131, Gulfstream V serisinin y\u00fcksek korumal\u0131 Gulfstream G550 model u\u00e7a\u011f\u0131n\u0131 kullan\u0131yor. U\u00e7aklar olas\u0131 bir sald\u0131r\u0131 an\u0131nda \u201cflare\u201d (\u0131s\u0131 topu) atarak kendisine y\u00f6nelen f\u00fczeleri bertaraf ediyor.<\/p>\n<p style=\"text-align: justify;\">G\u00fcvenlik \u00f6nlemleri sayesinde acil durumlarda karargah g\u00f6revi g\u00f6r\u00fcyor. T\u00fcrkiye\u2019den ABD\u2019ye aral\u0131ks\u0131z u\u00e7abilen jetin fiyat\u0131 50 milyon dolardan ba\u015fl\u0131yor.<\/p>\n<p style=\"text-align: justify;\"><strong>16 SAAT L\u0130BYA&#8217;YI TAK\u0130P ED\u0130YOR<\/strong><\/p>\n<p style=\"text-align: justify;\">Libya&#8217;ya d\u00fczenlenen hava harek\u00e2t\u0131nda askeri u\u00e7aklar\u0131n hareketlerini saniyesi saniyesine bildiren Twitter hesab\u0131n\u0131n 11 binden fazla takip\u00e7isi var. &#8220;Huub&#8221; kod ad\u0131n\u0131 kullanan eski asker, g\u00fcn\u00fcn\u00fcn 16 saatini NATO frekanslar\u0131n\u0131, u\u00e7ak telsizlerini hack&#8217;leyip dinleyerek ge\u00e7iriyor.<\/p>\n<p style=\"text-align: justify;\">Wired dergisine e-posta ile verdi\u011fi r\u00f6portajda daha \u00f6nce Yugoslavya&#8217;n\u0131n eski lideri Slobodan Milosevi\u00e7&#8217;e ait u\u00e7a\u011f\u0131 ve CIA&#8217;n\u0131n gizli u\u00e7u\u015flar\u0131n\u0131 da tespit etti\u011fini a\u00e7\u0131klad\u0131. Wired dergisi &#8220;Huub&#8221;un t\u00fcm bunlar\u0131 500 dolarl\u0131k s\u0131radan bir taray\u0131c\u0131 ile yapabilece\u011fini s\u00f6yl\u00fcyor.<\/p>\n<p style=\"text-align: justify;\">Ancak eski askere u\u00e7aklarla ilgili bilgileri an\u0131nda payla\u015farak operasyonu tehlikeye d\u00fc\u015f\u00fcrd\u00fc\u011f\u00fc y\u00f6n\u00fcnde ele\u015ftiriler de geliyor.<\/p>\n<p style=\"text-align: justify;\"><strong>TSK YALANLADI<\/strong><\/p>\n<p style=\"text-align: justify;\">Genelkurmay Ba\u015fkanl\u0131\u011f\u0131, bug\u00fcn Milliyet gazetesinde yay\u0131mlanan &#8221;09-001&#8217;in S\u0131rr\u0131&#8221; ba\u015fl\u0131kl\u0131 haberin &#8221;tamam\u0131yla ger\u00e7ek d\u0131\u015f\u0131&#8221; oldu\u011funu bildirdi.<\/p>\n<p style=\"text-align: justify;\">Genelkurmay Ba\u015fkanl\u0131\u011f\u0131 internet sitesinde yer alan a\u00e7\u0131klama \u015f\u00f6yle:<\/p>\n<p style=\"text-align: justify;\">&#8221;Gazetede yer alan haberde, m\u00fcttefiklerin telsiz konu\u015fmalar\u0131n\u0131 dinleyen Hollandal\u0131 bir eski istihbarat\u00e7\u0131n\u0131n Libya semalar\u0131ndaki askeri u\u00e7aklar\u0131n listesini yay\u0131nlad\u0131\u011f\u0131 ve bu listede T\u00fcrk Genelkurmay\u0131na ait 09-001 kuyruk numaral\u0131 jet u\u00e7a\u011f\u0131n\u0131n da oldu\u011fu ifade edilmektedir.<\/p>\n<p style=\"text-align: justify;\">Haber tamam\u0131yla ger\u00e7ek d\u0131\u015f\u0131d\u0131r.&#8221;<\/p>\n<p style=\"text-align: justify;\"><a href=\"http:\/\/www.gazeteport.com.tr\/GUNCEL\/NEWS\/GP_879503\" target=\"_blank\">Kaynak : GAZETEPORT<\/a><\/p>\n","protected":false},"excerpt":{"rendered":"<p style=\"text-align: justify;\">\n<p style=\"text-align: justify;\">Libya hava sahas\u0131ndaki askeri u\u00e7aklar\u0131n telsiz konu\u015fmalar\u0131n\u0131 \u2018hack\u2019leyen bir asker d\u00fcn bir T\u00fcrk u\u00e7a\u011f\u0131n\u0131n da ilk kez bu \u00fclke semalar\u0131nda g\u00f6r\u00fcld\u00fc\u011f\u00fcn\u00fc ortaya \u00e7\u0131kard\u0131.<\/p>\n<p style=\"text-align: justify;\">Ancak Genelkurmay Ba\u015fkanl\u0131\u011f\u0131 bir a\u00e7\u0131klama yaparak iddialar\u0131 yalanlad\u0131.<\/p>\n","protected":false},"author":1,"featured_media":0,"comment_status":"open","ping_status":"closed","sticky":false,"template":"","format":"standard","meta":{"footnotes":""},"categories":[105],"tags":[],"class_list":["post-30089","post","type-post","status-publish","format-standard","hentry","category-gundem","odd"],"_links":{"self":[{"href":"http:\/\/www.korhanyilmaz.com\/index.php?rest_route=\/wp\/v2\/posts\/30089","targetHints":{"allow":["GET"]}}],"collection":[{"href":"http:\/\/www.korhanyilmaz.com\/index.php?rest_route=\/wp\/v2\/posts"}],"about":[{"href":"http:\/\/www.korhanyilmaz.com\/index.php?rest_route=\/wp\/v2\/types\/post"}],"author":[{"embeddable":true,"href":"http:\/\/www.korhanyilmaz.com\/index.php?rest_route=\/wp\/v2\/users\/1"}],"replies":[{"embeddable":true,"href":"http:\/\/www.korhanyilmaz.com\/index.php?rest_route=%2Fwp%2Fv2%2Fcomments&post=30089"}],"version-history":[{"count":0,"href":"http:\/\/www.korhanyilmaz.com\/index.php?rest_route=\/wp\/v2\/posts\/30089\/revisions"}],"wp:attachment":[{"href":"http:\/\/www.korhanyilmaz.com\/index.php?rest_route=%2Fwp%2Fv2%2Fmedia&parent=30089"}],"wp:term":[{"taxonomy":"category","embeddable":true,"href":"http:\/\/www.korhanyilmaz.com\/index.php?rest_route=%2Fwp%2Fv2%2Fcategories&post=30089"},{"taxonomy":"post_tag","embeddable":true,"href":"http:\/\/www.korhanyilmaz.com\/index.php?rest_route=%2Fwp%2Fv2%2Ftags&post=30089"}],"curies":[{"name":"wp","href":"https:\/\/api.w.org\/{rel}","templated":true}]}}