{"id":30084,"date":"2011-04-01T07:47:03","date_gmt":"2011-04-01T04:47:03","guid":{"rendered":"http:\/\/www.korhanyilmaz.com\/?p=30084"},"modified":"2011-04-01T07:47:03","modified_gmt":"2011-04-01T04:47:03","slug":"mit-raporunun-kilit-ismi","status":"publish","type":"post","link":"http:\/\/www.korhanyilmaz.com\/?p=30084","title":{"rendered":"Esrarengiz cinayet"},"content":{"rendered":"<p style=\"text-align: justify;\"><a href=\"http:\/\/www.korhanyilmaz.com\/wp-content\/uploads\/2011\/04\/419.jpg\"  class=\"lightview\"><img loading=\"lazy\" decoding=\"async\" class=\"aligncenter size-full wp-image-30085\" src=\"http:\/\/www.korhanyilmaz.com\/wp-content\/uploads\/2011\/04\/419.jpg\" alt=\"\" width=\"291\" height=\"241\" \/><\/a><\/p>\n<p style=\"text-align: justify;\">Birinci M\u0130T raporunun kilit isimlerinden, emekli M\u0130T mensubu Haluk Akter, esrarengiz bir cinayete kurban gitti. Akter\u2019in M\u0130T\u2019ten yak\u0131n arkada\u015f\u0131 olan Ferdi Tamer de, 1990 y\u0131l\u0131nda \u0130stanbul\u2019da \u00f6ld\u00fcr\u00fclm\u00fc\u015ft\u00fc.<\/p>\n<p style=\"text-align: justify;\">ANKARA- Turgut \u00d6zal\u2019\u0131n Ba\u015fbakanl\u0131\u011f\u0131 d\u00f6neminde ortaya \u00e7\u0131kan ve b\u00fcy\u00fck \u00e7alkant\u0131lara neden olan birinci M\u0130T raporunun kilit isimlerinden, emekli M\u0130T mensubu Haluk Akter, Bodrum\u2019da esrarengiz bir cinayete kurban gitti. Akter\u2019in yak\u0131n arkada\u015f\u0131 olan emekli M\u0130T g\u00f6revlisi Ferdi Tamer de, 1990 y\u0131l\u0131nda \u0130stanbul\u2019da \u00f6ld\u00fcr\u00fclm\u00fc\u015ft\u00fc. <!--more--><\/p>\n<p style=\"text-align: justify;\">Mu\u011fla\u2019n\u0131n Bodrum il\u00e7esinde meydana gelen olayda \u00f6nce evinin banyosunda tabancayla intihar etti\u011fi san\u0131lan 63 ya\u015f\u0131ndaki Haluk Akter&#8217;in, yap\u0131lan otopsisinde ba\u015f\u0131nda \u00fc\u00e7 kur\u015fun deli\u011fine rastland\u0131. Olay\u0131n cinayet oldu\u011fu kesinle\u015firken, kur\u015funlardan ikisinin Akter\u2019in ensesinden birinin de \u015faka\u011f\u0131ndan girdi\u011fi belirlendi.  Emekli olduktan sonra bir s\u00fcre S\u00f6z Gazetesi ve Nokta Dergisinde gazetecilik yap\u0131p, Bodrum Yal\u0131kavak beldesine yerle\u015fen ve yaln\u0131z ya\u015fayan Akter, bir g\u00fcvenlik \u015firketi de kurmu\u015ftu.<\/p>\n<p style=\"text-align: justify;\"><strong>\u00dcNL\u00dc M\u0130T RAPORU<\/strong><\/p>\n<p style=\"text-align: justify;\">1987 y\u0131l\u0131nda ortaya \u00e7\u0131kan M\u0130T raporu, \u2018\u2019Polis-mafya-siyaset\u2019\u2019 ili\u015fkilerini g\u00fcndeme getirmi\u015f,. M\u0130T Ar\u015fiv-Sorgu M\u00fcd\u00fcr\u00fc Ferdi Tamer ile M\u0130T mensubu Haluk Akter\u2019in de, o d\u00f6nem raporla ilgili telefon konu\u015fmalar\u0131 medyaya yans\u0131y\u0131nca, Ba\u015fbakanl\u0131k Tefti\u015f Kurulu geni\u015f kapsaml\u0131 bir soru\u015fturma yapm\u0131\u015ft\u0131.<\/p>\n<p style=\"text-align: justify;\">Daha sonra raporu yazan M\u0130T g\u00f6revlisi Mehmet Eym\u00fcr\u2019\u00fcn yan\u0131 s\u0131ra, Hiram Abas ve Korkut Eken de g\u00f6revden uzakla\u015ft\u0131r\u0131lm\u0131\u015f, rapora katk\u0131 verdi\u011fi \u00f6ne s\u00fcr\u00fclen Emniyet Genel M\u00fcd\u00fcrl\u00fc\u011f\u00fc Ka\u00e7ak\u00e7\u0131l\u0131k Daire Ba\u015fkan\u0131 Atilla Aytek de, T\u00fcrkiye\u2019de ka\u00e7ak\u00e7\u0131l\u0131k olaylar\u0131n\u0131n en az g\u00f6r\u00fcld\u00fc\u011f\u00fc il olan Eski\u015fehir\u2019e tayin edilmi\u015fti.<\/p>\n<p style=\"text-align: justify;\">Ferdi Tamer ise, M\u0130T\u2019ten emekli olduktan sonra \u0130stanbul \u00dcsk\u00fcdar\u2019da \u00f6nce bir manav ard\u0131ndan da t\u00fcpgaz bayii a\u00e7m\u0131\u015f,18 Aral\u0131k 1990 g\u00fcn\u00fc de d\u00fckkan\u0131nda u\u011frad\u0131\u011f\u0131 sald\u0131r\u0131 sonucu \u00f6ld\u00fcr\u00fclm\u00fc\u015ft\u00fc.<\/p>\n<p style=\"text-align: justify;\"><a href=\"http:\/\/www.gazeteport.com.tr\/GUNCEL\/NEWS\/GP_879275\" target=\"_blank\">Kaynak : GAZETEPORT<\/a><\/p>\n","protected":false},"excerpt":{"rendered":"<p style=\"text-align: justify;\">\n<p style=\"text-align: justify;\">Birinci M\u0130T raporunun kilit isimlerinden, emekli M\u0130T mensubu Haluk Akter, esrarengiz bir cinayete kurban gitti. Akter\u2019in M\u0130T\u2019ten yak\u0131n arkada\u015f\u0131 olan Ferdi Tamer de, 1990 y\u0131l\u0131nda \u0130stanbul\u2019da \u00f6ld\u00fcr\u00fclm\u00fc\u015ft\u00fc.<\/p>\n<p style=\"text-align: justify;\">ANKARA- Turgut \u00d6zal\u2019\u0131n Ba\u015fbakanl\u0131\u011f\u0131 d\u00f6neminde ortaya \u00e7\u0131kan ve b\u00fcy\u00fck \u00e7alkant\u0131lara neden olan birinci M\u0130T raporunun kilit isimlerinden, emekli M\u0130T mensubu Haluk <\/p>\n","protected":false},"author":1,"featured_media":0,"comment_status":"open","ping_status":"closed","sticky":false,"template":"","format":"standard","meta":{"footnotes":""},"categories":[105],"tags":[],"class_list":["post-30084","post","type-post","status-publish","format-standard","hentry","category-gundem","odd"],"_links":{"self":[{"href":"http:\/\/www.korhanyilmaz.com\/index.php?rest_route=\/wp\/v2\/posts\/30084","targetHints":{"allow":["GET"]}}],"collection":[{"href":"http:\/\/www.korhanyilmaz.com\/index.php?rest_route=\/wp\/v2\/posts"}],"about":[{"href":"http:\/\/www.korhanyilmaz.com\/index.php?rest_route=\/wp\/v2\/types\/post"}],"author":[{"embeddable":true,"href":"http:\/\/www.korhanyilmaz.com\/index.php?rest_route=\/wp\/v2\/users\/1"}],"replies":[{"embeddable":true,"href":"http:\/\/www.korhanyilmaz.com\/index.php?rest_route=%2Fwp%2Fv2%2Fcomments&post=30084"}],"version-history":[{"count":0,"href":"http:\/\/www.korhanyilmaz.com\/index.php?rest_route=\/wp\/v2\/posts\/30084\/revisions"}],"wp:attachment":[{"href":"http:\/\/www.korhanyilmaz.com\/index.php?rest_route=%2Fwp%2Fv2%2Fmedia&parent=30084"}],"wp:term":[{"taxonomy":"category","embeddable":true,"href":"http:\/\/www.korhanyilmaz.com\/index.php?rest_route=%2Fwp%2Fv2%2Fcategories&post=30084"},{"taxonomy":"post_tag","embeddable":true,"href":"http:\/\/www.korhanyilmaz.com\/index.php?rest_route=%2Fwp%2Fv2%2Ftags&post=30084"}],"curies":[{"name":"wp","href":"https:\/\/api.w.org\/{rel}","templated":true}]}}