{"id":30079,"date":"2011-04-01T07:40:48","date_gmt":"2011-04-01T04:40:48","guid":{"rendered":"http:\/\/www.korhanyilmaz.com\/?p=30079"},"modified":"2011-04-01T07:40:48","modified_gmt":"2011-04-01T04:40:48","slug":"once-yilmazer-sonra-oz","status":"publish","type":"post","link":"http:\/\/www.korhanyilmaz.com\/?p=30079","title":{"rendered":"\u00d6nce Y\u0131lmazer, sonra \u00d6z&#8230;"},"content":{"rendered":"<p style=\"text-align: justify;\"><a href=\"http:\/\/www.korhanyilmaz.com\/wp-content\/uploads\/2011\/04\/418.jpg\"  class=\"lightview\"><img loading=\"lazy\" decoding=\"async\" class=\"aligncenter size-full wp-image-30080\" src=\"http:\/\/www.korhanyilmaz.com\/wp-content\/uploads\/2011\/04\/418.jpg\" alt=\"\" width=\"427\" height=\"226\" \/><\/a><\/p>\n<p style=\"text-align: justify;\">\u00d6nce Ergenekon soru\u015fturmas\u0131n\u0131n kilit ismi Y\u0131lmazer\u2019in g\u00f6revden al\u0131nmas\u0131 , ard\u0131ndan da Savc\u0131 \u00d6z\u2019\u00fcn soru\u015fturmadan el \u00e7ektirilmesi, bu dava ve soru\u015fturma y\u00f6ntemine gelen ele\u015ftirilerin yans\u0131mas\u0131 olarak alg\u0131lan\u0131yor..<!--more--><\/p>\n<p style=\"text-align: justify;\">ANKARA- Ergenekon soru\u015fturmas\u0131n\u0131 y\u00fcr\u00fcten Savc\u0131 Zekeriya \u00d6z\u2019e \u2018\u2019Terfi ettirilerek tenzili r\u00fctbe\u2019\u2019 yap\u0131lmas\u0131 ve \u00f6zel yetkilerinin sona erdirilmesi, bu davayla ilgili \u2018\u2019Konsept de\u011fi\u015fikli\u011fi\u2019\u2019 tart\u0131\u015fmalar\u0131n\u0131 da g\u00fcndeme getirdi.<\/p>\n<p style=\"text-align: justify;\">\u00d6nce Ergenekon soru\u015fturmas\u0131n\u0131n kilit ismi Ali Fuat Y\u0131lmazer\u2019in, \u0130stihbarattan Sorumlu Emniyet M\u00fcd\u00fcr Yard\u0131mc\u0131l\u0131\u011f\u0131 g\u00f6revinden al\u0131nmas\u0131, ard\u0131ndan da Savc\u0131 \u00d6z\u2019\u00fcn Ergenekon soru\u015fturmas\u0131ndan el \u00e7ektirilmesi, bu dava ve soru\u015fturma y\u00f6ntemine gelen ele\u015ftirilerin yans\u0131mas\u0131 olarak alg\u0131lan\u0131yor..<\/p>\n<p style=\"text-align: justify;\"><strong>SAYLAN, K\u0130TAP VE SEHVEN<\/strong><\/p>\n<p style=\"text-align: justify;\">Yarg\u0131 \u00e7evreleri, \u00fc\u00e7 y\u0131ld\u0131r devam eden Ergenekon davas\u0131 ve operasyonlar\u0131n k\u0131r\u0131lma noktas\u0131n\u0131n \u2018\u2019T\u00fcrkan Saylan bask\u0131n\u0131, kitap operasyonu ve sehven telefon y\u00fcklemesi\u2019\u2019 oldu\u011fu belirtilirken, bu olaylar\u0131n b\u00fcy\u00fck tepki g\u00f6rmesi \u00fczerine, \u00f6nce Y\u0131lmazer, ard\u0131ndan da \u00d6z ile ilgili tasarrufta bulunuldu\u011funu belirttiler.<\/p>\n<p style=\"text-align: justify;\">T\u00fcrkan Saylan, Ahmet \u015e\u0131k ve Nedim \u015eener\u2019in operasyona dahil edilmesi, yay\u0131nlanmam\u0131\u015f bir kitab\u0131n, bilgisayar kopyalar\u0131n\u0131 silinmesi, polisin de bu davada yarg\u0131lanan bir te\u011fmenin telefon fihristine farkl\u0131 numaralar y\u00fcklenip \u2018\u2019Sehven\u2019\u2019 a\u00e7\u0131klamalar\u0131, Ergenekon\u2019da en \u00e7ok ele\u015ftirilen ad\u0131mlar oldu.<\/p>\n<p style=\"text-align: justify;\">Bu geli\u015fmeler sonras\u0131, AB ile ili\u015fkilerin olumsuz etkilenirken, bas\u0131n \u00f6zg\u00fcrl\u00fc\u011f\u00fc de sorgulanmaya ba\u015fland\u0131. \u2018\u2019Sehven y\u00fckleme\u2019\u2019 \u015e\u0131k ve \u015eener olay\u0131n\u0131n hemen ard\u0131ndan  Y\u0131lmazer\u2019in g\u00f6revden al\u0131nmas\u0131 da, buna bir tepki olarak yorumland\u0131. \u00d6zellikle \u015eener\u2019in telefonlar\u0131n\u0131n 2 y\u0131ld\u0131r dinlendi\u011finin ortaya \u00e7\u0131kmas\u0131, Hrant Dink olay\u0131nda Y\u0131lmazer\u2019i ele\u015ftiren kitab\u0131n\u0131 da g\u00fcndeme getirimi\u015fti.<\/p>\n<p style=\"text-align: justify;\"><strong>H\u00dcK\u00dcMET ONAY VERD\u0130<\/strong><\/p>\n<p style=\"text-align: justify;\">\u2018\u2019\u0130mam\u0131n Ordusu\u2019\u2019 isimli bas\u0131lmam\u0131\u015f kitab\u0131n t\u00fcm n\u00fcshalar\u0131n\u0131n \u00d6z\u2019\u00fcn talebiyle \u2018\u2019\u00d6rg\u00fct dok\u00fcman\u0131\u2019\u2019 gerek\u00e7esiyle toplat\u0131lmas\u0131 tepkileri b\u00fcy\u00fct\u00fcrken, \u015e\u0131k ve \u015eener\u2019in gazetecilik faaliyetleri nedeniyle tutukland\u0131\u011f\u0131 y\u00f6n\u00fcndeki kan\u0131 da g\u00fc\u00e7lendi.<\/p>\n<p style=\"text-align: justify;\">Adalet Bakanl\u0131\u011f\u0131 eski M\u00fcste\u015far yard\u0131mc\u0131s\u0131 ve HSYK 1. Daire Ba\u015fkan\u0131 \u0130brahim Okur\u2019un, son kararname tasla\u011f\u0131nda yer almamas\u0131na ra\u011fmen Ergenekon savc\u0131lar\u0131 Zekeriya \u00d6z ve Ercan \u015eafak\u2019\u0131n g\u00f6rev yerinin de\u011fi\u015ftirilmesini \u00f6nermesi bu, kararda h\u00fck\u00fcmetin de onay\u0131 oldu\u011fu yorumuna yol a\u00e7t\u0131.<\/p>\n<p style=\"text-align: justify;\">\u00d6z ve \u015eafak, Ergenekon soru\u015fturmas\u0131ndan al\u0131n\u0131rken ayn\u0131 zamanda terfi ettirilerek, gelecek ele\u015ftiriler de engellenmeye \u00e7al\u0131\u015f\u0131ld\u0131. Y\u0131lmazer\u2019den sonra \u00d6z\u2019\u00fcn de g\u00f6rev yerinin de\u011fi\u015ftirilmesinin, Ergenekon soru\u015fturmas\u0131n\u0131n \u2018\u2019Ray\u0131ndan \u00e7\u0131kt\u0131\u011f\u0131\u2019\u2019 iddialar\u0131n\u0131 kar\u015f\u0131lamaya y\u00f6nelik bir tasarruf oldu\u011fu da belirtiliyor.<\/p>\n<p style=\"text-align: justify;\"><a href=\"http:\/\/www.gazeteport.com.tr\/GUNCEL\/NEWS\/GP_879282\" target=\"_blank\">Kaynak : GAZETEPORT<\/a><\/p>\n","protected":false},"excerpt":{"rendered":"<p style=\"text-align: justify;\">\n<p style=\"text-align: justify;\">\u00d6nce Ergenekon soru\u015fturmas\u0131n\u0131n kilit ismi Y\u0131lmazer\u2019in g\u00f6revden al\u0131nmas\u0131 , ard\u0131ndan da Savc\u0131 \u00d6z\u2019\u00fcn soru\u015fturmadan el \u00e7ektirilmesi, bu dava ve soru\u015fturma y\u00f6ntemine gelen ele\u015ftirilerin yans\u0131mas\u0131 olarak alg\u0131lan\u0131yor..<\/p>\n","protected":false},"author":1,"featured_media":0,"comment_status":"open","ping_status":"closed","sticky":false,"template":"","format":"standard","meta":{"footnotes":""},"categories":[105],"tags":[],"class_list":["post-30079","post","type-post","status-publish","format-standard","hentry","category-gundem","odd"],"_links":{"self":[{"href":"http:\/\/www.korhanyilmaz.com\/index.php?rest_route=\/wp\/v2\/posts\/30079","targetHints":{"allow":["GET"]}}],"collection":[{"href":"http:\/\/www.korhanyilmaz.com\/index.php?rest_route=\/wp\/v2\/posts"}],"about":[{"href":"http:\/\/www.korhanyilmaz.com\/index.php?rest_route=\/wp\/v2\/types\/post"}],"author":[{"embeddable":true,"href":"http:\/\/www.korhanyilmaz.com\/index.php?rest_route=\/wp\/v2\/users\/1"}],"replies":[{"embeddable":true,"href":"http:\/\/www.korhanyilmaz.com\/index.php?rest_route=%2Fwp%2Fv2%2Fcomments&post=30079"}],"version-history":[{"count":0,"href":"http:\/\/www.korhanyilmaz.com\/index.php?rest_route=\/wp\/v2\/posts\/30079\/revisions"}],"wp:attachment":[{"href":"http:\/\/www.korhanyilmaz.com\/index.php?rest_route=%2Fwp%2Fv2%2Fmedia&parent=30079"}],"wp:term":[{"taxonomy":"category","embeddable":true,"href":"http:\/\/www.korhanyilmaz.com\/index.php?rest_route=%2Fwp%2Fv2%2Fcategories&post=30079"},{"taxonomy":"post_tag","embeddable":true,"href":"http:\/\/www.korhanyilmaz.com\/index.php?rest_route=%2Fwp%2Fv2%2Ftags&post=30079"}],"curies":[{"name":"wp","href":"https:\/\/api.w.org\/{rel}","templated":true}]}}