{"id":30069,"date":"2011-04-01T08:25:15","date_gmt":"2011-04-01T05:25:15","guid":{"rendered":"http:\/\/www.korhanyilmaz.com\/?p=30069"},"modified":"2011-04-01T08:25:15","modified_gmt":"2011-04-01T05:25:15","slug":"tum-turkiye-izleniyor","status":"publish","type":"post","link":"http:\/\/www.korhanyilmaz.com\/?p=30069","title":{"rendered":"&#8220;T\u00fcm T\u00fcrkiye izleniyor&#8221;"},"content":{"rendered":"<p style=\"text-align: center;\"><a href=\"http:\/\/www.korhanyilmaz.com\/wp-content\/uploads\/2011\/04\/415.jpg\"  class=\"lightview\"><img loading=\"lazy\" decoding=\"async\" class=\"aligncenter size-full wp-image-30072\" src=\"http:\/\/www.korhanyilmaz.com\/wp-content\/uploads\/2011\/04\/415.jpg\" alt=\"\" width=\"414\" height=\"221\" \/><\/a><\/p>\n<p style=\"text-align: justify;\">Trabzon savc\u0131l\u0131\u011f\u0131nca yeniden ba\u015flat\u0131lan soru\u015fturma kapsam\u0131nda ifade veren Emniyet Ba\u015fm\u00fcfetti\u015fi Levent Yar\u0131mel, telekulak konusunda b\u00fcy\u00fck bir if\u015faatta bulundu: Emniyet, T\u00fcrkiye\u2019de ya\u015fayan herkesin g\u00f6r\u00fc\u015fme kay\u0131tlar\u0131na ili\u015fkin bilgileri tutuyor, istedi\u011fi kayd\u0131 silip de\u011fi\u015ftirebiliyor.<!--more--><\/p>\n<p style=\"text-align: justify;\">\u0130STANBUL &#8211; Hrant Dink\u2019in \u00f6ld\u00fcr\u00fclmesinde \u0130stanbul Emniyet M\u00fcd\u00fcrl\u00fc\u011f\u00fc g\u00f6revlilerinin ihmali olup olmad\u0131\u011f\u0131na ili\u015fkin soru\u015fturma raporu d\u00fczenleyen Emniyet Ba\u015fm\u00fcfetti\u015fi Levent Yar\u0131mel, Trabzon Cumhuriyet Ba\u015fsavc\u0131l\u0131\u011f\u0131\u2019nca yeniden a\u00e7\u0131lan soru\u015fturma kapsam\u0131nda ifade verdi.<\/p>\n<div id=\"attachment_30070\" style=\"width: 234px\" class=\"wp-caption alignleft\"><a title=\"Emniyet Ba\u015fm\u00fcfetti\u015fi Levent Yar\u0131mel, \" href=\"http:\/\/www.korhanyilmaz.com\/wp-content\/uploads\/2011\/04\/416.jpg\"  class=\"lightview\"><img loading=\"lazy\" decoding=\"async\" aria-describedby=\"caption-attachment-30070\" class=\"size-full wp-image-30070 \" style=\"margin-left: 10px; margin-right: 10px;\" title=\"Emniyet Ba\u015fm\u00fcfetti\u015fi Levent Yar\u0131mel, \" src=\"http:\/\/www.korhanyilmaz.com\/wp-content\/uploads\/2011\/04\/416.jpg\" alt=\"\" width=\"224\" height=\"168\" \/><\/a><p id=\"caption-attachment-30070\" class=\"wp-caption-text\">Emniyet Ba\u015fm\u00fcfetti\u015fi Levent Yar\u0131mel<\/p><\/div>\n<p style=\"text-align: justify;\">Savc\u0131ya polisin telefon detay kay\u0131tlar\u0131na ili\u015fkin sistemini anlatan Yar\u0131mel, b\u00f6ylece telekulak konusunda b\u00fcy\u00fck bir if\u015faatta bulunmu\u015f oldu. Ba\u015fm\u00fcfetti\u015f, Ankara Cumhuriyet Ba\u015fsavc\u0131l\u0131\u011f\u0131\u2019nda talimatla verdi\u011fi ifadede Emniyet \u0130stihbarat Dairesi Ba\u015fkanl\u0131\u011f\u0131\u2019nda kurulan sistemle ilgili \u00e7arp\u0131c\u0131 bilgiler verdi:<\/p>\n<p style=\"text-align: justify;\"><strong>BAZI POL\u0130SLERE \u015e\u0130FRE<\/strong><\/p>\n<p style=\"text-align: justify;\">\u201c\u0130stihbarat Daire Ba\u015fkanl\u0131\u011f\u0131nda bulunan bilgisayar sistemleri \u00fczerinde \u00fclkemizde bulunan t\u00fcm telefon \u015firketlerine ait (Telekom, Turkcell, Avea, Vodafone, ara\u00e7 telefonu vb) telefon adres kay\u0131tlar\u0131n\u0131n, telefon g\u00f6r\u00fc\u015fme detaylar\u0131n\u0131n, telefonun bulundu\u011fu yer, (HTS) bilgileri tutuluyor. Ba\u015fkanl\u0131kta ve (81) ilde g\u00f6rev yapan istihbarat personelinden ba\u015fkanl\u0131k\u00e7a \u015fifre verilenler, \u015fifresi ile istihbarat dairesi ba\u015fkanl\u0131\u011f\u0131ndaki bilgisayar sistemine ba\u011flanarak bir telefon numaras\u0131n\u0131n, adresini, kimleri aram\u0131\u015f, kimler aram\u0131\u015f, telefonun nerede (HTS) oldu\u011funun sorgulanmas\u0131n\u0131, Telefon Detay\u0131 Sorgulamas\u0131 denir.<\/p>\n<p style=\"text-align: justify;\">Vatan gazetesinin haberine g\u00f6re, g\u00fcvenlik amac\u0131yla kimin, hangi numaray\u0131, hangi tarih ve saatte inceledi\u011finin tutulmas\u0131na \u201c(LOG) kay\u0131tlar\u0131\u201d denir. Bu sistemlere \u015fifresi ile ba\u011flanan personel, tutulan (LOG) kay\u0131tlar\u0131n\u0131n tarihini, kimin hangi numaray\u0131 sorgulad\u0131\u011f\u0131n\u0131 de\u011fi\u015ftiremez ve de\u011fi\u015ftirmesi de m\u00fcmk\u00fcn de\u011fildir.\u201d<\/p>\n<p style=\"text-align: justify;\"><strong>B\u0130LG\u0130LER S\u0130L\u0130NEB\u0130L\u0130YOR<\/strong><\/p>\n<p style=\"text-align: justify;\">\u201c\u00d6rne\u011fin Emniyet Genel M\u00fcd\u00fcrl\u00fc\u011f\u00fc Bilgi \u0130\u015flem Dairesi b\u00fcnyesinde bulunan POLNET VE EGM\u0130NTERNET a\u011f\u0131na g\u00f6rev yapt\u0131\u011f\u0131 hizmet birimlerinde bulunann bilgisayarlarla \u015fifresi ile ba\u011flant\u0131 kuran personelin kulland\u0131\u011f\u0131 bilgisayar\u0131n sistem tarihi ve saatini de\u011fi\u015ftirme yetkisi yoktur. \u0130stihbarat Dairesi Ba\u015fkanl\u0131\u011f\u0131\u2019ndaki bilgisayar sistemlerine ba\u011flanan istihbarat personelinin de \u00f6rnekte izah edildi\u011fi gibi tarih ve saati de\u011fi\u015ftirme yetkisi yoktur. \u00c7\u00fcnk\u00fc b\u00f6yle bir yetki t\u00fcm personele verilmi\u015f olsayd\u0131 kay\u0131tlar\u0131n tarih ve saatinde de\u011fi\u015fiklikler oldu\u011funda bir telefon numaras\u0131n\u0131 birden \u00e7ok personel sorgulad\u0131\u011f\u0131nda hata yapan personelin tespiti zor olacak ve kay\u0131tlar\u0131n tutulmas\u0131n\u0131n da bir amac\u0131 olmayacakt\u0131. Ancak \u0130stihbarat Dairesi Ba\u015fkanl\u0131\u011f\u0131nda bilgisayar sistemlerinde g\u00f6revli olan personel, bu kay\u0131tlar\u0131 de\u011fi\u015ftirebilir ve silebilir.\u201d<\/p>\n<p style=\"text-align: justify;\"><strong>JANDARMA\u2019NIN \u0130ZN\u0130 \u0130PTAL ED\u0130LD\u0130<\/strong><\/p>\n<p style=\"text-align: justify;\">Mahkeme 25 Nisan 2007\u2019den itibaren 3\u2019er ay s\u00fcreyle bu izni uzatm\u0131\u015ft\u0131. Jandarma ve M\u0130T\u2019in de benzer kararlar ald\u0131\u011f\u0131 sonradan ortaya \u00e7\u0131kt\u0131. Telekom\u00fcnikasyon \u0130leti\u015fim Ba\u015fkanl\u0131\u011f\u0131\u2019n\u0131n Jandarma\u2019ya verilen yetkinin kald\u0131r\u0131lmas\u0131 i\u00e7in Adalet Bakanl\u0131\u011f\u0131\u2019na ba\u015fvurdu. Bakanl\u0131k \u2018kanun yarar\u0131na\u2019 bozma talebiyle karar\u0131 Yarg\u0131tay\u2019a g\u00f6t\u00fcrd\u00fc. 9. Ceza Dairesi, 4 Haziran 2008\u2019de Jandarma\u2019ya verilen yetkiyi kald\u0131rd\u0131 ve \u2018Hi\u00e7bir kuruma demokratik bir hukuk devleti olan T\u00fcrkiye Cumhuriyeti\u2019nde ya\u015fayan insanlar \u015f\u00fcpheli g\u00f6r\u00fclerek \u00fclke genelini kapsayacak \u015fekilde yetki verilemeyece\u011fini\u2019 belirtti. Ancak , bakanl\u0131k emniyetin ayn\u0131 y\u00f6ndeki iznini kald\u0131rmak i\u00e7in Yarg\u0131tay\u2019a ba\u015fvurmad\u0131. Bu sistemin y\u00fcr\u00fct\u00fcld\u00fc\u011f\u00fc, Polis M\u00fcfetti\u015fi Levent Yar\u0131mel\u2019in ifadeleriyle ortaya \u00e7\u0131km\u0131\u015f oldu.<\/p>\n<p style=\"text-align: justify;\"><strong>HRANT D\u0130NK HAR\u0130\u00c7&#8230;<\/strong><\/p>\n<p style=\"text-align: justify;\">Ba\u015fm\u00fcfetti\u015f Yar\u0131mel\u2019in ifadesi, Dink suikast\u0131ndaki ihmaller zincirini de g\u00f6zler \u00f6n\u00fcne serdi.<\/p>\n<p style=\"text-align: justify;\">Hrant Dink cinayetinde \u0130stanbul Emniyeti\u2019nin kusurlar\u0131n\u0131 ara\u015ft\u0131rmak \u00fczere rapor haz\u0131rlayan polis ba\u015fm\u00fcfetti\u015fi Levent Yar\u0131mel, Trabzon Ba\u015fsavc\u0131l\u0131\u011f\u0131\u2019n\u0131n Rize A\u011f\u0131r Ceza Mahkemesi\u2019nin karar\u0131yla yeniden a\u00e7t\u0131\u011f\u0131 soru\u015fturmada verdi\u011fi ifadede \u015fok su\u00e7lamalarda bulundu.<\/p>\n<p style=\"text-align: justify;\">\u0130fadesinde Trabzon ve \u0130stanbul Emniyeti ile \u0130stihbarat Daire Ba\u015fkanl\u0131\u011f\u0131 yetkililerinin kusur ve ihmallerini s\u0131ralayan Yar\u0131mel, ayr\u0131ca polis ekipleri aras\u0131ndaki \u00e7eki\u015fmeye ili\u015fkin de \u00f6nemli bir iddiay\u0131 g\u00fcndeme getirdi.<\/p>\n<p style=\"text-align: justify;\">Ba\u015fm\u00fcfetti\u015f, istihbarat hizmetlerinde \u00e7al\u0131\u015ft\u0131\u011f\u0131 d\u00f6nemmlerde yard\u0131mc\u0131 istihbarat elemanlar\u0131ndan \u015fah\u0131slara y\u00f6nelik y\u00fczlerce eylem istihbarat\u0131 ald\u0131klar\u0131n\u0131 ve istihbarat metot ve tekniklerini kullanarak bu eylemlerin ger\u00e7ekle\u015fmesinin \u201ctamam\u0131n\u0131\u201d \u00f6nlediklerini de s\u00f6yledi.<\/p>\n<p style=\"text-align: justify;\"><strong>HAYAL&#8217;\u0130N KAYITLARI S\u0130L\u0130ND\u0130<\/strong><\/p>\n<p style=\"text-align: justify;\">Yar\u0131mel, \u0130stihbarat Daire Ba\u015fkanl\u0131\u011f\u0131\u2019n\u0131n, \u0130stanbul Emniyeti\u2019nin cinayetten bir y\u0131l \u00f6nce Yasin Hayal\u2019in eylem yapaca\u011f\u0131na ili\u015fkin istihbarat \u00fczerine telefon sorgulamas\u0131 yapt\u0131\u011f\u0131n\u0131 g\u00f6steren LOG kay\u0131tlar\u0131n\u0131 sildi\u011fini iddia etti: \u201cBana, \u0130stanbul \u0130stihbarat \u015eubesi\u2019nin cinayetin azmettiricisi olarak yarg\u0131lanan Yasin Hayal\u2019e ait telefon numaras\u0131n\u0131n karde\u015fi Osman Hayal\u2019e ait telefon numaras\u0131 ile irtibatl\u0131 oldu\u011fu, bu telefonun da \u00dcmraniye\u2019de bir f\u0131r\u0131n\u0131 adres g\u00f6sterdi\u011fi, ancak bu f\u0131r\u0131nda yap\u0131lan aramada Osman Hayal\u2019in tespit edilemedi\u011fine ili\u015fkin \u00e7al\u0131\u015fmalar yap\u0131ld\u0131\u011f\u0131 anlat\u0131ld\u0131. Buna ra\u011fmen ba\u015fm\u00fcfetti\u015f \u015e\u00fckr\u00fc Y\u0131ld\u0131z\u2019\u0131n 11 Mart 2008 tarihli raporunda, \u0130stihbarat Daire Ba\u015fkanl\u0131\u011f\u0131\u2019n\u0131n 6 Mart 2008 tarihli yaz\u0131s\u0131na dayanarak Osman Hayal\u2019in telefon numaras\u0131 hakk\u0131nda Trabzon\u2019dan yaz\u0131 g\u00f6nderildi\u011fi, 17 \u015eubat 2006 ile cinayet tarihleri aras\u0131nda herhangi bir sorgulama yap\u0131lmad\u0131\u011f\u0131, ilk sorgunun cinayetten 3 g\u00fcn sonra yani 22 Ocak 2007\u2019de yap\u0131ld\u0131\u011f\u0131 belirtildi.\u201d<\/p>\n<p style=\"text-align: justify;\"><strong>M\u00dcFETT\u0130\u015e\u0130 YANILTMAK \u0130\u00c7\u0130N&#8230;<\/strong><\/p>\n<p style=\"text-align: justify;\">\u201cAncak Yasin Hayal\u2019e ait telefonun sorgusunun yap\u0131ld\u0131\u011f\u0131na dair benim ve daha sonra da itiraz \u00fczerine atanan bilirki\u015fi Prof. Dr. Nizamettin Erduran\u2019\u0131n tespitleri var. Bu rapora g\u00f6re \u0130stanbul \u0130stihbarat \u015eubesi\u2019nin Yasin Hayal\u2019e ait telefonu 20 \u015eubat 2006\u2019da sorgulanm\u0131\u015f. Hangi polisin, hangi telefon numaras\u0131 hakk\u0131nda, ne zaman sorgulama yapt\u0131\u011f\u0131na ili\u015fkin bilgilerin tutuldu\u011fu LOG kay\u0131tlar\u0131n\u0131 sadece Ankara \u0130stihbarat Daire Ba\u015fkanl\u0131\u011f\u0131\u2019nda silinip de\u011fi\u015ftirilebilir.<\/p>\n<p style=\"text-align: justify;\">Bu durum \u0130stihbarat Daire Ba\u015fkanl\u0131\u011f\u0131\u2019n\u0131n Yasin Hayal\u2019in telefonunun telefon sorgusu (LOG) kay\u0131tlar\u0131n\u0131 sildi\u011fi ger\u00e7e\u011fini ortaya koymaktad\u0131r. Bu kay\u0131tlar\u0131n m\u00fcfetti\u015f soru\u015fturmalar\u0131n\u0131 veya bilirki\u015fi raporlar\u0131n\u0131n haz\u0131rland\u0131\u011f\u0131 d\u00f6nemde bilindi\u011fi kanaatindeyim. \u0130stihbarat Daire Ba\u015fkanl\u0131\u011f\u0131ndaki s\u0131ral\u0131 amirler emir vermedik\u00e7e bilgisayar sistemlerindeki LOG kay\u0131tlar\u0131 silinemez. Bu kay\u0131tlar\u0131n kim taraf\u0131ndan neden silindi\u011fi ara\u015ft\u0131r\u0131lmas\u0131 gereken bir husustur. \u015eahsi kanaatim, \u0130stihbarat Daire Ba\u015fkanl\u0131\u011f\u0131\u2019nun b\u00f6yle bir bilgi vermesinin m\u00fcfetti\u015fi yan\u0131ltmak i\u00e7in oldu\u011fu y\u00f6n\u00fcnde.\u201d<\/p>\n<p style=\"text-align: justify;\"><a href=\"http:\/\/www.gazeteport.com.tr\/GUNCEL\/NEWS\/GP_879510\" target=\"_blank\">Kaynak : GAZETEPORT<\/a><\/p>\n","protected":false},"excerpt":{"rendered":"<p style=\"text-align: center;\">\n<p style=\"text-align: justify;\">Trabzon savc\u0131l\u0131\u011f\u0131nca yeniden ba\u015flat\u0131lan soru\u015fturma kapsam\u0131nda ifade veren Emniyet Ba\u015fm\u00fcfetti\u015fi Levent Yar\u0131mel, telekulak konusunda b\u00fcy\u00fck bir if\u015faatta bulundu: Emniyet, T\u00fcrkiye\u2019de ya\u015fayan herkesin g\u00f6r\u00fc\u015fme kay\u0131tlar\u0131na ili\u015fkin bilgileri tutuyor, istedi\u011fi kayd\u0131 silip de\u011fi\u015ftirebiliyor.<\/p>\n","protected":false},"author":1,"featured_media":0,"comment_status":"open","ping_status":"closed","sticky":false,"template":"","format":"standard","meta":{"footnotes":""},"categories":[105],"tags":[],"class_list":["post-30069","post","type-post","status-publish","format-standard","hentry","category-gundem","odd"],"_links":{"self":[{"href":"http:\/\/www.korhanyilmaz.com\/index.php?rest_route=\/wp\/v2\/posts\/30069","targetHints":{"allow":["GET"]}}],"collection":[{"href":"http:\/\/www.korhanyilmaz.com\/index.php?rest_route=\/wp\/v2\/posts"}],"about":[{"href":"http:\/\/www.korhanyilmaz.com\/index.php?rest_route=\/wp\/v2\/types\/post"}],"author":[{"embeddable":true,"href":"http:\/\/www.korhanyilmaz.com\/index.php?rest_route=\/wp\/v2\/users\/1"}],"replies":[{"embeddable":true,"href":"http:\/\/www.korhanyilmaz.com\/index.php?rest_route=%2Fwp%2Fv2%2Fcomments&post=30069"}],"version-history":[{"count":0,"href":"http:\/\/www.korhanyilmaz.com\/index.php?rest_route=\/wp\/v2\/posts\/30069\/revisions"}],"wp:attachment":[{"href":"http:\/\/www.korhanyilmaz.com\/index.php?rest_route=%2Fwp%2Fv2%2Fmedia&parent=30069"}],"wp:term":[{"taxonomy":"category","embeddable":true,"href":"http:\/\/www.korhanyilmaz.com\/index.php?rest_route=%2Fwp%2Fv2%2Fcategories&post=30069"},{"taxonomy":"post_tag","embeddable":true,"href":"http:\/\/www.korhanyilmaz.com\/index.php?rest_route=%2Fwp%2Fv2%2Ftags&post=30069"}],"curies":[{"name":"wp","href":"https:\/\/api.w.org\/{rel}","templated":true}]}}