{"id":30063,"date":"2011-03-31T21:26:00","date_gmt":"2011-03-31T18:26:00","guid":{"rendered":"http:\/\/www.korhanyilmaz.com\/?p=30063"},"modified":"2011-03-31T21:26:00","modified_gmt":"2011-03-31T18:26:00","slug":"muhalefet-serhindeki-isyan","status":"publish","type":"post","link":"http:\/\/www.korhanyilmaz.com\/?p=30063","title":{"rendered":"Muhalefet \u015ferhindeki isyan"},"content":{"rendered":"<p style=\"text-align: justify;\"><a href=\"http:\/\/www.korhanyilmaz.com\/wp-content\/uploads\/2011\/04\/414.jpg\"  class=\"lightview\"><img loading=\"lazy\" decoding=\"async\" class=\"size-full wp-image-30064 aligncenter\" src=\"http:\/\/www.korhanyilmaz.com\/wp-content\/uploads\/2011\/04\/414.jpg\" alt=\"\" width=\"449\" height=\"231\" \/><\/a><\/p>\n<p style=\"text-align: justify;\">&#8221;Ergenekon&#8221; soru\u015fturmas\u0131 kapsam\u0131nda tutuklu bulunan eski emniyet m\u00fcd\u00fcr\u00fc Hanefi Avc\u0131&#8217;n\u0131n tahliye edilmesi talebini reddeden \u0130stanbul 11. A\u011f\u0131r Ceza Mahkemesinin karar\u0131na muhalif kalan mahkeme ba\u015fkan\u0131 \u015eeref Ak\u00e7ay, muhalefet \u015ferhi yaz\u0131s\u0131nda &#8221;Bug\u00fcne kadar hi\u00e7bir yay\u0131nc\u0131 veya yazan ki\u015fi hakk\u0131nda \u00f6rg\u00fct \u00fcyesi oldu\u011fu gerek\u00e7esiyle \u00fclkemizde verilmi\u015f tek karar yoktur&#8221; ifadesini kulland\u0131.<!--more--><\/p>\n<p style=\"text-align: justify;\">\u0130STANBUL &#8211; \u015eeref Ak\u00e7ay, mahkeme heyetinin, tutuklama karar\u0131nda isabetsizlik bulunmad\u0131\u011f\u0131 gerek\u00e7esiyle Avc\u0131&#8217;n\u0131n tahliye talebinin reddedilmesi karar\u0131na muhalefet etti.<\/p>\n<p style=\"text-align: justify;\">Avc\u0131&#8217;n\u0131n &#8221;Ergenekon&#8221; soru\u015fturmas\u0131 kapsam\u0131nda &#8221;ter\u00f6r \u00f6rg\u00fct\u00fcne \u00fcye olma&#8221; ve &#8221;adil yarg\u0131lamay\u0131 etkilemeye te\u015febb\u00fcs etme&#8221; su\u00e7lamas\u0131yla tutukland\u0131\u011f\u0131n\u0131 ve &#8221;Devrimci Karargah \u00d6rg\u00fct\u00fc ve mensuplar\u0131na yard\u0131m&#8221; gibi su\u00e7lar nedeniyle hakk\u0131nda a\u00e7\u0131lan dava kapsam\u0131nda tutuklu yarg\u0131land\u0131\u011f\u0131n\u0131 belirten Ak\u00e7ay, mahkemelerine Nedim \u015eener ile ilgili 2010\/857 numaral\u0131 soru\u015fturma dosyas\u0131ndan iki klas\u00f6r haricinde, ayn\u0131 soru\u015fturma numaras\u0131na sahip &#8221;Zirve Yay\u0131nevi&#8221; soru\u015fturmas\u0131yla ilgili 11 klas\u00f6r\u00fcn g\u00f6nderildi\u011fini kaydetti.<\/p>\n<p style=\"text-align: justify;\">Bunun \u00fczerine, daha sa\u011fl\u0131kl\u0131 inceleme i\u00e7in soru\u015fturma dosyas\u0131n\u0131n t\u00fcm eklerinin g\u00f6nderilmesinin istendi\u011fini kaydeden Ak\u00e7ay, resmi olarak cevap yaz\u0131lmayan mahkemelerine yeniden &#8221;Zirve Yay\u0131nevi&#8221; soru\u015fturmas\u0131yla ilgili klas\u00f6rlerin g\u00f6nderildi\u011fini ifade etti.<\/p>\n<p style=\"text-align: justify;\">\u015eeref Ak\u00e7ay, &#8221;Ergenekon&#8221; soru\u015fturmas\u0131 kapsam\u0131nda tutuklanan ve tahliye talebi \u0130stanbul 10. A\u011f\u0131r Ceza Mahkemesince reddedilen Nedim \u015eener&#8217;in heyet karar\u0131na itiraz ba\u015fvurusu nedeniyle 3 klas\u00f6r\u00fcn daha sonra mahkemeye geldi\u011fini belirterek, bu sayede az da olsa Hanefi Avc\u0131&#8217;y\u0131 ilgilendiren di\u011fer ki\u015filerin dosyadaki iddialar\u0131n\u0131 inceleme imkan\u0131 bulabildi\u011fini kaydetti.<\/p>\n<p style=\"text-align: justify;\">\u015eener&#8217;e yapt\u0131\u011f\u0131 gazetecilik faaliyetleri, di\u011fer \u015fah\u0131slarla telefon konu\u015fmalar\u0131 ve Hanefi Avc\u0131&#8217;ya yazd\u0131\u011f\u0131 kitapta yard\u0131m edip etmedi\u011finin soruldu\u011funu hat\u0131rlatan Ak\u00e7ay, ter\u00f6r \u00f6rg\u00fctleriyle ilgili yaz\u0131lan pek \u00e7ok kitaptan dolay\u0131 \u00f6zel yetkili mahkemelerde \u00e7ok say\u0131da dava a\u00e7\u0131ld\u0131\u011f\u0131n\u0131 ve bu kitaplarda \u00f6rg\u00fct eylemlerinin net olarak \u00f6v\u00fcld\u00fc\u011f\u00fcn\u00fc, militanlardan da \u00f6vg\u00fcyle bahsedildi\u011fini bildirdi.<\/p>\n<p style=\"text-align: justify;\">Ak\u00e7ay, gerek kitaplar gerekse g\u00fcnl\u00fck, haftal\u0131k veya ayl\u0131k yay\u0131n organlar\u0131na a\u00e7\u0131lan davalar\u0131n hepsinin &#8221;Ter\u00f6rle M\u00fccadele Kanunu&#8217;nun (TMK) 6 ve 7. maddelerine muhalefet etme&#8221; su\u00e7undan a\u00e7\u0131ld\u0131\u011f\u0131n\u0131, yay\u0131n yoluyla \u00f6rg\u00fct propagandas\u0131 yapma su\u00e7unun kar\u015f\u0131l\u0131\u011f\u0131n\u0131n TMK&#8217;daki yapt\u0131r\u0131mlar oldu\u011funu belirterek, &#8221;Bug\u00fcne kadar hi\u00e7bir yay\u0131nc\u0131 veya yazan ki\u015fi hakk\u0131nda \u00f6rg\u00fct \u00fcyesi oldu\u011fu gerek\u00e7esiyle \u00fclkemizde verilmi\u015f tek karar yoktur. T\u00fcm\u00fc 3713 say\u0131l\u0131 TMK&#8217;ye muhalefetten ceza alm\u0131\u015ft\u0131r veya beraat etmi\u015ftir&#8221; ifadesini kulland\u0131.<\/p>\n<p style=\"text-align: justify;\">Mahkemelerdeki y\u00fczlerce uygulama ve Yarg\u0131tay 9. Ceza Dairesi ile Yarg\u0131tay Ceza Genel Kurulu&#8217;nun kararlar\u0131na g\u00f6re, bir ki\u015fiye yasa d\u0131\u015f\u0131 silahl\u0131 ter\u00f6r \u00f6rg\u00fct\u00fc \u00fcyeli\u011finden ceza vermek i\u00e7in o ki\u015finin kod ad\u0131n\u0131n bulunmas\u0131, sahte kimli\u011finin olmas\u0131 ve \u00f6rg\u00fctsel faaliyetlerde bulunmas\u0131 gerekti\u011fini belirten Ak\u00e7ay, anayasan\u0131n 25 ve 26. maddeleri ile Avrupa \u0130nsan Haklar\u0131 S\u00f6zle\u015fmesi&#8217;nin (A\u0130HS) 9 ve 10. maddelerinde ki\u015filerin d\u00fc\u015f\u00fcnce h\u00fcrriyetlerinin belirlendi\u011fini, Avrupa \u0130nsan Haklar\u0131 Mahkemesine (A\u0130HM) g\u00f6re de ki\u015filerin \u015fiddet ve ter\u00f6r gibi unsurlar\u0131 \u00f6vmemesi \u015fart\u0131 d\u0131\u015f\u0131nda herkesin d\u00fc\u015f\u00fcnce ve fikirlerini serbest\u00e7e a\u00e7\u0131klayabilece\u011fini kaydetti.<\/p>\n<p style=\"text-align: justify;\">&#8221;Bu do\u011frultuda genel olarak bir fikre, d\u00fc\u015f\u00fcnceye bak\u0131ld\u0131\u011f\u0131nda, bu fikir bizim d\u00fc\u015f\u00fcnce ve fikirlerimize tamamen ayk\u0131r\u0131 olabilir. Toplumun \u00e7o\u011funlu\u011funca da kabul edilmeyebilir. Ancak ki\u015filerin, \u015fiddete \u00e7a\u011fr\u0131 yapmayan d\u00fc\u015f\u00fcncelerinden dolay\u0131 cezaland\u0131r\u0131lmamas\u0131 gerekir&#8221; ifadesini kullanan Ak\u00e7ay, bug\u00fcne kadar devletin istihbarat\u0131 dahil \u00e7ok \u00f6nemli g\u00f6revlerde bulunan ve il emniyet m\u00fcd\u00fcrl\u00fc\u011f\u00fc yapan \u015f\u00fcpheli Hanefi Avc\u0131&#8217;n\u0131n her nas\u0131lsa ter\u00f6r \u00f6rg\u00fct\u00fcyle irtibatl\u0131 oldu\u011funun yazd\u0131\u011f\u0131 kitaptan sonra ortaya \u00e7\u0131kar\u0131ld\u0131\u011f\u0131n\u0131 bildirdi.<\/p>\n<p style=\"text-align: justify;\">Avc\u0131&#8217;n\u0131n yazd\u0131\u011f\u0131 kitap nedeniyle hem &#8221;Devrimci Karargah&#8221; \u00f6rg\u00fct\u00fc hem de &#8221;Ergenekon&#8221; \u00f6rg\u00fct\u00fcne \u00fcyelikten tutukland\u0131\u011f\u0131n\u0131 hat\u0131rlatan Ak\u00e7ay, bu konumdaki Avc\u0131&#8217;n\u0131n bu \u015fekilde tutuklanmas\u0131n\u0131n mant\u0131\u011fa ayk\u0131r\u0131 oldu\u011funu, hukuken m\u00fcmk\u00fcn olmad\u0131\u011f\u0131n\u0131 savundu.<\/p>\n<p style=\"text-align: justify;\">Ak\u00e7ay, \u015funlar\u0131 kaydetti:<\/p>\n<p style=\"text-align: justify;\">&#8221;Yaz\u0131lan kitab\u0131n i\u00e7eri\u011fini be\u011fenmeyebilirsiniz. &#8216;Do\u011fru de\u011fildir, abart\u0131l\u0131d\u0131r, yaland\u0131r&#8217; diye d\u00fc\u015f\u00fcn\u00fclebilir ama sonu\u00e7ta \u015f\u00fcphelinin kendi fikir ve d\u00fc\u015f\u00fcnceleridir. \u0130nsanlar bu kitab\u0131 yazarken ba\u015fkalar\u0131ndan da yard\u0131m alabilirler. Bu kitapta al\u0131nm\u0131\u015f m\u0131d\u0131r, al\u0131nmam\u0131\u015f m\u0131d\u0131r? \u015eu anda bir \u015fey s\u00f6ylemek m\u00fcmk\u00fcn de\u011fildir. Bir an i\u00e7in yard\u0131m al\u0131nd\u0131\u011f\u0131n\u0131 kabul etsek sonu\u00e7 de\u011fi\u015fir mi, de\u011fi\u015fmez. \u00c7\u00fcnk\u00fc bir insan\u0131n bir kitab\u0131 yazarken ara\u015ft\u0131rma yapmas\u0131, ba\u015fka insanlardan yard\u0131m almas\u0131 do\u011fald\u0131r ve herhangi bir su\u00e7 olu\u015fturmaz. Kald\u0131 ki \u015f\u00fcpheli kitab\u0131 kendisinin yazd\u0131\u011f\u0131n\u0131 a\u00e7\u0131k ve net olarak belirtmekte, yard\u0131m etti\u011fi belirtilen Nedim \u015eener de yard\u0131m etmedi\u011fini belirtmektedir. Bunun aksine de dosyada herhangi bir \u015fey yoktur. Kald\u0131 ki yard\u0131m etti\u011fini kabul etsek bile ne Nedim \u015eener ne de Hanefi Avc\u0131&#8217;n\u0131n bir ter\u00f6r \u00f6rg\u00fct\u00fcn\u00fcn \u00fcyesi oldu\u011funa dair mahkemelerden verilmi\u015f herhangi bir mahkumiyet karar\u0131 da bulunmamaktad\u0131r.<\/p>\n<p style=\"text-align: justify;\">Bir ki\u015finin yazd\u0131\u011f\u0131 kitaplardan dolay\u0131 birden fazla farkl\u0131 ama\u00e7 g\u00fcden ter\u00f6r \u00f6rg\u00fct\u00fcne \u00fcye oldu\u011fu iddia edilir ve hakk\u0131nda i\u015flem yap\u0131l\u0131rsa yukar\u0131da belirtilen anayasa ve A\u0130HS maddeleri ne zaman uygulanacakt\u0131r? Kitab\u0131n i\u00e7eri\u011fi bir b\u00fct\u00fcn olarak, belirtilen maddeler kapsam\u0131nda incelenip de\u011ferlendirilmedi\u011fi takdirde fikir ve d\u00fc\u015f\u00fcnce \u00f6zg\u00fcrl\u00fc\u011f\u00fc nerede kalm\u0131\u015ft\u0131r?<\/p>\n<p style=\"text-align: justify;\">G\u00fcn\u00fcm\u00fczde &#8216;Ergenekon&#8217; soru\u015fturmas\u0131 ve di\u011fer kamuoyuna mal olan soru\u015fturmalarda pek \u00e7ok isimsiz ihbar mektuplar\u0131, e-mailler ve CD&#8217;lere dayan\u0131larak i\u015flem yap\u0131lmaktad\u0131r. Ancak soru\u015fturmalarda bu kadar hassas davranan savc\u0131l\u0131k ve emniyet birimleri bu kitapta yaz\u0131lan sayfalarca iddian\u0131n do\u011fru olup olmad\u0131\u011f\u0131 konusunda herhangi bir ara\u015ft\u0131rma ve soru\u015fturma yapmam\u0131\u015ft\u0131r. Savc\u0131l\u0131\u011f\u0131n ve yine buna ba\u011fl\u0131 emniyet birimlerinin \u00f6zellikle bu kitab\u0131n iddia etti\u011fi konular\u0131 ciddi bir \u015fekilde ara\u015ft\u0131rmas\u0131 ve bunun sonu\u00e7lar\u0131n\u0131 da kamuoyuna a\u00e7\u0131klamas\u0131 gerekmektedir.&#8221;<\/p>\n<p style=\"text-align: justify;\"><strong>&#8221;YAPILANLAR \u0130NSAN V\u0130CDANINA SI\u011eAR MI?&#8221;<\/strong><\/p>\n<p style=\"text-align: justify;\">Kitapta yaz\u0131lan iddialar g\u00f6rmezlikten gelinerek kitab\u0131 yazan\u0131n ter\u00f6r \u00f6rg\u00fct\u00fc \u00fcyesi oldu\u011fu iddias\u0131yla tutukland\u0131\u011f\u0131n\u0131 ifade eden Ak\u00e7ay, &#8221;Pekala bu yap\u0131lan i\u015flem adil midir ve insan vicdan\u0131na s\u0131\u011far m\u0131?&#8221; diye sordu.<\/p>\n<p style=\"text-align: justify;\">&#8221;Adil yarg\u0131lamay\u0131 etkileme&#8221; su\u00e7unun \u00f6zel yetkili mahkemelerin yetkisinde olmad\u0131\u011f\u0131n\u0131, \u00f6n\u00fcne &#8221;Ergenekon&#8221; su\u00e7lamas\u0131 konularak, su\u00e7un \u00f6zel yetkili mahkeme yetkisine dahil edildi\u011fini belirten Ak\u00e7ay, &#8221;\u015e\u00fcphelinin &#8216;Ergenekon&#8217; \u00f6rg\u00fct\u00fcyle kitap yazman\u0131n d\u0131\u015f\u0131nda ne t\u00fcr bir ba\u011flant\u0131s\u0131 vard\u0131r? Hangi \u00f6rg\u00fct \u00fcyeleriyle g\u00f6r\u00fc\u015fm\u00fc\u015f, hangi \u00f6rg\u00fct \u00fcyesinden talimat alm\u0131\u015f, hangi \u00f6rg\u00fctsel faaliyetlerde bulunmak suretiyle bu \u00f6rg\u00fcte yard\u0131m etmi\u015ftir ve bu konuda vicdanlar\u0131 rahatlatacak ba\u015fkaca herhangi bir delil ortaya konulmu\u015f mudur?&#8221; sorusunu y\u00f6neltti.<\/p>\n<p style=\"text-align: justify;\">\u0130nceledi\u011fi dosya kapsam\u0131na g\u00f6re \u015f\u00fcpheli Avc\u0131&#8217;n\u0131n tutuklanmas\u0131n\u0131 gerektirecek yeterli delil ve delilleri karartma \u015f\u00fcphesi olmad\u0131\u011f\u0131n\u0131 savunan Ak\u00e7ay, &#8221;Soru\u015fturma makamlar\u0131n\u0131n sadece \u015f\u00fcphelilerin aleyhine de\u011fil lehine olan delilleri de toplama g\u00f6revleri yok mudur? Bu bile lehe olan deliller toplanmadan \u015f\u00fcphelinin tutuklanmaya sevk edilmesi nedeniyle adil yarg\u0131lanma hakk\u0131n\u0131n ihlalidir&#8221; g\u00f6r\u00fc\u015f\u00fcn\u00fc aktard\u0131.<\/p>\n<p style=\"text-align: justify;\">\u015e\u00fcpheli hangi \u0131rk, dil, din ve siyasi g\u00f6r\u00fc\u015ften olursa olsun ba\u011f\u0131ms\u0131z, tarafs\u0131z, adil ve insan vicdan\u0131na uygun \u015fekilde soru\u015fturulmas\u0131 ve yarg\u0131lanmas\u0131 gerekti\u011fini, bunun insan\u0131n do\u011fal hakk\u0131 oldu\u011funu ifade eden Ak\u00e7ay, soru\u015fturmada belirtilen k\u0131staslara uyulmad\u0131\u011f\u0131 ve tutuklama karar\u0131n\u0131n hukuka uygun bulunmamas\u0131 g\u00f6r\u00fc\u015f\u00fcnde oldu\u011fu i\u00e7in mahkeme heyetinin \u00e7o\u011funlu\u011funun karar\u0131na kat\u0131lmad\u0131\u011f\u0131n\u0131 kaydetti.<\/p>\n<p style=\"text-align: justify;\"><a href=\"http:\/\/www.gazeteport.com.tr\/GUNCEL\/NEWS\/GP_879396\" target=\"_blank\">Kaynak : GAZETEPORT<\/a><\/p>\n","protected":false},"excerpt":{"rendered":"<p style=\"text-align: justify;\">\n<p style=\"text-align: justify;\">&#8221;Ergenekon&#8221; soru\u015fturmas\u0131 kapsam\u0131nda tutuklu bulunan eski emniyet m\u00fcd\u00fcr\u00fc Hanefi Avc\u0131&#8217;n\u0131n tahliye edilmesi talebini reddeden \u0130stanbul 11. A\u011f\u0131r Ceza Mahkemesinin karar\u0131na muhalif kalan mahkeme ba\u015fkan\u0131 \u015eeref Ak\u00e7ay, muhalefet \u015ferhi yaz\u0131s\u0131nda &#8221;Bug\u00fcne kadar hi\u00e7bir yay\u0131nc\u0131 veya yazan ki\u015fi hakk\u0131nda \u00f6rg\u00fct \u00fcyesi oldu\u011fu gerek\u00e7esiyle \u00fclkemizde verilmi\u015f tek karar yoktur&#8221; ifadesini kulland\u0131.<\/p>\n","protected":false},"author":1,"featured_media":0,"comment_status":"open","ping_status":"closed","sticky":false,"template":"","format":"standard","meta":{"footnotes":""},"categories":[105],"tags":[],"class_list":["post-30063","post","type-post","status-publish","format-standard","hentry","category-gundem","odd"],"_links":{"self":[{"href":"http:\/\/www.korhanyilmaz.com\/index.php?rest_route=\/wp\/v2\/posts\/30063","targetHints":{"allow":["GET"]}}],"collection":[{"href":"http:\/\/www.korhanyilmaz.com\/index.php?rest_route=\/wp\/v2\/posts"}],"about":[{"href":"http:\/\/www.korhanyilmaz.com\/index.php?rest_route=\/wp\/v2\/types\/post"}],"author":[{"embeddable":true,"href":"http:\/\/www.korhanyilmaz.com\/index.php?rest_route=\/wp\/v2\/users\/1"}],"replies":[{"embeddable":true,"href":"http:\/\/www.korhanyilmaz.com\/index.php?rest_route=%2Fwp%2Fv2%2Fcomments&post=30063"}],"version-history":[{"count":0,"href":"http:\/\/www.korhanyilmaz.com\/index.php?rest_route=\/wp\/v2\/posts\/30063\/revisions"}],"wp:attachment":[{"href":"http:\/\/www.korhanyilmaz.com\/index.php?rest_route=%2Fwp%2Fv2%2Fmedia&parent=30063"}],"wp:term":[{"taxonomy":"category","embeddable":true,"href":"http:\/\/www.korhanyilmaz.com\/index.php?rest_route=%2Fwp%2Fv2%2Fcategories&post=30063"},{"taxonomy":"post_tag","embeddable":true,"href":"http:\/\/www.korhanyilmaz.com\/index.php?rest_route=%2Fwp%2Fv2%2Ftags&post=30063"}],"curies":[{"name":"wp","href":"https:\/\/api.w.org\/{rel}","templated":true}]}}