{"id":30050,"date":"2011-03-31T20:51:16","date_gmt":"2011-03-31T17:51:16","guid":{"rendered":"http:\/\/www.korhanyilmaz.com\/?p=30050"},"modified":"2011-03-31T20:51:16","modified_gmt":"2011-03-31T17:51:16","slug":"hukukun-icine-guve-girdi","status":"publish","type":"post","link":"http:\/\/www.korhanyilmaz.com\/?p=30050","title":{"rendered":"&#8216;Hukukun i\u00e7ine g\u00fcve girdi&#8221;"},"content":{"rendered":"<p style=\"text-align: center;\"><a href=\"http:\/\/www.korhanyilmaz.com\/wp-content\/uploads\/2011\/04\/413.jpg\"  class=\"lightview\"><img loading=\"lazy\" decoding=\"async\" class=\"aligncenter size-full wp-image-30051\" src=\"http:\/\/www.korhanyilmaz.com\/wp-content\/uploads\/2011\/04\/413.jpg\" alt=\"\" width=\"322\" height=\"241\" \/><\/a><\/p>\n<p style=\"text-align: justify;\">Eski CHP Genel Ba\u015fkan\u0131 ve Antalya Milletvekili Deniz Baykal, &#8221;Adaletin i\u00e7ine g\u00fcve girdi, hukukun i\u00e7ine g\u00fcve girdi ve bunun sonu\u00e7lar\u0131 herkese yans\u0131yor&#8221; dedi.<\/p>\n<p style=\"text-align: justify;\">Antalya &#8211; Baykal, Antalya&#8217;da Muratpa\u015fa Belediyesince Yenig\u00fcn Mahallesinde yapt\u0131r\u0131lan kapal\u0131 pazar alan\u0131n\u0131n a\u00e7\u0131l\u0131\u015f t\u00f6renine kat\u0131ld\u0131. T\u00f6rende konu\u015fan Baykal, Antalya&#8217;n\u0131n h\u0131zl\u0131 b\u00fcy\u00fcd\u00fc\u011f\u00fcn\u00fc belirterek, b\u00fcy\u00fcmenin beraberinde \u00e7o\u011fu kez bozulmay\u0131 da getirdi\u011fini vurgulad\u0131. Buna kar\u015f\u0131n Antalya&#8217;daki belediyelerin sosyal demokrat y\u00f6netim anlay\u0131\u015f\u0131yla bu b\u00fcy\u00fcmeyi kurallar\u0131na uygun \u015fekilde, dengeli ger\u00e7ekle\u015ftirdi\u011fini ifade eden Baykal, kentin rant alan\u0131 olmaktan \u00e7\u0131kar\u0131ld\u0131\u011f\u0131n\u0131 s\u00f6yledi. <!--more--><\/p>\n<p style=\"text-align: justify;\">Baykal, &#8221;Belediyelerimiz, d\u00fcr\u00fcstl\u00fck anlay\u0131\u015f\u0131n\u0131n hakim oldu\u011fu, Antalya&#8217;n\u0131n \u00e7\u0131karlar\u0131n\u0131n d\u00fc\u015f\u00fcn\u00fcld\u00fc\u011f\u00fc yerlerdir. Yanl\u0131\u015f\u0131 olabilir, hatas\u0131 olabilir ama iyi niyet vard\u0131r. Kimse Antalya&#8217;ya zarar vermek i\u00e7in ya da birisinin \u00e7\u0131kar\u0131n\u0131 sa\u011flamak i\u00e7in yanl\u0131\u015f bir i\u015f yapamaz&#8221; dedi.<\/p>\n<p style=\"text-align: justify;\">Antalya&#8217;daki CHP&#8217;li belediyelerin temel zihniyetinin sosyal demokrat d\u00fcnya g\u00f6r\u00fc\u015f\u00fc ve de\u011ferler oldu\u011funu belirten Baykal, &#8221;Sizi \u00e7ok iyi g\u00f6rd\u00fcm. Ancak Antalyal\u0131lar elbette T\u00fcrkiye&#8217;de ya\u015fanan sorunlardan, s\u0131k\u0131nt\u0131lardan pay\u0131n\u0131 al\u0131yor&#8221; diye konu\u015ftu.<\/p>\n<p style=\"text-align: justify;\">Herkesin T\u00fcrkiye&#8217;deki sorunlar\u0131, ekonomideki s\u0131k\u0131nt\u0131lar\u0131 ya\u015fad\u0131\u011f\u0131n\u0131 belirten Baykal, s\u00f6zlerini \u015f\u00f6yle s\u00fcrd\u00fcrd\u00fc:<\/p>\n<p style=\"text-align: justify;\">&#8221;\u00dclkenin gelece\u011fiyle ilgili kayg\u0131lar\u0131n\u0131z, kayg\u0131lar\u0131m\u0131z var. &#8216;Bu gidi\u015fat\u0131n sonu nedir&#8217; diye biz de soruyoruz, siz de soruyorsunuz. Gelece\u011fe y\u00f6nelik hepimiz \u00fcz\u00fcnt\u00fcler ta\u015f\u0131yoruz. &#8216;Gen\u00e7lerimizin, \u00e7ocuklar\u0131m\u0131z\u0131n istikbali nas\u0131l olacak&#8217; diye kayg\u0131 duyuyoruz. Elbette i\u015fsizlik, yoksulluk \u00f6nemli dert. Elbette T\u00fcrkiye&#8217;de ya\u015fanan sorunlar, s\u0131k\u0131nt\u0131lar sizleri de tedirgin ediyor, rahats\u0131z ediyor, biliyorum. Demokrasinin gelece\u011fi tart\u0131\u015fma i\u00e7inde adalet, hukuk maalesef \u00e7ok ciddi \u015fekilde \u00e7\u00fcr\u00fcmeye ba\u015flad\u0131. Adaletin i\u00e7ine g\u00fcve girdi, hukukun i\u00e7ine g\u00fcve girdi ve bunun sonu\u00e7lar\u0131 herkese yans\u0131yor. Bunlar\u0131 biliyoruz, bunlardan dolay\u0131 \u00fcz\u00fcnt\u00fc i\u00e7indeyiz. T\u00fcrkiye bir k\u0131r\u0131lma noktas\u0131na do\u011fru gidiyor. Bu gidi\u015f iyi gidi\u015f de\u011fil. T\u00fcrkiye&#8217;ye yak\u0131\u015fan gidi\u015f de\u011fil. Bunun de\u011fi\u015fmesi, d\u00fczelmesi laz\u0131m. Yanl\u0131\u015fl\u0131klar\u0131n sona ermesi laz\u0131m. Bir yeni a\u00e7\u0131l\u0131m\u0131n ger\u00e7ekle\u015fmesi laz\u0131m.&#8221;<\/p>\n<p style=\"text-align: justify;\">Sorunlar\u0131 dikkatle izlediklerini ifade eden Baykal, T\u00fcrkiye&#8217;deki karamsarl\u0131\u011fa, s\u0131k\u0131nt\u0131lara ve olumsuzluklara ra\u011fmen Antalya&#8217;n\u0131n bir ba\u015fka oldu\u011funu s\u00f6yledi. Antalya&#8217;n\u0131n insan ili\u015fkileri a\u00e7\u0131s\u0131ndan da farkl\u0131 oldu\u011funu belirten Baykal, &#8221;Bak\u0131n burada kad\u0131n, erkek nas\u0131l karde\u015f\u00e7e, huzur i\u00e7inde bir araday\u0131z. Bundan daha g\u00fczel, daha do\u011fal bir \u015fey yok, hayat\u0131m\u0131z\u0131n bir par\u00e7as\u0131. Antalya&#8217;da ayr\u0131m gayr\u0131m yok. Antalya&#8217;da kad\u0131n erkek, inan\u00e7, din, mezhep, k\u00f6ken ayr\u0131m\u0131 yok. Hepimiz karde\u015fiz, biriz, beraberiz. Hepimiz insan\u0131z, Antalyal\u0131y\u0131z, T\u00fcrkiye Cumhuriyeti&#8217;nin bir par\u00e7as\u0131y\u0131z. Bizim i\u00e7imize g\u00fcve girmedi&#8221; dedi.<\/p>\n<p style=\"text-align: justify;\">Antalya&#8217;n\u0131n rahat\u0131n\u0131, huzurunu korudu\u011funu ifade eden Baykal, &#8221;Aman ha a\u011fz\u0131n\u0131z\u0131n tad\u0131n\u0131 bozmay\u0131n, Antalya&#8217;n\u0131n a\u011fz\u0131n\u0131n tad\u0131n\u0131 bozmay\u0131n, huzurumuzu, keyfimizi ka\u00e7\u0131rmay\u0131n&#8221; diye konu\u015ftu.<\/p>\n<p style=\"text-align: justify;\">CHP Antalya Milletvekilleri ve CHP&#8217;li belediye ba\u015fkanlar\u0131n\u0131n da kat\u0131ld\u0131\u011f\u0131 t\u00f6rende daha sonra kapal\u0131 pazar hizmete a\u00e7\u0131ld\u0131.<\/p>\n<p style=\"text-align: justify;\"><a href=\"http:\/\/www.cumhuriyet.com.tr\/?kn=6&amp;hn=229634\" target=\"_blank\">Kaynak : Cumhuriyet Haber Portal\u0131<\/a><\/p>\n","protected":false},"excerpt":{"rendered":"<p style=\"text-align: center;\">\n<p style=\"text-align: justify;\">Eski CHP Genel Ba\u015fkan\u0131 ve Antalya Milletvekili Deniz Baykal, &#8221;Adaletin i\u00e7ine g\u00fcve girdi, hukukun i\u00e7ine g\u00fcve girdi ve bunun sonu\u00e7lar\u0131 herkese yans\u0131yor&#8221; dedi.<\/p>\n<p style=\"text-align: justify;\">Antalya &#8211; Baykal, Antalya&#8217;da Muratpa\u015fa Belediyesince Yenig\u00fcn Mahallesinde yapt\u0131r\u0131lan kapal\u0131 pazar alan\u0131n\u0131n a\u00e7\u0131l\u0131\u015f t\u00f6renine kat\u0131ld\u0131. T\u00f6rende konu\u015fan Baykal, Antalya&#8217;n\u0131n h\u0131zl\u0131 b\u00fcy\u00fcd\u00fc\u011f\u00fcn\u00fc belirterek, b\u00fcy\u00fcmenin beraberinde \u00e7o\u011fu <\/p>\n","protected":false},"author":1,"featured_media":0,"comment_status":"open","ping_status":"closed","sticky":false,"template":"","format":"standard","meta":{"footnotes":""},"categories":[105],"tags":[],"class_list":["post-30050","post","type-post","status-publish","format-standard","hentry","category-gundem","odd"],"_links":{"self":[{"href":"http:\/\/www.korhanyilmaz.com\/index.php?rest_route=\/wp\/v2\/posts\/30050","targetHints":{"allow":["GET"]}}],"collection":[{"href":"http:\/\/www.korhanyilmaz.com\/index.php?rest_route=\/wp\/v2\/posts"}],"about":[{"href":"http:\/\/www.korhanyilmaz.com\/index.php?rest_route=\/wp\/v2\/types\/post"}],"author":[{"embeddable":true,"href":"http:\/\/www.korhanyilmaz.com\/index.php?rest_route=\/wp\/v2\/users\/1"}],"replies":[{"embeddable":true,"href":"http:\/\/www.korhanyilmaz.com\/index.php?rest_route=%2Fwp%2Fv2%2Fcomments&post=30050"}],"version-history":[{"count":0,"href":"http:\/\/www.korhanyilmaz.com\/index.php?rest_route=\/wp\/v2\/posts\/30050\/revisions"}],"wp:attachment":[{"href":"http:\/\/www.korhanyilmaz.com\/index.php?rest_route=%2Fwp%2Fv2%2Fmedia&parent=30050"}],"wp:term":[{"taxonomy":"category","embeddable":true,"href":"http:\/\/www.korhanyilmaz.com\/index.php?rest_route=%2Fwp%2Fv2%2Fcategories&post=30050"},{"taxonomy":"post_tag","embeddable":true,"href":"http:\/\/www.korhanyilmaz.com\/index.php?rest_route=%2Fwp%2Fv2%2Ftags&post=30050"}],"curies":[{"name":"wp","href":"https:\/\/api.w.org\/{rel}","templated":true}]}}