{"id":30046,"date":"2011-03-31T23:01:36","date_gmt":"2011-03-31T20:01:36","guid":{"rendered":"http:\/\/www.korhanyilmaz.com\/?p=30046"},"modified":"2011-03-31T23:01:36","modified_gmt":"2011-03-31T20:01:36","slug":"basbakan-silahlandirmaya-karsi-cikti","status":"publish","type":"post","link":"http:\/\/www.korhanyilmaz.com\/?p=30046","title":{"rendered":"Ba\u015fbakan silahland\u0131rmaya kar\u015f\u0131 \u00e7\u0131kt\u0131"},"content":{"rendered":"<p style=\"text-align: justify;\"><a href=\"http:\/\/www.korhanyilmaz.com\/wp-content\/uploads\/2011\/03\/412.jpg\"  class=\"lightview\"><img loading=\"lazy\" decoding=\"async\" class=\"aligncenter size-full wp-image-30047\" src=\"http:\/\/www.korhanyilmaz.com\/wp-content\/uploads\/2011\/03\/412.jpg\" alt=\"\" width=\"307\" height=\"236\" \/><\/a><\/p>\n<p style=\"text-align: justify;\">Ba\u015fbakan Recep Tayyip Erdo\u011fan, &#8220;Temennimiz odur ki Libya halk\u0131n\u0131n talepleri do\u011frultusunda bir netice alal\u0131m ve Libya&#8217;da bir an \u00f6nce bar\u0131\u015f\u0131, demokratik hak ve \u00f6zg\u00fcrl\u00fckleri temin edelim. Libya&#8217;daki NATO m\u00fcdahalesi bana g\u00f6re bir Afganistan gibi olmas\u0131n&#8221; dedi. Erdo\u011fan, muhaliflerin silahland\u0131r\u0131lmas\u0131na ise kar\u015f\u0131 \u00e7\u0131kt\u0131. <!--more--><\/p>\n<p style=\"text-align: justify;\">Ba\u015fbakan Erdo\u011fan ile \u0130ngiltere Ba\u015fbakan\u0131 David Cameron, g\u00f6r\u00fc\u015fmelerinin ard\u0131ndan ortak bas\u0131n toplant\u0131s\u0131 d\u00fczenlediler.<\/p>\n<p style=\"text-align: justify;\">T\u00fcrkiye ile \u0130ngiltere aras\u0131ndaki stratejik ortakl\u0131k belgesinin genel \u00e7er\u00e7eveyle ortaya konulmas\u0131 \u00fczerinde \u00f6nemli ad\u0131mlar att\u0131klar\u0131n\u0131 ifade eden Erdo\u011fan, \u015f\u00f6yle devam etti: &#8220;\u015eimdi G-20&#8217;de beraberiz. G-20&#8217;de beraber olmak suretiyle \u00f6zellikle d\u00fcnyan\u0131n sadece ekonomik alanda de\u011fil, bir\u00e7ok alandaki s\u0131k\u0131nt\u0131lar\u0131n\u0131 beraber payla\u015f\u0131yoruz. Onlar\u0131 beraber aram\u0131zda g\u00f6r\u00fc\u015f\u00fcyor konu\u015fuyoruz. Bundan sonra tabii ki ortak bir\u00e7ok g\u00f6r\u00fc\u015fmelerimiz, konu\u015fmalar\u0131m\u0131z olacak. G\u00fcndemde tabii en \u00f6nemli konu \u015fu anda Libya. D\u00fcn Londra&#8217;da \u00f6nemli bir zirve yap\u0131ld\u0131.<\/p>\n<p style=\"text-align: justify;\">Bu zirvede de bizler \u0130ngiltere ile birlikte bir siyasi de\u011ferlendirmeyi, bundan sonraki s\u00fcre\u00e7te de beraber yaparak arkada\u015flar\u0131m\u0131z\u0131 g\u00f6revlendirmek suretiyle s\u00fcrd\u00fcrece\u011fiz. Tabii bir an \u00f6nce temennimiz odur ki Libya halk\u0131n\u0131n talepleri do\u011frultusunda bir netice alal\u0131m ve Libya&#8217;da bir an \u00f6nce bar\u0131\u015f\u0131, demokratik hak ve \u00f6zg\u00fcrl\u00fckleri temin edelim.<\/p>\n<p style=\"text-align: justify;\">NATO \u00e7ok \u00f6nemli bir s\u0131nav\u0131 istiyoruz ki Libya&#8217;da ger\u00e7ekle\u015ftirsin. Yani Libya&#8217;daki NATO m\u00fcdahalesi bana g\u00f6re bir Afganistan gibi olmas\u0131n. Libya&#8217;da \u00e7ok daha farkl\u0131 bir profil ortaya koymak suretiyle \u00f6zellikle de tabii bu \u00e7al\u0131\u015fman\u0131n i\u00e7inde Arap liginin olmas\u0131 Afrika Birli\u011fi&#8217;nin olmas\u0131, \u0130slam Konferans\u0131 \u00d6rg\u00fct\u00fcn\u00fcn olmas\u0131 inan\u0131yorum ki Libya halk\u0131n\u0131n da yakla\u015f\u0131m\u0131n\u0131 \u00e7ok \u00e7ok olumlu istikamette etkileyecektir.<\/p>\n<p style=\"text-align: justify;\">Burada T\u00fcrkiye ve \u0130ngiltere olarak gelece\u011fe y\u00f6nelik ataca\u011f\u0131m\u0131z ad\u0131mlar, \u00f6nemli bir de\u011ferlendirmeyle ortaya koyaca\u011f\u0131m\u0131z perspektif, s\u00fcreci \u00e7ok olumlu istikamette de\u011fi\u015ftirecektir diye d\u00fc\u015f\u00fcn\u00fcyorum. Fakat tabii bug\u00fcnden tezi yok elimizi \u00e7abuk tutaca\u011f\u0131z. Oradaki zulm\u00fc durdurmam\u0131z laz\u0131m. Oradaki ak\u0131t\u0131lan kan\u0131n durmas\u0131 laz\u0131m. \u00d6l\u00fcmlerin orada art\u0131k durmas\u0131 laz\u0131m diye d\u00fc\u015f\u00fcn\u00fcyoruz.&#8221;<\/p>\n<p style=\"text-align: justify;\"><strong>&#8220;Muhalifleri silahland\u0131rmay\u0131n&#8221; <\/strong><\/p>\n<p style=\"text-align: justify;\">Toplant\u0131n\u0131n ard\u0131ndan sorular\u0131 yan\u0131tlayan Ba\u015fbakan Erdo\u011fan, &#8220;Libya&#8217;da muhaliflerin silahland\u0131r\u0131lmas\u0131 konusunda aran\u0131zda g\u00f6r\u00fc\u015f farkl\u0131l\u0131klar\u0131 var m\u0131? Bu s\u00fcrecin Libya&#8217;daki geli\u015fmeleri nas\u0131l etkileyece\u011fini bekliyorsunuz? Bu bir b\u00f6l\u00fcnmeye yol a\u00e7abilir mi?&#8221; sorusuna \u015fu yan\u0131t\u0131 verdi:<\/p>\n<p style=\"text-align: justify;\">&#8220;Muhaliflerin silahland\u0131r\u0131lmas\u0131 noktas\u0131nda T\u00fcrkiye olarak bizim b\u00f6yle bir tavr\u0131m\u0131z yok. Al\u0131nm\u0131\u015f bir karar da zaten hen\u00fcz yok. B\u00f6yle bir \u015feyin i\u00e7erisine girmek tabii Libya&#8217;da \u00e7ok daha farkl\u0131 bir tahriki ortaya getirir. B\u00f6yle bir a\u00e7\u0131klamay\u0131 da do\u011frusu do\u011fru bulmuyoruz. Zaten buraya NATO&#8217;nun niye girdi\u011fi belli. Buradaki bu i\u015fleri zaten NATO gerekti\u011fi \u015fekilde ortaya koyacakt\u0131r, g\u00f6recektir.&#8221;<\/p>\n<p style=\"text-align: justify;\">Erdo\u011fan, &#8220;silahland\u0131rma fikrine tamamen kar\u015f\u0131 m\u0131s\u0131n\u0131z?&#8221; sorusunu ise &#8220;Muhaliflerin silahland\u0131r\u0131lmas\u0131 noktas\u0131nda \u015fu andaki bizim karar\u0131m\u0131z olumsuz. Olumlu bakm\u0131yoruz. Zira ortada g\u00fc\u00e7 yok, ortada herhangi olu\u015fmu\u015f bir devlet, taraf -ki b\u00f6yle bir \u015feyi de zaten kabul etmiyoruz- b\u00f6yle bir g\u00fc\u00e7 yok. Bu t\u00fcr \u015feylerle tam aksine orada ter\u00f6re zemin haz\u0131rlama durumu olabilir ki bu \u00e7ok daha tehlikelidir, \u00e7ok daha risklidir. NATO&#8217;nun zaten buraya girmesi buradaki s\u0131k\u0131nt\u0131lar\u0131 giderme noktas\u0131nda at\u0131lan bir ad\u0131md\u0131r. Onun i\u00e7in biz NATO&#8217;nun giri\u015fine olumlu yakla\u015f\u0131yoruz ve onlara y\u00f6nelik yap\u0131lacak zulme kar\u015f\u0131 da b\u00fct\u00fcn tedbirleri NATO olu\u015ftursun, alm\u0131\u015f olsun diyoruz&#8221; diye yan\u0131tlad\u0131.<\/p>\n<p style=\"text-align: justify;\"><strong>Cameron: &#8220;Ankara ile ortak yard\u0131m birimi kuraca\u011f\u0131z&#8221; <\/strong><\/p>\n<p style=\"text-align: justify;\">\u0130ngiltere Ba\u015fbakan\u0131 David Cameron da, T\u00fcrkiye&#8217;nin Libya ile ilgili uluslararas\u0131 temas grubunda yer alaca\u011f\u0131n\u0131 s\u00f6yleyerek, &#8220;Ayr\u0131ca Libya halk\u0131n\u0131n ihtiya\u00e7lar\u0131n\u0131 kar\u015f\u0131lamak i\u00e7in, Ankara&#8217;da ortak insani yard\u0131m birimi kurmaya karar verdik&#8221; dedi.<\/p>\n<p style=\"text-align: justify;\">Cameron ise Ba\u015fbakan olduktan sonra ilk yurt d\u0131\u015f\u0131 ziyaretlerinden birini T\u00fcrkiye&#8217;ye yapt\u0131\u011f\u0131n\u0131 an\u0131msatarak, Erdo\u011fan&#8217;\u0131 a\u011f\u0131rlamaktan duydu\u011fu memnuniyeti dile getirdi.<\/p>\n<p style=\"text-align: justify;\">Cameron g\u00f6r\u00fc\u015fmede ikili ili\u015fkilerin g\u00fc\u00e7lendirilmesi, Libya halk\u0131n\u0131n korunmas\u0131 i\u00e7in g\u00f6sterilen \u00e7abalar ve T\u00fcrkiye&#8217;nin AB \u00fcyeli\u011fi ve Afganistan konular\u0131n\u0131n ele al\u0131nd\u0131\u011f\u0131n\u0131 ifade etti.<\/p>\n<p style=\"text-align: justify;\">&#8220;Bana g\u00f6re, T\u00fcrkiye ile \u0130ngiltere aras\u0131ndaki ili\u015fkiler, hi\u00e7 bu kadar g\u00fc\u00e7l\u00fc olmam\u0131\u015ft\u0131&#8221; diyen Cameron, ge\u00e7en y\u0131l iki \u00fclke aras\u0131nda yeni bir stratejik ortakl\u0131\u011f\u0131n kuruldu\u011funu hat\u0131rlatt\u0131.<\/p>\n<p style=\"text-align: justify;\">Libya konusunda sivillerin hayat\u0131n\u0131n korunmas\u0131na her iki \u00fclkenin de b\u00fcy\u00fck \u00f6nem verdi\u011fini belirten \u0130ngiltere Ba\u015fbakan\u0131, BM G\u00fcvenlik Konseyinin 1973 say\u0131l\u0131 karar\u0131na ba\u011fl\u0131 olundu\u011funu bildirdi.<\/p>\n<p style=\"text-align: justify;\">T\u00fcrkiye&#8217;nin Libya konusundaki katk\u0131lar\u0131na da de\u011finen Cameron, T\u00fcrkiye&#8217;nin 5 gemi ve 1 denizalt\u0131 ile BM silah ambargosunun uygulanmas\u0131na yard\u0131mc\u0131 oldu\u011funu s\u00f6yledi. Cameron, Londra&#8217;da \u00f6nceki g\u00fcn yap\u0131lan Uluslararas\u0131 Libya konferans\u0131n\u0131n bir\u00e7ok \u00fclkenin BM G\u00fcvenlik Konseyi karar\u0131n\u0131 destekledi\u011fini g\u00f6sterdi\u011fini ifade etti.<\/p>\n<p style=\"text-align: justify;\">Cameron, T\u00fcrkiye&#8217;nin Libya ile ilgili uluslararas\u0131 temas grubunda yer alaca\u011f\u0131n\u0131 belirterek, &#8220;Ayr\u0131ca Libya halk\u0131n\u0131n ihtiya\u00e7lar\u0131n\u0131 kar\u015f\u0131lamak i\u00e7in, Ankara&#8217;da ortak insani yard\u0131m birimi kurmaya karar verdik&#8221; dedi.<\/p>\n<p style=\"text-align: justify;\">Libya&#8217;n\u0131n istifa eden D\u0131\u015fi\u015fleri Bakan\u0131 Musa Kusa&#8217;n\u0131n \u0130ngiltere&#8217;ye s\u0131\u011f\u0131nmas\u0131 konusuna da konu\u015fmas\u0131nda de\u011finen Cameron, &#8220;Bu olay\u0131n, Kaddafi rejimine duyulan umutsuzluk, korku ve g\u00fcvensizli\u011fi g\u00f6sterdi\u011fini&#8221; belirtti. Konuya ili\u015fkin soruyu da yan\u0131tlayan Cameron &#8220;\u00fclkesinin Kusa&#8217;ya dokunulmazl\u0131k sa\u011flamad\u0131\u011f\u0131n\u0131&#8221; ifade etti.<\/p>\n<p style=\"text-align: justify;\">Cameron, Libya&#8217;da muhaliflerin silahland\u0131r\u0131lmas\u0131 konusunda bir soru \u00fczerine, &#8220;Biz Libya&#8217;n\u0131n b\u00f6l\u00fcnmesini istemiyoruz. Demokratik ve \u00f6zg\u00fcr bir gelecek i\u00e7in Libya&#8217;n\u0131n b\u00f6yle bir s\u00fcre\u00e7ten ge\u00e7mesini istiyoruz&#8221; dedi.<\/p>\n<p style=\"text-align: justify;\"><a href=\"http:\/\/www.cnnturk.com\/2011\/dunya\/03\/31\/basbakan.silahlandirmaya.karsi.cikti\/611794.0\/index.html\" target=\"_blank\">Kaynak : CNN T\u00dcRK<\/a><\/p>\n","protected":false},"excerpt":{"rendered":"<p style=\"text-align: justify;\">\n<p style=\"text-align: justify;\">Ba\u015fbakan Recep Tayyip Erdo\u011fan, &#8220;Temennimiz odur ki Libya halk\u0131n\u0131n talepleri do\u011frultusunda bir netice alal\u0131m ve Libya&#8217;da bir an \u00f6nce bar\u0131\u015f\u0131, demokratik hak ve \u00f6zg\u00fcrl\u00fckleri temin edelim. Libya&#8217;daki NATO m\u00fcdahalesi bana g\u00f6re bir Afganistan gibi olmas\u0131n&#8221; dedi. Erdo\u011fan, muhaliflerin silahland\u0131r\u0131lmas\u0131na ise kar\u015f\u0131 \u00e7\u0131kt\u0131. <\/p>\n","protected":false},"author":1,"featured_media":0,"comment_status":"open","ping_status":"closed","sticky":false,"template":"","format":"standard","meta":{"footnotes":""},"categories":[105],"tags":[],"class_list":["post-30046","post","type-post","status-publish","format-standard","hentry","category-gundem","odd"],"_links":{"self":[{"href":"http:\/\/www.korhanyilmaz.com\/index.php?rest_route=\/wp\/v2\/posts\/30046","targetHints":{"allow":["GET"]}}],"collection":[{"href":"http:\/\/www.korhanyilmaz.com\/index.php?rest_route=\/wp\/v2\/posts"}],"about":[{"href":"http:\/\/www.korhanyilmaz.com\/index.php?rest_route=\/wp\/v2\/types\/post"}],"author":[{"embeddable":true,"href":"http:\/\/www.korhanyilmaz.com\/index.php?rest_route=\/wp\/v2\/users\/1"}],"replies":[{"embeddable":true,"href":"http:\/\/www.korhanyilmaz.com\/index.php?rest_route=%2Fwp%2Fv2%2Fcomments&post=30046"}],"version-history":[{"count":0,"href":"http:\/\/www.korhanyilmaz.com\/index.php?rest_route=\/wp\/v2\/posts\/30046\/revisions"}],"wp:attachment":[{"href":"http:\/\/www.korhanyilmaz.com\/index.php?rest_route=%2Fwp%2Fv2%2Fmedia&parent=30046"}],"wp:term":[{"taxonomy":"category","embeddable":true,"href":"http:\/\/www.korhanyilmaz.com\/index.php?rest_route=%2Fwp%2Fv2%2Fcategories&post=30046"},{"taxonomy":"post_tag","embeddable":true,"href":"http:\/\/www.korhanyilmaz.com\/index.php?rest_route=%2Fwp%2Fv2%2Ftags&post=30046"}],"curies":[{"name":"wp","href":"https:\/\/api.w.org\/{rel}","templated":true}]}}