{"id":30042,"date":"2011-03-29T21:49:07","date_gmt":"2011-03-29T18:49:07","guid":{"rendered":"http:\/\/www.korhanyilmaz.com\/?p=30042"},"modified":"2011-03-29T21:49:07","modified_gmt":"2011-03-29T18:49:07","slug":"dilipakin-balyoz-isyani","status":"publish","type":"post","link":"http:\/\/www.korhanyilmaz.com\/?p=30042","title":{"rendered":"Dilipak&#8217;\u0131n &#8216;Balyoz&#8217; ku\u015fkusu"},"content":{"rendered":"<p style=\"text-align: justify;\"><a href=\"http:\/\/www.korhanyilmaz.com\/wp-content\/uploads\/2011\/03\/411.jpg\"  class=\"lightview\"><img loading=\"lazy\" decoding=\"async\" class=\"aligncenter size-full wp-image-30043\" src=\"http:\/\/www.korhanyilmaz.com\/wp-content\/uploads\/2011\/03\/411.jpg\" alt=\"\" width=\"385\" height=\"270\" \/><\/a><strong>Bizim bilmedi\u011fimiz baz\u0131 dolaplar d\u00f6n\u00fcyor san\u0131yorum.<\/strong><\/p>\n<p style=\"text-align: justify;\">Balyoz davas\u0131nda, ma\u011fdur taraflardan Gazeteci Abdurrahman Dilipak, davan\u0131n esas\u0131n\u0131 te\u015fkil eden 11 nolu CD hakk\u0131nda soru sormaktan vazge\u00e7ti. Dilipak, \u201cCD \u00fczerinde 2008\u2019e kadar hatta belki son g\u00fcne kadar da d\u00fczenlemeler yap\u0131ld\u0131. Ayd\u0131nlanmas\u0131n\u0131 bekliyorum\u201d dedi. <!--more--><\/p>\n<p style=\"text-align: justify;\">Balyoz Harekat Plan\u0131 davas\u0131n\u0131n ge\u00e7en hafta Sal\u0131 g\u00fcnk\u00fc duru\u015fmas\u0131nda bir ilk ya\u015fand\u0131. Balyoz plan\u0131nda ismi etkisizle\u015ftiricek 19 ki\u015fi aras\u0131nda ge\u00e7en Gazeteci Yazar Abrurrrahman Dilipak\u2019\u0131n avukat\u0131 Salih D\u00f6v\u00fcc\u00fc, di\u011fer m\u00fcdahiller \u00d6zg\u00fcr-Der ve Hukuk\u00e7ular Derne\u011fi ile beraber davan\u0131n ana delili 11 nolu CD hakk\u0131nda soru sormaktan vazge\u00e7ti. Dilipak\u2019\u0131n Avukat\u0131 Salih D\u00f6v\u00fcc\u00fc, CD\u2019nin Balyoz san\u0131klar\u0131ndan elde edilmi\u015f olup olmad\u0131\u011f\u0131n\u0131n kesinle\u015fmedi\u011fini kaydederek, \u2018onlar\u0131n kabul etmedi\u011fi bir delili do\u011fru olarak kabul etmiyoruz\u2019 dedi.<\/p>\n<p style=\"text-align: justify;\">Davan\u0131n ma\u011fduru ve m\u00fcdahili Dilipak \u201c2003 y\u0131l\u0131na ait oldu\u011fu s\u00f6ylenen belgelerde 2008 y\u0131l\u0131na ait izler var. Teorik olarak CD \u00fczerinde oynama yap\u0131lm\u0131\u015f olabilir\u201d dedi. Dilipak \u015f\u00f6yle devam etti:<\/p>\n<p style=\"text-align: justify;\"><strong>BAZI DOLAPLAR D\u00d6N\u00dcYOR:<\/strong> Baz\u0131 \u015feylere ula\u015fmak o kadar kolay de\u011fil. Bizim bilmedi\u011fimiz baz\u0131 dolaplar d\u00f6n\u00fcyor san\u0131yorum. Bu plan 2003\u2019te yap\u0131ld\u0131 ard\u0131ndan bir daha \u00fczerinde de\u011fi\u015fiklikler yap\u0131ld\u0131. 2008\u2019e kadar hatta belki son g\u00fcne kadar da d\u00fczenlemeler yap\u0131ld\u0131. Medical Park Hastanesi daha a\u00e7\u0131lmam\u0131\u015f ama 2003 y\u0131l\u0131na ait belgelerde hastanenin ismi var.<\/p>\n<p style=\"text-align: justify;\"><strong>OLAMAZ B\u00d6YLE B\u0130R \u015eEY:<\/strong> Tek ihtimalli bir kripto yok burada. Bu i\u015fi yapanlar s\u0131radan insanlar de\u011fil. Teorik olarak CD \u00fczerinde oynama yap\u0131lm\u0131\u015f olabilir. Hatta mutlaka bu i\u015ften haberi olmayan ama planda ismi ge\u00e7en ki\u015filer var. Su\u00e7lu olmad\u0131\u011f\u0131 halde, kurunun yan\u0131nda yanan ya\u015flar da vard\u0131r. Bu nedenle kuru ile ya\u015f\u0131n ayr\u0131lmas\u0131 gerekiyor. Ben bu nedenle kesinlikle o duru\u015fma salonuna oturtulan herkesin ayn\u0131 plan\u0131n bir par\u00e7as\u0131 oldu\u011funu d\u00fc\u015f\u00fcnm\u00fcyorum. Olamaz b\u00f6yle bir \u015fey.<\/p>\n<p style=\"text-align: justify;\"><strong>B\u00dcY\u00dcK B\u0130R SKANDAL: <\/strong>Bir gazeteci olarak da hala Balyoz belgesinde isimleri ge\u00e7en derneklere, hastanelere ula\u015fmaya \u00e7al\u0131\u015f\u0131yorum. Mahkemeden talebim \u015fuydu. E\u011fer birileri d\u0131\u015far\u0131da olu\u015fturup bu CD\u2019yi buraya koyduysa burada \u00e7ok b\u00fcy\u00fck bir skandal var. Bu durumda Balyoz san\u0131klar\u0131 su\u00e7 duyurusunda bulunmal\u0131.<\/p>\n<p style=\"text-align: justify;\"><strong>GER\u00c7E\u011e\u0130 ARIYORUZ:<\/strong> Mahkemede \u015funlar\u0131n veya onlar\u0131n kar\u015f\u0131s\u0131nda da de\u011filim. Ger\u00e7eklerin ortaya \u00e7\u0131kmas\u0131n\u0131 istiyorum. Ne oldu\u011funu tam bilmedi\u011fimiz bir konuda, yarg\u0131y\u0131 gereksiz bir \u015fekilde me\u015fgul etmek de istemeyiz. Ger\u00e7e\u011fi ar\u0131yoruz. T\u00fcrkiye\u2019de bu planlar\u0131 bu komplolar\u0131 kimler yap\u0131yorsa onlar ortaya \u00e7\u0131kar\u0131lmal\u0131 ve su\u00e7lular cezaland\u0131r\u0131lmal\u0131. Ben bir insan haklar\u0131 aktivistiyim. Daha \u00f6nce askeri davalarda yarg\u0131lanm\u0131\u015f bir ki\u015fiyim. Cuma Dergisi bu nedenle kapat\u0131ld\u0131. Buna ra\u011fmen e\u011fer ba\u015fka bir konuda bu ki\u015filere bir haks\u0131zl\u0131k yap\u0131l\u0131rsa ben elbette hakl\u0131n\u0131n yan\u0131nda olaca\u011f\u0131m. Bir M\u00fcsl\u00fcman\u0131m ve Kuran-\u0131 Kerim bir kavme olan d\u00fc\u015fmanl\u0131\u011f\u0131n\u0131z sizi onlar hakk\u0131nda adaletsizli\u011fe sevketmesin der.<\/p>\n<p style=\"text-align: justify;\"><strong>11 NOLU CD NED\u0130R? <\/strong><\/p>\n<p style=\"text-align: justify;\">11 nolu CD, Balyoz Harekat Plan\u0131 davas\u0131n\u0131n temelini te\u015fkil ediyor. Taraf Gazetesi\u2019nin savc\u0131l\u0131\u011fa teslim etti\u011fi belgeler o CD\u2019den \u00e7\u0131km\u0131\u015ft\u0131. Savc\u0131l\u0131k, belgeler ile beraber 11 nolu CD\u2019yi de alarak korumaya alm\u0131\u015ft\u0131.<\/p>\n<p style=\"text-align: justify;\"><a href=\"http:\/\/haber.gazetevatan.com\/dilipakin-balyoz-isyani\/368068\/1\/Gundem\" target=\"_blank\"><span style=\"color: #888888;\">Kaynak : Kenan BUTAKIN \/ VATAN HABER MERKEZ\u0130<\/span><\/a><\/p>\n","protected":false},"excerpt":{"rendered":"<p style=\"text-align: justify;\">Bizim bilmedi\u011fimiz baz\u0131 dolaplar d\u00f6n\u00fcyor san\u0131yorum.<\/p>\n<p style=\"text-align: justify;\">Balyoz davas\u0131nda, ma\u011fdur taraflardan Gazeteci Abdurrahman Dilipak, davan\u0131n esas\u0131n\u0131 te\u015fkil eden 11 nolu CD hakk\u0131nda soru sormaktan vazge\u00e7ti. Dilipak, \u201cCD \u00fczerinde 2008\u2019e kadar hatta belki son g\u00fcne kadar da d\u00fczenlemeler yap\u0131ld\u0131. Ayd\u0131nlanmas\u0131n\u0131 bekliyorum\u201d dedi. <\/p>\n","protected":false},"author":1,"featured_media":0,"comment_status":"open","ping_status":"closed","sticky":false,"template":"","format":"standard","meta":{"footnotes":""},"categories":[105],"tags":[],"class_list":["post-30042","post","type-post","status-publish","format-standard","hentry","category-gundem","odd"],"_links":{"self":[{"href":"http:\/\/www.korhanyilmaz.com\/index.php?rest_route=\/wp\/v2\/posts\/30042","targetHints":{"allow":["GET"]}}],"collection":[{"href":"http:\/\/www.korhanyilmaz.com\/index.php?rest_route=\/wp\/v2\/posts"}],"about":[{"href":"http:\/\/www.korhanyilmaz.com\/index.php?rest_route=\/wp\/v2\/types\/post"}],"author":[{"embeddable":true,"href":"http:\/\/www.korhanyilmaz.com\/index.php?rest_route=\/wp\/v2\/users\/1"}],"replies":[{"embeddable":true,"href":"http:\/\/www.korhanyilmaz.com\/index.php?rest_route=%2Fwp%2Fv2%2Fcomments&post=30042"}],"version-history":[{"count":0,"href":"http:\/\/www.korhanyilmaz.com\/index.php?rest_route=\/wp\/v2\/posts\/30042\/revisions"}],"wp:attachment":[{"href":"http:\/\/www.korhanyilmaz.com\/index.php?rest_route=%2Fwp%2Fv2%2Fmedia&parent=30042"}],"wp:term":[{"taxonomy":"category","embeddable":true,"href":"http:\/\/www.korhanyilmaz.com\/index.php?rest_route=%2Fwp%2Fv2%2Fcategories&post=30042"},{"taxonomy":"post_tag","embeddable":true,"href":"http:\/\/www.korhanyilmaz.com\/index.php?rest_route=%2Fwp%2Fv2%2Ftags&post=30042"}],"curies":[{"name":"wp","href":"https:\/\/api.w.org\/{rel}","templated":true}]}}