{"id":30038,"date":"2011-03-31T13:51:09","date_gmt":"2011-03-31T10:51:09","guid":{"rendered":"http:\/\/www.korhanyilmaz.com\/?p=30038"},"modified":"2011-03-31T13:51:09","modified_gmt":"2011-03-31T10:51:09","slug":"kilicdaroglu-9-yilda-ulke-ne-hale-geldi","status":"publish","type":"post","link":"http:\/\/www.korhanyilmaz.com\/?p=30038","title":{"rendered":"K\u0131l\u0131\u00e7daro\u011flu: &#8220;9 y\u0131lda \u00fclke ne hale geldi&#8221;"},"content":{"rendered":"<p style=\"text-align: justify;\"><a href=\"http:\/\/www.korhanyilmaz.com\/wp-content\/uploads\/2011\/03\/410.jpg\"  class=\"lightview\"><img loading=\"lazy\" decoding=\"async\" class=\"aligncenter size-full wp-image-30039\" src=\"http:\/\/www.korhanyilmaz.com\/wp-content\/uploads\/2011\/03\/410.jpg\" alt=\"\" width=\"349\" height=\"231\" \/><\/a><\/p>\n<p style=\"text-align: justify;\"><strong>&#8220;D\u00fcn de ilahiyat\u00e7\u0131lar bas\u0131ld\u0131. Neredeyse Kur&#8217;an&#8217;\u0131n meali toplat\u0131lacak. Bu hale getirdiler \u00fclkeyi&#8230;&#8221;<\/strong><\/p>\n<p style=\"text-align: justify;\">ANKARA- CHP Genel Ba\u015fkan\u0131 Kemal K\u0131l\u0131\u00e7daro\u011flu, &#8221;\u00dclkeyi y\u00f6neten bir ki\u015fi &#8216;<span style=\"text-decoration: underline;\">yarg\u0131 benim i\u015fime kar\u0131\u015fmas\u0131n<\/span>&#8216; diyebiliyor. <span style=\"text-decoration: underline;\">Kimsin sen, nereden al\u0131yorsun bu yetkiyi. Yarg\u0131 senin yalan\u0131na, dolan\u0131na, talan\u0131na dokunmayacak da kime dokunacak<\/span>&#8221; dedi. <!--more--><\/p>\n<p style=\"text-align: justify;\">K\u0131l\u0131\u00e7daro\u011flu, parti genel merkezindeki &#8221;Se\u00e7im Stratejileri ve Sand\u0131k E\u011fitimi&#8221; konulu toplant\u0131daki konu\u015fmas\u0131nda, yeni t\u00fcz\u00fck uyguland\u0131ktan sonra partide yeni bir yap\u0131lanma oldu\u011funu belirtti. &#8221;Yeni CHP&#8221; s\u00f6yleminin alt\u0131nda yatan temel etkenin de bu oldu\u011funa dikkati \u00e7eken K\u0131l\u0131\u00e7daro\u011flu, e\u011fitimden sorumlu bir genel ba\u015fkan yard\u0131mc\u0131lar\u0131 bulundu\u011funu s\u00f6yledi.<\/p>\n<p style=\"text-align: justify;\">Yeni yap\u0131lanman\u0131n, bekledikleri hedefe ula\u015fmas\u0131 i\u00e7in herkese d\u00fc\u015fen g\u00f6revler oldu\u011funu belirten K\u0131l\u0131\u00e7daro\u011flu, t\u00fcm vatanda\u015flar\u0131n sand\u0131\u011fa gitmesi i\u00e7in ellerinden gelen \u00e7abay\u0131 harcayacaklar\u0131n\u0131 bildirdi.<\/p>\n<p style=\"text-align: justify;\">Hi\u00e7bir partide olmayan e\u011fitim uygulamas\u0131n\u0131 ba\u015flatt\u0131klar\u0131n\u0131n alt\u0131n\u0131 \u00e7izen K\u0131l\u0131\u00e7daro\u011flu, \u015f\u00f6yle konu\u015ftu:<\/p>\n<p style=\"text-align: justify;\">&#8221;Sizden iste\u011fim \u015fu; yurtta\u015flar sand\u0131\u011fa gidecek ama sand\u0131klara sahip \u00e7\u0131kmam\u0131z laz\u0131m. Temel hedefimiz var. Her se\u00e7im sand\u0131\u011f\u0131nda bir gen\u00e7 bir kad\u0131n ve bir partilimiz olacak. E\u011fer sand\u0131klara sahip \u00e7\u0131karsak, yurtta\u015f\u0131n kafas\u0131ndaki kayg\u0131lar\u0131n, &#8216;oylar\u0131m\u0131z \u00e7al\u0131n\u0131yor mu, acaba sand\u0131kta oynama oldu mu&#8217; gibi pek \u00e7ok ku\u015fkuyu kayg\u0131 ortadan kald\u0131rm\u0131\u015f oluruz. Burada toplanmam\u0131z\u0131n temel amac\u0131 bu. Ne kadar dayan\u0131\u015fma yaparsak yapal\u0131m g\u00fc\u00e7lerin birle\u015fmesi bir amaca odaklanmas\u0131 laz\u0131m. Kontrols\u00fcz g\u00fc\u00e7 g\u00fc\u00e7 de\u011fildir, g\u00fcc\u00fc g\u00fc\u00e7 yapan kontrol edilmesi, denetlenmesi, bir amaca y\u00f6nelik mecran\u0131n i\u00e7erisine sokulmas\u0131d\u0131r. Bu ba\u011flamda bakt\u0131\u011f\u0131m\u0131z zaman gen\u00e7lik kollar\u0131m\u0131z, kad\u0131n kollar\u0131m\u0131z ve g\u00f6n\u00fcll\u00fclerimiz ele el verecekler ve se\u00e7im sand\u0131klar\u0131na sahip \u00e7\u0131kacaklar. E\u011fer se\u00e7im sand\u0131klar\u0131na sahip \u00e7\u0131karsak, iktidara ula\u015fmada \u00f6nemli bir ad\u0131m\u0131 ger\u00e7ekle\u015ftirmi\u015f oluruz.&#8221;<\/p>\n<p style=\"text-align: justify;\">\u00d6nceki se\u00e7imlerde, g\u00f6revlilerin bile sand\u0131k ba\u015f\u0131nda bulunmad\u0131klar\u0131n\u0131 g\u00f6rd\u00fcklerini anlatan K\u0131l\u0131\u00e7daro\u011flu, &#8221;Grup Ba\u015fkanvekili iken \u0130stanbul&#8217;da bir toplant\u0131da, &#8216;\u00f6\u011fle yeme\u011fi gelmedi, k\u0131zd\u0131m terk ettim&#8217; diyen bir arkada\u015fla kar\u015f\u0131la\u015ft\u0131m. Ona \u015funu s\u00f6yledim, &#8216;kusura bakma sen CHP&#8217;li de\u011filsin&#8217;. Bir &#8216;\u00f6\u011fle yeme\u011fi gelmedi&#8217; diye sand\u0131k m\u0131 terk edilir. Bu, pireye k\u0131z\u0131p yorgan\u0131 yakmay\u0131 benziyor. Gerekirse o g\u00fcn ak\u015fama kadar yemek gelemese a\u00e7 duraca\u011f\u0131z&#8221; diye konu\u015ftu.<\/p>\n<p style=\"text-align: justify;\"><strong>9 YILDA \u00dcLKE NE HALE GELD\u0130<\/strong><\/p>\n<p style=\"text-align: justify;\">T\u00fcrkiye&#8217;nin &#8221;ciddi sorunlarla bo\u011fu\u015ftu\u011funu&#8221; savunan K\u0131l\u0131\u00e7daro\u011flu, \u015f\u00f6yle devam etti:<\/p>\n<p style=\"text-align: justify;\">&#8221;\u015eu hale bak\u0131n, 9 y\u0131lda \u00fclke ne hale geldi. Kayg\u0131, sadece bizim kayg\u0131m\u0131z olmaktan \u00e7\u0131kt\u0131, d\u00fcnyan\u0131n kayg\u0131s\u0131 haline d\u00f6n\u00fc\u015ft\u00fc T\u00fcrkiye. &#8216;Ne oluyor T\u00fcrkiye&#8217;de&#8217; diye onlar bir birlerine soruyorlar. Neden gazeteciler tutuklan\u0131yor, ni\u00e7in i\u00e7eri at\u0131l\u0131yor. \u00dclkeyi y\u00f6neten bir ki\u015fi &#8216;yarg\u0131 benim i\u015fime kar\u0131\u015fmas\u0131n&#8217; diyebiliyor. Kimsin sen, nereden al\u0131yorsun bu yetkiyi. Yarg\u0131, senin yalan\u0131na, dolan\u0131na, talan\u0131na dokunmayacak da kime dokunacak. Hak arayan insanlara copla m\u00fcdahale ediyorsun, hak isteyen \u00fcniversite \u00f6\u011frencisine copla m\u00fcdahale ediyorsun. Kitap yazmak isteyen adam\u0131 hapse at\u0131yorsun. T\u00fcrkiye bu ko\u015fullarda&#8230;&#8221;<\/p>\n<p style=\"text-align: justify;\">&#8221;T\u00fcrkiye&#8217;nin sorunlar\u0131, T\u00fcrkiye&#8217;yi a\u015ft\u0131&#8221; diyen K\u0131l\u0131\u00e7daro\u011flu, s\u00f6zlerini \u015f\u00f6yle s\u00fcrd\u00fcrd\u00fc:<\/p>\n<p style=\"text-align: justify;\">&#8221;Sorunlar art\u0131k bir uygarl\u0131k sorunu haline d\u00f6n\u00fc\u015fmeye ba\u015flad\u0131. \u015eimdi i\u015fin i\u00e7inden nas\u0131l \u00e7\u0131kacaklar\u0131n\u0131 d\u00fc\u015f\u00fcn\u00fcyorlar. Efendim &#8216;2-3 tane savc\u0131y\u0131 al\u0131rsak ortal\u0131k belki yat\u0131\u015f\u0131r&#8217;. Yat\u0131\u015fmaz efendim, yat\u0131\u015fmaz&#8230; Bir insan\u0131n haks\u0131z, hukuksuz yere hapse girmesi ne demektir, bunu d\u00fc\u015f\u00fcnebiliyor musunuz? Bas\u0131lmam\u0131\u015f kitap imha edilecek. D\u00fcn de ilahiyat\u00e7\u0131lar bas\u0131ld\u0131. Neredeyse Kur&#8217;an\u0131n meali toplat\u0131lacak bu hale getirdiler T\u00fcrkiye&#8217;yi. Bu \u00fclkede s\u0131k\u0131 y\u00f6netim mi var? Eskiden ad\u0131 s\u0131k\u0131 y\u00f6netimdi, \u015fimdi s\u0131k\u0131 y\u00f6netim &#8216;ileri demokrasi&#8217; ad\u0131 alt\u0131nda uygulan\u0131yor. Savc\u0131lar var, \u00f6zel yetkili mahkemeler var, iddianameler var. S\u00fcrekli arka arkaya devam ediyor. Dizi gibi can\u0131 s\u0131k\u0131ld\u0131k\u00e7a bir dalga daha ba\u015fl\u0131yor. O bitti mi, CHP&#8217;nin ibresi mi y\u00fckseldi bir dalga daha ba\u015flat. Toplumun her kesimi kayg\u0131 ve ku\u015fku i\u00e7inde, o nedenle gen\u00e7lere, o nedenle kad\u0131nlara, o nedenle vatanseverlere b\u00fcy\u00fck g\u00f6revler d\u00fc\u015f\u00fcyor. Hepimize b\u00fcy\u00fck g\u00f6revler d\u00fc\u015f\u00fcyor. O nedenle sand\u0131klara sahip \u00e7\u0131kaca\u011f\u0131z. \u00dclkemizi sevdi\u011fimiz i\u00e7in insan\u0131 sevdi\u011fimiz i\u00e7in demokrasi ve \u00f6zg\u00fcrl\u00fcklere \u00f6zlem duydu\u011fumuz i\u00e7in \u00e7al\u0131\u015faca\u011f\u0131z.&#8221;<\/p>\n<p style=\"text-align: justify;\">Demokrasi ve \u00f6zg\u00fcrl\u00fc\u011f\u00fcn tenef\u00fcs edilen hava gibi oldu\u011funu belirten K\u0131l\u0131\u00e7daro\u011flu, &#8221;Varsa fark\u0131nda bile olmay\u0131z. Hava kirlendi\u011finde nefes alamad\u0131\u011f\u0131m\u0131zda havan\u0131n, demokrasin, \u00f6zg\u00fcrl\u00fc\u011f\u00fcn \u00f6nemini kavrar\u0131z. E\u011fer 21. y\u00fczy\u0131l\u0131n T\u00fcrkiyesinde insanlar telefonla konu\u015fam\u0131yorsa bir i\u015fadam\u0131 &#8216;acaba \u015fikayetimi dile getirebilir miyim&#8217; diye d\u00fc\u015f\u00fcnmekten korkuyorsa o \u00fclkede demokrasi yoktur. Bu \u00fclkede bir Ba\u015fbakan \u00e7\u0131k\u0131p &#8216;yarg\u0131 benim i\u015fime kar\u0131\u015fmas\u0131n ben de onun i\u015fine kar\u0131\u015fm\u0131yorum&#8217; diyorsa bilin ki bu \u00fclkede demokrasi ve g\u00fc\u00e7ler ayr\u0131l\u0131\u011f\u0131 ilkesi yoktur&#8221; diye konu\u015ftu.<\/p>\n<p style=\"text-align: justify;\"><strong>&#8221;YEN\u0130 S\u0130YASET\u00c7\u0130 OLMAKTAN GURUR DUYUYORUM&#8221;<\/strong><\/p>\n<p style=\"text-align: justify;\">D\u00fcn Ba\u015fbakan Erdo\u011fan&#8217;\u0131n kendisi i\u00e7in &#8221;Daha yeni bir siyaset\u00e7i&#8221; dedi\u011fini an\u0131msatan K\u0131l\u0131\u00e7daro\u011flu, yeni siyaset\u00e7i olmaktan gurur duydu\u011funu bildirdi.<\/p>\n<p style=\"text-align: justify;\">K\u0131l\u0131\u00e7daro\u011flu, &#8221;Yeni siyaset\u00e7iyim, temiz siyaset\u00e7iyim, halk\u0131na yalan s\u00f6ylememeyi ilke edinen bir siyaset\u00e7iyim. Bunu s\u00f6ylerken bile beni ele\u015ftirirken bile halka do\u011frular\u0131 s\u00f6ylemiyor. &#8216;Efendim biz yarg\u0131n\u0131n i\u015fine kar\u0131\u015fm\u0131yoruz&#8217;. \u0130nsan biraz s\u0131k\u0131l\u0131r. Biraz ahlak olur insanda. Kurdu\u011fu c\u00fcmlenin nereye gitti\u011fini en az\u0131ndan \u00f6nce d\u00fc\u015f\u00fcn\u00fcr. Yine aynaya, cama bakmadan konu\u015fmu\u015f&#8221; dedi.<\/p>\n<p style=\"text-align: justify;\"><strong>&#8221;SEN ESK\u0130 S\u0130YASET\u00c7\u0130 OLDUN DA NE OLDU&#8230;&#8221;<\/strong><\/p>\n<p style=\"text-align: justify;\">Ba\u015fbakan Erdo\u011fan&#8217;\u0131n &#8221;yarg\u0131 i\u015fine m\u00fcdahale etmiyoruz&#8221; dedi\u011fini hat\u0131rlatan K\u0131l\u0131\u00e7daro\u011flu, \u015funlar\u0131 kaydetti:<\/p>\n<p style=\"text-align: justify;\">&#8221;Ne demek etmiyoruz, bal gibi m\u00fcdahale ediyorsun. HSYK Ba\u015fkan\u0131 kim, Adalet Bakan\u0131. Bu Adalet Bakan\u0131 uzaydan m\u0131 geldi. Bu Adalet Bakan\u0131 ba\u015fka bir \u00fclkeden mi geldi? Adalet Bakan\u0131&#8217;n\u0131 HSYK m\u0131 se\u00e7ti, yok. Senin Adalet Bakan\u0131n. Senin M\u00fcste\u015far\u0131n o komisyonda g\u00f6rev yap\u0131yor. Sen do\u011frudan m\u00fcdahale ediyorsun zaten. Kimi kand\u0131r\u0131yorsun bir de diyor ki &#8216;efendim o yeni siyaset\u00e7i&#8217;&#8230; Sen eski siyaset\u00e7i oldun da ne oldu, halka do\u011frular\u0131 s\u00f6yle. Milleti kand\u0131rmak eski siyaset\u00e7i olmakla e\u015f anlaml\u0131d\u0131r. Senin y\u00fcz\u00fcnden zaten siyaset\u00e7iye olan g\u00fcven sars\u0131l\u0131yor. Vatanda\u015f niye diyor &#8216;ben siyasete g\u00fcvenmiyorum&#8217; senin y\u00fcz\u00fcnden, senin izledi\u011fin politikalar y\u00fcz\u00fcnden. \u0130nsanda s\u0131k\u0131lma olur, bunlarda s\u0131k\u0131lma da arlanma da yok. Ahlak olur, samimi s\u00f6yl\u00fcyorum, bizim anlad\u0131\u011f\u0131m\u0131z anlamda bunlarda ahlak da yok. Bir politikac\u0131n\u0131n halka g\u00fcven vermesi i\u00e7in \u00f6nce demokrasiye inanmas\u0131 laz\u0131m, g\u00fc\u00e7ler ayr\u0131l\u0131\u011f\u0131 ilkesine inanmas\u0131 laz\u0131m. O g\u00fc\u00e7lerin birbirini denetledi\u011fini kontrol etti\u011fini bilmesi laz\u0131m. Onlar\u0131n anayasal g\u00fcvenceleri laz\u0131m.<\/p>\n<p style=\"text-align: justify;\">HSYK, senin emrinde de\u011fil mi? Bizi mi kand\u0131r\u0131yorsun sen. &#8216;Efendim savc\u0131lar\u0131 de\u011fi\u015ftirdik de ne oldu ortal\u0131k s\u00fct liman olacak, hi\u00e7 bir \u015fey olmaz.&#8217; Sen savc\u0131lar\u0131 de\u011fi\u015ftirece\u011fine tarafs\u0131zl\u0131klar\u0131 yarg\u0131 karar\u0131yla ortadan kalkm\u0131\u015f tarafs\u0131z olmad\u0131klar\u0131 yarg\u0131 karar\u0131yla ortaya konmu\u015f kesinle\u015fmi\u015f yarg\u0131\u00e7lar\u0131 orada tutma. \u0130nsanda ahlak varsa etik de\u011ferleri varsa bu yarg\u0131\u00e7lar\u0131n istifa etmesi laz\u0131m. Ediyorlar m\u0131? Hay\u0131r. Kim diyor &#8216;orada durun&#8217; diye, HSYK&#8230; Ba\u015f\u0131nda kim var, Adalet Bakan\u0131.&#8221;<\/p>\n<p style=\"text-align: justify;\">Halka her zaman do\u011frular\u0131 s\u00f6yleyece\u011fini, bunda kararl\u0131 oldu\u011funu belirten K\u0131l\u0131\u00e7daro\u011flu, &#8221;Do\u011fruyu s\u00f6yleyeni 9 k\u00f6yden kovarlar. Gerekirse 10&#8217;uncu k\u00f6ye gitmesini de bilece\u011fim&#8221; ifadesini kulland\u0131.<\/p>\n<p style=\"text-align: justify;\"><strong>&#8221;SIRA D\u0130N ADAMLARINA GELD\u0130&#8221;<\/strong><\/p>\n<p style=\"text-align: justify;\">K\u0131l\u0131\u00e7daro\u011flu, \u00f6ncelikle halk\u0131n sorunlar\u0131n\u0131 \u00f6\u011freneceklerini ve \u00e7\u00f6z\u00fcm \u00f6nerilerini halka anlatacaklar\u0131n\u0131 s\u00f6yledi.<\/p>\n<p style=\"text-align: justify;\">T\u00fcrkiye&#8217;yi demokrasi ve \u00f6zg\u00fcrl\u00fck s\u00f6ylemleri ile d\u00fcnya ligine \u00e7\u0131karacaklar\u0131n\u0131 belirten K\u0131l\u0131\u00e7daro\u011flu, &#8221;E\u011fer d\u00fcnya &#8216;bu \u00fclkede ne oluyor&#8217; diye kayg\u0131 duyuyorsa, o kayg\u0131lar\u0131nda hakl\u0131lar. \u0130lk Br\u00fcksel&#8217;e gitti\u011fimde hapisteki gazeteci say\u0131s\u0131 53&#8217;t\u00fc, \u015fimdi 68. Bakal\u0131m ilahiyat\u00e7\u0131lar ne olacak, s\u0131ra din adamlar\u0131na geldi. Haks\u0131zl\u0131\u011fa u\u011frayan herkesi -CHP&#8217;li olsun olmas\u0131n- savunmak, CHP&#8217;lilerin g\u00f6revidir&#8221; dedi.<\/p>\n<p style=\"text-align: justify;\">Sorunlar olabilece\u011fini, bunlar\u0131 korkmadan \u00f6zg\u00fcrce tart\u0131\u015facaklar\u0131n\u0131 belirten K\u0131l\u0131\u00e7daro\u011flu, eksiklerini hat\u0131rlatanlara da te\u015fekk\u00fcr edeceklerini s\u00f6yledi.<\/p>\n<p style=\"text-align: justify;\">&#8221;10 Soruda Aile sigortas\u0131 Kitap\u00e7\u0131\u011f\u0131&#8221; haz\u0131rlad\u0131klar\u0131n\u0131 bildiren K\u0131l\u0131\u00e7daro\u011flu, se\u00e7im \u00e7al\u0131\u015fmalar\u0131 s\u0131ras\u0131nda bu kitap\u00e7\u0131\u011f\u0131n girmedi\u011fi evin kalmayaca\u011f\u0131n\u0131 s\u00f6yledi.<\/p>\n<p style=\"text-align: justify;\">Gen\u00e7lerin g\u00fcvencesinin de CHP oldu\u011funu savunan K\u0131l\u0131\u00e7daro\u011flu, &#8221;\u00dcniversitede okurken askerlik yapacaks\u0131n\u0131z. Mezun olunca askerli\u011finiz bitmi\u015f olacak. 15 ayl\u0131k askerli\u011fi \u00f6nce 9 aya ard\u0131ndan 6 aya indirece\u011fiz. Siz \u00e7al\u0131\u015facak ve \u00fcreteceksiniz&#8221; dedi.<\/p>\n<p style=\"text-align: justify;\">Ta\u015feron i\u015f\u00e7ili\u011fin bir insanl\u0131k ay\u0131b\u0131 oldu\u011funu ileri s\u00fcren K\u0131l\u0131\u00e7daro\u011flu, &#8221;D\u00fcn Pursaklar&#8217;da gen\u00e7 bir ki\u015fi ayda 700 lira al\u0131yorum, 480 lira ev kiras\u0131 veriyorum, iki \u00e7ocu\u011fum var nas\u0131l ge\u00e7ineyim&#8217; dedi. Bende espri olsun diye &#8216;\u00fc\u00e7\u00fcnc\u00fc \u00e7ocu\u011fu yapmad\u0131n m\u0131?&#8217; dedim. &#8216;Nas\u0131l yapaca\u011f\u0131m&#8217; dedi. Biz, bu tabloyu de\u011fi\u015ftirece\u011fiz, refah devletini sosyal devleti kuraca\u011f\u0131z&#8221; ifadelerini kulland\u0131.<\/p>\n<p style=\"text-align: justify;\">Daha sonra s\u00f6z alan Genel Ba\u015fkan Yard\u0131mc\u0131s\u0131 Sena Kaleli de Halk Enstit\u00fcs\u00fc Projesi hakk\u0131nda bilgi verdi.<\/p>\n<p style=\"text-align: justify;\">Projenin ad\u0131n\u0131, CHP&#8217;nin temel de\u011ferleri olan halktan ald\u0131\u011f\u0131n\u0131 belirten Kaleli, &#8221;Proje, halk\u0131m\u0131z\u0131n Cumhuriyetin temel de\u011ferlerine ve devrimlerine sahip \u00e7\u0131kmas\u0131n\u0131, kat\u0131l\u0131mc\u0131l\u0131kla geli\u015ftirilmesini ama\u00e7lam\u0131\u015ft\u0131r. Parti \u0130\u00e7i E\u011fitim Birimi, \u00f6rg\u00fct\u00fcm\u00fcz\u00fc se\u00e7imlere Halk Enstit\u00fcs\u00fc ile haz\u0131rlayacak, payla\u015farak \u00e7o\u011falaca\u011f\u0131z&#8221; dedi.<\/p>\n<p style=\"text-align: justify;\"><a href=\"http:\/\/www.gazeteport.com.tr\/SIYASET\/NEWS\/GP_879139\" target=\"_blank\">Kaynak : GAZETEPORT<\/a><\/p>\n","protected":false},"excerpt":{"rendered":"<p style=\"text-align: justify;\">\n<p style=\"text-align: justify;\">&#8220;D\u00fcn de ilahiyat\u00e7\u0131lar bas\u0131ld\u0131. Neredeyse Kur&#8217;an&#8217;\u0131n meali toplat\u0131lacak. Bu hale getirdiler \u00fclkeyi&#8230;&#8221;<\/p>\n<p style=\"text-align: justify;\">ANKARA- CHP Genel Ba\u015fkan\u0131 Kemal K\u0131l\u0131\u00e7daro\u011flu, &#8221;\u00dclkeyi y\u00f6neten bir ki\u015fi &#8216;yarg\u0131 benim i\u015fime kar\u0131\u015fmas\u0131n&#8216; diyebiliyor. Kimsin sen, nereden al\u0131yorsun bu yetkiyi. Yarg\u0131 senin yalan\u0131na, dolan\u0131na, talan\u0131na dokunmayacak da kime dokunacak&#8221; dedi. <\/p>\n","protected":false},"author":1,"featured_media":0,"comment_status":"open","ping_status":"closed","sticky":false,"template":"","format":"standard","meta":{"footnotes":""},"categories":[105],"tags":[],"class_list":["post-30038","post","type-post","status-publish","format-standard","hentry","category-gundem","odd"],"_links":{"self":[{"href":"http:\/\/www.korhanyilmaz.com\/index.php?rest_route=\/wp\/v2\/posts\/30038","targetHints":{"allow":["GET"]}}],"collection":[{"href":"http:\/\/www.korhanyilmaz.com\/index.php?rest_route=\/wp\/v2\/posts"}],"about":[{"href":"http:\/\/www.korhanyilmaz.com\/index.php?rest_route=\/wp\/v2\/types\/post"}],"author":[{"embeddable":true,"href":"http:\/\/www.korhanyilmaz.com\/index.php?rest_route=\/wp\/v2\/users\/1"}],"replies":[{"embeddable":true,"href":"http:\/\/www.korhanyilmaz.com\/index.php?rest_route=%2Fwp%2Fv2%2Fcomments&post=30038"}],"version-history":[{"count":0,"href":"http:\/\/www.korhanyilmaz.com\/index.php?rest_route=\/wp\/v2\/posts\/30038\/revisions"}],"wp:attachment":[{"href":"http:\/\/www.korhanyilmaz.com\/index.php?rest_route=%2Fwp%2Fv2%2Fmedia&parent=30038"}],"wp:term":[{"taxonomy":"category","embeddable":true,"href":"http:\/\/www.korhanyilmaz.com\/index.php?rest_route=%2Fwp%2Fv2%2Fcategories&post=30038"},{"taxonomy":"post_tag","embeddable":true,"href":"http:\/\/www.korhanyilmaz.com\/index.php?rest_route=%2Fwp%2Fv2%2Ftags&post=30038"}],"curies":[{"name":"wp","href":"https:\/\/api.w.org\/{rel}","templated":true}]}}