{"id":30033,"date":"2011-03-31T10:42:47","date_gmt":"2011-03-31T07:42:47","guid":{"rendered":"http:\/\/www.korhanyilmaz.com\/?p=30033"},"modified":"2011-03-31T10:42:47","modified_gmt":"2011-03-31T07:42:47","slug":"zekeriya-ozu-kullanip-bir-kenara-biraktilar","status":"publish","type":"post","link":"http:\/\/www.korhanyilmaz.com\/?p=30033","title":{"rendered":"&#8220;Zekeriya \u00d6z&#8217;\u00fc kullan\u0131p bir kenara b\u0131rakt\u0131lar&#8221;"},"content":{"rendered":"<p style=\"text-align: justify;\"><a href=\"http:\/\/www.korhanyilmaz.com\/wp-content\/uploads\/2011\/03\/409.jpg\"  class=\"lightview\"><img loading=\"lazy\" decoding=\"async\" class=\"aligncenter size-full wp-image-30034\" src=\"http:\/\/www.korhanyilmaz.com\/wp-content\/uploads\/2011\/03\/409.jpg\" alt=\"\" width=\"414\" height=\"220\" \/><\/a><\/p>\n<p style=\"text-align: justify;\">CHP lideri K\u0131l\u0131\u00e7daro\u011flu, Ergenekon savc\u0131s\u0131 Zekeriya \u00d6z&#8217;\u00fcn g\u00f6revden al\u0131nmas\u0131yla ilgili olarak &#8220;Biz kar\u0131\u015fmay\u0131z&#8221; diyen Ba\u015fbakan Erdo\u011fan&#8217;\u0131n do\u011fru s\u00f6ylmedi\u011fini ve d\u00fcnya kamuoyundaki tepkileri dindirmek i\u00e7in bu g\u00f6revden alman\u0131n ger\u00e7ekle\u015ftirildi\u011fini s\u00f6yledi.<!--more--><\/p>\n<p style=\"text-align: justify;\">ANKARA- CHP Genel Ba\u015fkan\u0131 Kemal K\u0131l\u0131\u00e7daro\u011flu, HSYK Kararnamesi ile yap\u0131lan de\u011fi\u015fikliklere ili\u015fkin, &#8221;Ba\u015fsavc\u0131 de\u011fi\u015fmedi, ba\u015fsavc\u0131 Say\u0131n Erdo\u011fan&#8217;d\u0131r. &#8216;Ben bu davan\u0131n savc\u0131s\u0131y\u0131m&#8217; demi\u015fti. Zekeriya \u00d6z orada terfi ettirildi, yerine bir ba\u015fka Zekeriya \u00d6z getirilecek ne fark eder. O \u015fahs\u0131 kullan\u0131p bir tarafa att\u0131n\u0131z &#8221; dedi.<\/p>\n<p style=\"text-align: justify;\">K\u0131l\u0131\u00e7daro\u011flu, CHP Genel Merkezi&#8217;ndeki se\u00e7im stratejileri ve sand\u0131k e\u011fitimi konulu toplant\u0131 \u00f6ncesi gazetecilerin sorular\u0131n\u0131 yan\u0131tlad\u0131. Bir gazetecinin HSYK Kararnamesi ile yap\u0131lan g\u00f6rev de\u011fi\u015fikliklerini an\u0131msatarak &#8221;Soru\u015fturma ile ilgili itirazlar\u0131n\u0131z s\u00f6z konusuydu. Ba\u015fsavc\u0131n\u0131n de\u011fi\u015fmesiyle soru\u015fturmada ya da iddianamede farkl\u0131l\u0131k m\u0131 olaca\u011f\u0131n\u0131 d\u00fc\u015f\u00fcn\u00fcyorsunuz? Yoksa bunu n\u00f6bet de\u011fi\u015fimi olarak m\u0131 alg\u0131l\u0131yorsunuz&#8221; sorusu \u00fczerine, K\u0131l\u0131\u00e7daro\u011flu, \u015funlar\u0131 s\u00f6yledi:<\/p>\n<p style=\"text-align: justify;\">&#8221;Ba\u015fsavc\u0131 de\u011fi\u015fmedi, ba\u015fsavc\u0131 Say\u0131n Erdo\u011fan&#8217;d\u0131r. &#8216;Ben bu davan\u0131n savc\u0131s\u0131y\u0131m&#8217; demi\u015fti. Zekeriya \u00d6z orada terfi ettirildi, yerine bir ba\u015fka Zekeriya \u00d6z getirilecek ne fark eder? Ayr\u0131ca o bir iddia makam\u0131d\u0131r. As\u0131l olan karar verecek olan mevkideki ki\u015filerin yans\u0131zl\u0131\u011f\u0131, tarafs\u0131zl\u0131\u011f\u0131 ve ba\u011f\u0131ms\u0131zl\u0131\u011f\u0131. O ki\u015filer \u00f6yle mi? Hay\u0131r. Ni\u00e7in hay\u0131r? \u00c7\u00fcnk\u00fc Yarg\u0131tay&#8217;\u0131n karar\u0131 \u00e7\u0131kt\u0131, &#8216;Bunlar tarafs\u0131z de\u011fillerdir&#8217; diye. Tarafs\u0131z olmayan bir yarg\u0131\u00e7 bu davay\u0131 g\u00f6t\u00fcr\u00fcrse ne yaparlarsa yaps\u0131nlar, \u00fc\u00e7 tane Zekeriya \u00d6z&#8217;\u00fc al\u0131rlar, yedi tane Zekeriya \u00d6z&#8217;\u00fc getirirler ne fark eder?&#8221;<\/p>\n<p style=\"text-align: justify;\"><strong>&#8220;\u00d6Z&#8217;\u00dc KULLANIP B\u0130R KENARA BIRAKTIRLAR&#8221;<\/strong><\/p>\n<p style=\"text-align: justify;\">&#8221;Bu ki\u015fi uzun s\u00fcre kullan\u0131ld\u0131, sonra bir tarafa b\u0131rak\u0131ld\u0131. Say\u0131n \u00d6z&#8217;\u00fcn ve arkada\u015flar\u0131n\u0131n g\u00f6revden al\u0131nmas\u0131, terfi ettirilmesi \u00e7ok \u00f6nemli bir olay de\u011fil. \u00c7\u00fcnk\u00fc Say\u0131n \u00d6z&#8217;\u00fcn bulundu\u011fu g\u00f6rev bir iddia g\u00f6revi, iddia makam\u0131. Belli iddialarda bulunuyor. As\u0131l \u00fczerinde durulmas\u0131 gereken, Yarg\u0131tay karar\u0131yla tarafs\u0131zl\u0131klar\u0131n\u0131 yitirdi\u011fi kan\u0131tlanm\u0131\u015f olan yarg\u0131\u00e7lar\u0131n g\u00f6reve devam edip etmeyece\u011fi. E\u011fer hukuk diyorsak, hukukun \u00fcst\u00fcnl\u00fc\u011f\u00fc diyorsak, hukuka g\u00fcven duyacaksak bu y\u00f6nde \u00f6nemli bir ad\u0131m\u0131n at\u0131lmas\u0131 gerekiyor.&#8221;<\/p>\n<p style=\"text-align: justify;\"><strong>&#8221;OLU\u015eAN TABLOYU D\u00dcZELTME OPERASYONU&#8221;<\/strong><\/p>\n<p style=\"text-align: justify;\">K\u0131l\u0131\u00e7daro\u011flu, ba\u015fka bir gazetecinin &#8221;Terfi \u015feklindeki bu g\u00f6revden el \u00e7ektirme sizce bundan sonraki s\u00fcreci nas\u0131l etkiler, \u00f6zellikle Nedim \u015eener ve Ahmet \u015e\u0131k;\u0131n \u00f6nce g\u00f6zalt\u0131na al\u0131nmas\u0131, sonra tutuklanmas\u0131yla izlenen s\u00fcre\u00e7ten bir rahats\u0131zl\u0131k m\u0131 vard\u0131?&#8221; sorusuna ise &#8221;Bu, H\u00fck\u00fcmet&#8217;in d\u00fcnya kamuoyunda olu\u015fan olumsuz tabloyu tersine \u00e7evirmek i\u00e7in yapt\u0131\u011f\u0131 bir operasyon&#8221; yan\u0131t\u0131n\u0131 verdi.<\/p>\n<p style=\"text-align: justify;\">Ba\u015fbakan Erdo\u011fan&#8217;\u0131n &#8221;Biz yarg\u0131n\u0131n i\u015fine kar\u0131\u015fm\u0131yoruz&#8221; \u015feklindeki s\u00f6zlerinin de do\u011fruyu yans\u0131tmad\u0131\u011f\u0131n\u0131 \u00f6ne s\u00fcren K\u0131l\u0131\u00e7daro\u011flu, Adalet Bakan\u0131&#8217;n\u0131n, HSYK&#8217;n\u0131n Ba\u015fkan\u0131 oldu\u011funa dikkati \u00e7ekti.<\/p>\n<p style=\"text-align: justify;\">K\u0131l\u0131\u00e7daro\u011flu, &#8221;Nas\u0131l oluyor da bir Ba\u015fbakan \u00e7\u0131k\u0131p &#8216;biz yarg\u0131n\u0131n i\u015fine kar\u0131\u015fm\u0131yoruz&#8217; diyebiliyor. Do\u011frudan do\u011fruya siz yarg\u0131n\u0131n i\u015fine kar\u0131\u015f\u0131yorsunuz, yarg\u0131yla ilgili kararlar\u0131 siz al\u0131yorsunuz. Zekeriya \u00d6z&#8217;\u00fc de siz g\u00f6revden ald\u0131n\u0131z, terfi ettirdiniz. Ni\u00e7in? &#8216;Kamuoyunda olu\u015fan infiali acaba tersine d\u00f6nd\u00fcrebilir miyiz?&#8217; Ve buna da oturup bir k\u0131l\u0131f uyduruyorsunuz. Ve kendinizi eski siyaset\u00e7i olarak tan\u0131ml\u0131yorsunuz, &#8216;biz eski siyaset\u00e7iyiz, bunlar\u0131 biliriz.&#8217; Siz eski siyaset\u00e7isiniz, kurt politikac\u0131 olabilirsiniz ama siz halka do\u011frular\u0131 s\u00f6ylemiyorsunuz&#8221; diye konu\u015ftu.<\/p>\n<p style=\"text-align: justify;\"><strong>&#8220;BA\u015eKA B\u0130R BA\u015eBAKAN DUYSA DALGA GE\u00c7ER&#8221;<\/strong><\/p>\n<p style=\"text-align: justify;\">Ba\u015fbakan Erdo\u011fan&#8217;\u0131n &#8221;yarg\u0131 bizim i\u015fimize kar\u0131\u015fmas\u0131n&#8221; s\u00f6zlerine de tepki g\u00f6steren K\u0131l\u0131\u00e7daro\u011flu, \u015funlar\u0131 kaydetti:<\/p>\n<p style=\"text-align: justify;\">&#8221;Her t\u00fcrl\u00fc hukuksuzlu\u011fu yap, e bu millet adaleti nerede arayacak? Bunu s\u00f6yleyen bir ki\u015fide demokrasi k\u00fclt\u00fcr\u00fc var m\u0131 acaba? Bunu s\u00f6yleyen bir ki\u015fide demokrasi nedir diye acaba kendisine soru sorma yetene\u011fi, yetkisi var m\u0131 acaba? Hukuksuzluk nerede varsa orada yarg\u0131n\u0131n m\u00fcdahale hakk\u0131 vard\u0131r, bu evrensel bir kurald\u0131r. Bu \u00fclkeyi y\u00f6neten ki\u015fi nas\u0131l bu kurallar\u0131 bilmez? &#8216;Ben ba\u015f\u0131ma buyru\u011fum, her i\u015fi yapar\u0131m, ben onun i\u015fine kar\u0131\u015fmayaca\u011f\u0131m, o da benim i\u015fime kar\u0131\u015fmas\u0131n.&#8217; Gitsin acaba ba\u015fka bir \u00fclkedeki ba\u015fbakana sorsun, ben b\u00f6yle bir \u015fey s\u00f6yledim, ne diyorsunuz diye. B\u00fcy\u00fck bir olas\u0131l\u0131kla kendisiyle dalga ge\u00e7ilir.&#8221;<\/p>\n<p style=\"text-align: justify;\"><strong>\u201cYEN\u0130 S\u0130YASET\u00c7\u0130 OLMAKTAN GURUR DUYARIM\u201d<\/strong><\/p>\n<p style=\"text-align: justify;\">Bir \u00fclkede ba\u015fbakan \u00e7\u0131k\u0131p \u201cyarg\u0131 benim i\u015fime kar\u0131\u015fmas\u0131n\u201d diyorsa o \u00fclkede kuvvetler ayr\u0131l\u0131\u011f\u0131 yoktur.<\/p>\n<p style=\"text-align: justify;\">D\u00fcn benim hakk\u0131mda \u201co daha yeni siyaset\u00e7i\u201d demi\u015f. Yeni siyaset\u00e7i olmaktan gurur duyar\u0131m. Yeni siyaset\u00e7iyim. Temiz siyaset\u00e7iyim. Halk\u0131na yalan s\u00f6ylememeyi ilke edinmi\u015f bir siyaset\u00e7iyim.<\/p>\n<p style=\"text-align: justify;\">Yarg\u0131n\u0131n i\u015fine m\u00fcdahale etmediklerini s\u00f6yl\u00fcyorlar. Belli ki cama bakmadan konu\u015fmu\u015f. S\u00f6z\u00fcn\u00fcn nereye gidece\u011fini bilmiyor. Sen do\u011frudan yarg\u0131ya m\u00fcdahale ediyorsun. Adalet Bakan\u0131\u2019n\u0131n, m\u00fcste\u015far\u0131n do\u011frudan kurula m\u00fcdahale ediyor.<\/p>\n<p style=\"text-align: justify;\"><strong>&#8220;SEN\u0130N Y\u00dcZ\u00dcNDEN S\u0130YASET\u00c7\u0130LERE G\u00dcVEN SARSILIYOR&#8221;<\/strong><\/p>\n<p style=\"text-align: justify;\">Senin y\u00fcz\u00fcnden siyaset\u00e7ilere olan g\u00fcven sars\u0131l\u0131yor. \u0130nsanda utanma olur, arlanma olur. Ahlak olur. Bizim anlad\u0131\u011f\u0131m\u0131z anlamda bunlarda ahlak da yok.<\/p>\n<p style=\"text-align: justify;\">HSYK senin emrinde de\u011fil mi bizi mi kand\u0131r\u0131yorsun. Sen savc\u0131lar\u0131 de\u011fi\u015ftirece\u011fine tarafs\u0131z olmad\u0131klar\u0131 kesinle\u015fmi\u015f yarg\u0131\u00e7lar\u0131 orada tutma. \u0130nsanda ahlak varsa o yarg\u0131\u00e7lar\u0131n oradan istifa etmesi laz\u0131m zaten. Kim diyor orada durun diye HSYK. Ba\u015f\u0131nda kim var Adalet bakan\u0131. Birbirimizi kand\u0131rmayal\u0131m.<\/p>\n<p style=\"text-align: justify;\">Siyasete girerken s\u00f6z verdim halka her eyerde do\u011frular\u0131 s\u00f6yleyece\u011fim diye. Do\u011fru s\u00f6yleyeni 9 k\u00f6yden kovarlar ama ben gerekirse 10. k\u00f6ye gitmesini bilece\u011fim.<\/p>\n<p style=\"text-align: justify;\"><strong>\u201cSIRA D\u0130N ADAMLARINA GELD\u0130\u201d<\/strong><\/p>\n<p style=\"text-align: justify;\">Hapiste 68 gazeteci var. \u015eimdi s\u0131ra din adamlar\u0131nda. Hani Nazi d\u00f6neminde bir din adam\u0131 demi\u015fti ya, \u201cherkesi g\u00f6t\u00fcr\u00fcyorlard\u0131 ses \u00e7\u0131karmad\u0131m, s\u0131ra bana gelince ses \u00e7\u0131karacak kimse kalmam\u0131\u015ft\u0131.\u201d Haks\u0131zl\u0131\u011fa u\u011fram\u0131\u015f herkesi, CHP\u2019li olsun ya da olmas\u0131n savunmak CHP\u2019nin g\u00f6revidir.<\/p>\n<p style=\"text-align: justify;\"><strong>&#8221;BA\u015eBAKAN B\u0130LE O TASARININ SA\u011eLIK OLMADI\u011eINI KABUL ETT\u0130&#8221;<\/strong><\/p>\n<p style=\"text-align: justify;\">Ba\u015fbakan Erdo\u011fan&#8217;\u0131n, kanun h\u00fckm\u00fcnde kararnamelerle (KHK) ilgili &#8221;daha \u00f6nceki d\u00f6nemlerde de ayn\u0131 kararlar al\u0131nd\u0131&#8221; s\u00f6zlerini de de\u011ferlendiren K\u0131l\u0131\u00e7daro\u011flu, Meclis&#8217;in \u00e7al\u0131\u015fmaya haz\u0131r oldu\u011funu ve tatile girmesine gerek olmad\u0131\u011f\u0131n\u0131, bakanl\u0131klar\u0131n birle\u015fmesi gerekiyorsa Meclis&#8217;e gelmesi durumunda kendilerinin de destekleyebileceklerini belirtti.<\/p>\n<p style=\"text-align: justify;\">KHK&#8217;nin Meclis&#8217;i byypas etmek oldu\u011funu vurgulayan K\u0131l\u0131\u00e7daro\u011flu, &#8221;Say\u0131n Ba\u015fbakan haz\u0131rlad\u0131\u011f\u0131 kanun h\u00fckm\u00fcnde kararname tasla\u011f\u0131nda dahi &#8216;gerekirse baz\u0131 d\u00fczenlemeleri geri \u00e7ekeriz&#8217; diyor. Demek ki o da yapt\u0131\u011f\u0131 i\u015fin tam do\u011fru olmad\u0131\u011f\u0131na inan\u0131yor&#8221; dedi.<\/p>\n<p style=\"text-align: justify;\">K\u0131l\u0131\u00e7daro\u011flu, KHK&#8217;nin ola\u011fan\u00fcst\u00fc hallerde ba\u015fvurulmas\u0131 gereken bir yol oldu\u011funu; ancak T\u00fcrkiye&#8217;de b\u00f6yle bir durumun olmad\u0131\u011f\u0131n\u0131 belirterek, H\u00fck\u00fcmet&#8217;in 330&#8217;un \u00fcst\u00fcnde milletvekili bulundu\u011funu, anayasa de\u011fi\u015fikli\u011fi dahi yapabildi\u011fini s\u00f6yledi.<\/p>\n<p style=\"text-align: justify;\"><a href=\"http:\/\/www.gazeteport.com.tr\/SIYASET\/NEWS\/GP_878958\" target=\"_blank\">Kaynak : GAZETEPORT<\/a><\/p>\n","protected":false},"excerpt":{"rendered":"<p style=\"text-align: justify;\">\n<p style=\"text-align: justify;\">CHP lideri K\u0131l\u0131\u00e7daro\u011flu, Ergenekon savc\u0131s\u0131 Zekeriya \u00d6z&#8217;\u00fcn g\u00f6revden al\u0131nmas\u0131yla ilgili olarak &#8220;Biz kar\u0131\u015fmay\u0131z&#8221; diyen Ba\u015fbakan Erdo\u011fan&#8217;\u0131n do\u011fru s\u00f6ylmedi\u011fini ve d\u00fcnya kamuoyundaki tepkileri dindirmek i\u00e7in bu g\u00f6revden alman\u0131n ger\u00e7ekle\u015ftirildi\u011fini s\u00f6yledi.<\/p>\n","protected":false},"author":1,"featured_media":0,"comment_status":"open","ping_status":"closed","sticky":false,"template":"","format":"standard","meta":{"footnotes":""},"categories":[105],"tags":[],"class_list":["post-30033","post","type-post","status-publish","format-standard","hentry","category-gundem","odd"],"_links":{"self":[{"href":"http:\/\/www.korhanyilmaz.com\/index.php?rest_route=\/wp\/v2\/posts\/30033","targetHints":{"allow":["GET"]}}],"collection":[{"href":"http:\/\/www.korhanyilmaz.com\/index.php?rest_route=\/wp\/v2\/posts"}],"about":[{"href":"http:\/\/www.korhanyilmaz.com\/index.php?rest_route=\/wp\/v2\/types\/post"}],"author":[{"embeddable":true,"href":"http:\/\/www.korhanyilmaz.com\/index.php?rest_route=\/wp\/v2\/users\/1"}],"replies":[{"embeddable":true,"href":"http:\/\/www.korhanyilmaz.com\/index.php?rest_route=%2Fwp%2Fv2%2Fcomments&post=30033"}],"version-history":[{"count":0,"href":"http:\/\/www.korhanyilmaz.com\/index.php?rest_route=\/wp\/v2\/posts\/30033\/revisions"}],"wp:attachment":[{"href":"http:\/\/www.korhanyilmaz.com\/index.php?rest_route=%2Fwp%2Fv2%2Fmedia&parent=30033"}],"wp:term":[{"taxonomy":"category","embeddable":true,"href":"http:\/\/www.korhanyilmaz.com\/index.php?rest_route=%2Fwp%2Fv2%2Fcategories&post=30033"},{"taxonomy":"post_tag","embeddable":true,"href":"http:\/\/www.korhanyilmaz.com\/index.php?rest_route=%2Fwp%2Fv2%2Ftags&post=30033"}],"curies":[{"name":"wp","href":"https:\/\/api.w.org\/{rel}","templated":true}]}}