{"id":30029,"date":"2011-03-31T18:35:00","date_gmt":"2011-03-31T15:35:00","guid":{"rendered":"http:\/\/www.korhanyilmaz.com\/?p=30029"},"modified":"2011-03-31T18:35:00","modified_gmt":"2011-03-31T15:35:00","slug":"yargiyi-hizlandiran-tasari-yasalasti","status":"publish","type":"post","link":"http:\/\/www.korhanyilmaz.com\/?p=30029","title":{"rendered":"Yarg\u0131y\u0131 h\u0131zland\u0131ran tasar\u0131 yasala\u015ft\u0131"},"content":{"rendered":"<p style=\"text-align: center;\"><a href=\"http:\/\/www.korhanyilmaz.com\/wp-content\/uploads\/2011\/03\/408.jpg\"  class=\"lightview\"><img loading=\"lazy\" decoding=\"async\" class=\"aligncenter size-full wp-image-30030\" src=\"http:\/\/www.korhanyilmaz.com\/wp-content\/uploads\/2011\/03\/408.jpg\" alt=\"\" width=\"374\" height=\"228\" \/><\/a><\/p>\n<p style=\"text-align: justify;\">&#8221;Yarg\u0131y\u0131 h\u0131zland\u0131rmak&#8221; amac\u0131yla baz\u0131 kanunlarda de\u011fi\u015fiklik \u00f6ng\u00f6ren tasar\u0131 TBMM Genel Kurulunda kabul edilerek, yasala\u015ft\u0131.<\/p>\n<p style=\"text-align: justify;\">Kanuna g\u00f6re, bir\u00e7ok fiil mahkemeye gitmeden para cezas\u0131n\u0131n konusu olacak. Yurt d\u0131\u015f\u0131na pasaportsuz \u00e7\u0131kanlara ya da T\u00fcrkiye&#8217;ye pasaportsuz girenlere, ormandan a\u011fa\u00e7 kesenlere yaln\u0131zca para cezas\u0131 verilecek. <!--more--><\/p>\n<p style=\"text-align: justify;\">Dan\u0131\u015ftay Ba\u015fkanl\u0131k Kurulu kararlar\u0131na itiraz edilebilecek.<\/p>\n<p style=\"text-align: justify;\">Tutuklulara da yak\u0131nlar\u0131n\u0131n cenazesine kat\u0131lma izni verilecek.<\/p>\n<p style=\"text-align: justify;\">Bakaya say\u0131lmama ko\u015fullar\u0131 geni\u015fletiliyor.<\/p>\n<p style=\"text-align: justify;\"><strong>BAKAYA SAYILMAMA KO\u015eULLARI GEN\u0130\u015eLET\u0130L\u0130YOR<\/strong><\/p>\n<p style=\"text-align: justify;\">Kanuna g\u00f6re, bakaya say\u0131lmama ko\u015fullar\u0131 geni\u015fletiliyor. Buna g\u00f6re, istirahat gerektiren hastal\u0131\u011f\u0131 bulunanlar, anne, baba, e\u015f, karde\u015f veya \u00e7ocu\u011funun hayati tehlikede oldu\u011funu g\u00f6steren hastal\u0131\u011f\u0131 olanlar, sevkten \u00f6nce veya sonraki 15 g\u00fcn i\u00e7inde ikinci derece dahil kan veya kay\u0131n h\u0131s\u0131mlar\u0131ndan biri \u00f6len, kendisi veya ikinci derece dahil kan ve kay\u0131n h\u0131s\u0131mlar\u0131ndan biri evlenen, sevkten \u00f6nceki veya sonraki iki ay i\u00e7inde \u00e7ocu\u011fu do\u011fanlar bakaya say\u0131lmayacak.<\/p>\n<p style=\"text-align: justify;\">Yoklama yap\u0131lacak s\u00fcre, birlikte son yoklamaya tabi olan ayn\u0131 do\u011fumlular\u0131n yurt genelindeki normal sevk y\u0131l\u0131 i\u00e7indeki son celp ve sevk d\u00f6neminin bitimine kadar uzat\u0131l\u0131yor. Ancak bu imkan\u0131 k\u00f6t\u00fcye kullananlara 100 TL para cezas\u0131 uygulanacak. Bakaya say\u0131lmama ile ilgili mazeretler, bu ki\u015filer i\u00e7in de ge\u00e7erli olacak. Buna ra\u011fmen zaman\u0131nda yoklamas\u0131n\u0131 yapt\u0131rmayan y\u00fck\u00fcml\u00fc, 250 TL ile 3 bin TL aras\u0131nda para cezas\u0131na \u00e7arpt\u0131r\u0131lacak.<\/p>\n<p style=\"text-align: justify;\">Bakaya su\u00e7u, ilk kez bakaya kalan y\u00fck\u00fcml\u00fcler y\u00f6n\u00fcnden kabahate d\u00f6n\u00fc\u015ft\u00fcr\u00fclerek, idari para cezas\u0131 yapt\u0131r\u0131m\u0131na ba\u011flan\u0131yor. Bu su\u00e7u i\u015fleyenler hakk\u0131nda 250 TL ile 3 bin TL aras\u0131nda de\u011fi\u015fen para cezalar\u0131na h\u00fckmedilecek. Bu su\u00e7u yeniden i\u015fleyenler ile bu eylemleri seferberlik ve sava\u015f halinde i\u015fleyenler hakk\u0131nda eylem niteli\u011fine g\u00f6re alt\u0131 aydan \u00fc\u00e7 y\u0131la kadar de\u011fi\u015fen s\u00fcrelerde hapis cezas\u0131 uygulanacak.<\/p>\n<p style=\"text-align: justify;\">\u0130cra mahkemesinin verdi\u011fi disiplin ve tazyik hapsine ili\u015fkin itirazlar, a\u011f\u0131r ceza mahkemeleri yerine icra mahkemelerine ya da asliye ceza mahkemelerine yap\u0131lacak.<\/p>\n<p style=\"text-align: justify;\">\u0130cra ve \u0130flas Kanunu&#8217;nda de\u011fi\u015fiklik yap\u0131larak, nafaka bor\u00e7lar\u0131 hari\u00e7, alacak miktar\u0131, en y\u00fcksek asgari \u00fccret tutar\u0131n\u0131n alt\u0131nda kalan takiplerde, disiplin ve tazyik hapsi uygulanmayacak.<\/p>\n<p style=\"text-align: justify;\"><strong>PASAPORT KANUNU&#8217;NDAK\u0130 HAP\u0130S CEZALARI KALKTI<\/strong><\/p>\n<p style=\"text-align: justify;\">Pasaport Kanunu&#8217;nda yap\u0131lan de\u011fi\u015fiklikle, yurt d\u0131\u015f\u0131na pasaportsuz \u00e7\u0131kan ya da T\u00fcrkiye&#8217;ye pasaportsuz giren vatanda\u015flar ile yabanc\u0131lara hapis cezas\u0131 verilmeyecek; bin liradan 3 bin liraya kadar idari para cezas\u0131 uygulanacak.<\/p>\n<p style=\"text-align: justify;\">Pasaportlar\u0131 olsa dahi Bakanlar Kurulunca belirlenen mahallerden ba\u015fka yerlerden T\u00fcrkiye&#8217;ye giren veya T\u00fcrkiye&#8217;den \u00e7\u0131kanlara da 500 lira idari para cezas\u0131 uygulanacak. Para cezalar\u0131nda, ilgili kolluk birim amiri yetkili olacak.<\/p>\n<p style=\"text-align: justify;\"><strong>A\u011eA\u00c7 KESENLERE PARA CEZASI<\/strong><\/p>\n<p style=\"text-align: justify;\">Orman Kanunu&#8217;nda yap\u0131lan de\u011fi\u015fikle ormanlardan a\u011fa\u00e7 kesenlere verilen hapis cezas\u0131 kalkacak, yerine para cezas\u0131 verilecek.<\/p>\n<p style=\"text-align: justify;\">Teklif, Har\u00e7lar Kanunu&#8217;nda da de\u011fi\u015fiklik getiriyor; bir\u00e7ok ba\u015fvuru har\u00e7 konusu yap\u0131larak, yarg\u0131lamay\u0131 uzatmaya y\u00f6nelik yap\u0131lan ba\u015fvurular \u00f6nlenerek yarg\u0131daki i\u015f y\u00fck\u00fcn\u00fcn azalt\u0131lmas\u0131 ama\u00e7lan\u0131yor. Buna g\u00f6re, ceza mahkemesi kararlar\u0131na kar\u015f\u0131 yap\u0131lacak temyiz ba\u015fvurusu da harca tabi olacak. Temyiz, istinaf ve itiraz har\u00e7lar\u0131 20 lira ile 90 lira aras\u0131nda de\u011fi\u015fecek.<\/p>\n<p style=\"text-align: justify;\">Noterler terk eden e\u015fin ortak konuta davet edilmesi ve miras\u00e7\u0131l\u0131k belgesi verilmesi i\u015flemlerini yapabilecek. Bu i\u015flemler harca tabi olacak.<\/p>\n<p style=\"text-align: justify;\"><strong>DANI\u015eTAYA \u0130L\u0130\u015eK\u0130N D\u00dcZENLEMELER<\/strong><\/p>\n<p style=\"text-align: justify;\">Dan\u0131\u015ftay Ba\u015fkanl\u0131k Kurulunun verdi\u011fi kararlara itiraz yolu getiriliyor. Dan\u0131\u015ftay\u0131n \u00fcye tam say\u0131s\u0131n\u0131n \u00fc\u00e7te birinin yedi g\u00fcn i\u00e7inde ba\u015fvurmas\u0131 \u00fczerine Ba\u015fkanl\u0131k Kurulu kararlar\u0131na Dan\u0131\u015ftay Genel Kurulu nezdinde itiraz edilebilecek. Genel Kurul, Ba\u015fkanl\u0131k Kurulu kararlar\u0131n\u0131 aynen ya da de\u011fi\u015ftirerek onaylayabilecek.<\/p>\n<p style=\"text-align: justify;\">Dan\u0131\u015ftay\u0131n g\u00f6revlerini yerine getirirken geli\u015fen teknolojiden yararlanabilmesi i\u00e7in &#8221;Bilgi \u0130\u015flem Merkezi M\u00fcd\u00fcrl\u00fc\u011f\u00fc&#8221; kurulacak. Bunun i\u00e7in Dan\u0131\u015ftaya 91, Yarg\u0131tayda ise 136 personel kadrosu ihdas edilecek.<\/p>\n<p style=\"text-align: justify;\">Uyu\u015fturucu veya uyar\u0131c\u0131 madde kullanan ki\u015fi hakk\u0131nda, tedaviye ve denetimli serbestlik tedbirine; kullanmayan ancak kullanmak i\u00e7in uyu\u015fturucu veya uyar\u0131c\u0131 madde sat\u0131n alan, kabul eden veya bulunduran ki\u015fi hakk\u0131nda, denetimli serbestlik tedbirine karar verilebilecek. Bu karar, yarg\u0131laman\u0131n durdurulmas\u0131na ili\u015fkin sonu\u00e7lar\u0131 do\u011furacak.<\/p>\n<p style=\"text-align: justify;\">Cumhuriyet savc\u0131s\u0131, yetkisizlik karar\u0131yla gelen bir soru\u015fturma dosyas\u0131nda, yetkisizlik kanaati olu\u015fmas\u0131 halinde yetkisizlik karar\u0131 verecek. Soru\u015fturma dosyas\u0131n\u0131, yetkili savc\u0131l\u0131\u011f\u0131n belirlenmesi i\u00e7in g\u00f6rev yapt\u0131\u011f\u0131 a\u011f\u0131r ceza mahkemesine en yak\u0131n a\u011f\u0131r ceza mahkemesine g\u00f6nderecek. Mahkemenin verdi\u011fi karar kesin olacak.<\/p>\n<p style=\"text-align: justify;\">\u0130stinaf mahkemelerinin hapis cezas\u0131ndan \u00e7evrilen adli para cezalar\u0131 hari\u00e7, bakaca\u011f\u0131 adli para cezas\u0131na mahkumiyet miktar\u0131 2 bin liradan 3 bin liraya \u00e7\u0131kar\u0131l\u0131yor. Bu h\u00fck\u00fcm, istinaf mahkemeleri faaliyete ge\u00e7inceye kadar ge\u00e7erli olmayacak.<\/p>\n<p style=\"text-align: justify;\"><strong>TUTUKLULARA DA CENAZEYE KATILMA \u0130ZN\u0130<\/strong><\/p>\n<p style=\"text-align: justify;\">H\u00fck\u00fcml\u00fclerin ana, baba, e\u015f, karde\u015f ve \u00e7ocuk cenazesine kat\u0131lmas\u0131na ili\u015fkin madde yeniden d\u00fczenleniyor. Buna g\u00f6re, h\u00fck\u00fcml\u00fc, mahkum oldu\u011fu cezaevinin bulundu\u011fu yerle\u015fim biriminin d\u0131\u015f\u0131nda da cenaze t\u00f6renlerine kat\u0131labilecek. \u0130zin s\u00fcresi de yeniden belirleniyor; h\u00fck\u00fcml\u00fc, yol s\u00fcresi hari\u00e7 2 g\u00fcn izin kullanabilecek.<\/p>\n<p style=\"text-align: justify;\">Yasayla tutuklulara da yak\u0131nlar\u0131n\u0131n cenaze t\u00f6renlerine kat\u0131lma hakk\u0131 getiriliyor. Buna g\u00f6re, ana, baba, e\u015f, karde\u015f veya \u00e7ocu\u011funun \u00f6l\u00fcm\u00fc halinde tutukluya soru\u015fturma evresinde soru\u015fturmay\u0131 yapan Cumhuriyet savc\u0131s\u0131, kovu\u015fturma evresinde ise kovu\u015fturmay\u0131 y\u00fcr\u00fcten hakim veya mahkeme taraf\u0131ndan izin verilecek. Cenaze t\u00f6renine kat\u0131lma izni, soru\u015fturman\u0131n veya kovu\u015fturman\u0131n selameti, g\u00fcvenlik bak\u0131m\u0131ndan sak\u0131nca olu\u015fturmamas\u0131 ko\u015fuluyla, d\u0131\u015f g\u00fcvenlik g\u00f6revlisinin refakatinde yol s\u00fcresi d\u0131\u015f\u0131nda, 2 g\u00fcne kadar olacak.<\/p>\n<p style=\"text-align: justify;\"><strong>ASL\u0130YE CEZA MAHKEMELER\u0130NDE CUMHUR\u0130YET SAVCISI OLMAYACAK<\/strong><\/p>\n<p style=\"text-align: justify;\">1 Ocak 2014 tarihine kadar asliye ceza mahkemelerinde yap\u0131lan duru\u015fmalarda Cumhuriyet savc\u0131s\u0131 bulunmayacak ve kat\u0131lma hususunda savc\u0131n\u0131n g\u00f6r\u00fc\u015f\u00fc al\u0131nmayacak. Ancak verilen h\u00fck\u00fcmler ile tutuklama veya sal\u0131vermeye ili\u015fkin kararlara kar\u015f\u0131 savc\u0131n\u0131n kanun yoluna ba\u015fvurabilmesi amac\u0131yla dosya g\u00f6nderilecek.<\/p>\n<p style=\"text-align: justify;\">\u0130stinaf mahkemeleri g\u00f6reve ba\u015flad\u0131ktan 6 ay sonra 3 y\u0131l s\u00fcreyle istinaf mahkemeleri Cumhuriyet Ba\u015fsavc\u0131l\u0131\u011f\u0131 ile Yarg\u0131tay Cumhuriyet Ba\u015fsavc\u0131l\u0131\u011f\u0131 tebli\u011fname d\u00fczenlemeyecek.<\/p>\n<p style=\"text-align: justify;\">Temyiz incelemesi s\u0131ras\u0131nda taraflar\u0131n duru\u015fma talep edebilmesi i\u00e7in \u00f6ng\u00f6r\u00fclen parasal de\u011fer art\u0131r\u0131l\u0131yor. Buna g\u00f6re, 20 bin lira olan miktar 60 bin liraya y\u00fckseltiliyor.<\/p>\n<p style=\"text-align: justify;\">B\u00f6lge adliye mahkemeleri g\u00f6reve ba\u015flay\u0131ncaya kadar, y\u00fcr\u00fcrl\u00fckteki temyiz h\u00fck\u00fcmleri ge\u00e7erli olacak. B\u00f6lge adliye mahkemelerinin faaliyete ge\u00e7meden \u00f6nce aleyhine temyiz yoluna ba\u015fvurulmu\u015f kararlar hakk\u0131nda Yarg\u0131tayca kanun yolu incelemesi yap\u0131lacak, bu dosya ve i\u015fler b\u00f6lge adliye mahkemelerine g\u00f6nderilmeyecek.<\/p>\n<p style=\"text-align: justify;\">Yarg\u0131tay, temyiz olunan karar\u0131n, esas y\u00f6n\u00fcnden kanuna uygun olup da kanunun olaya uygulanmas\u0131ndaki hatadan dolay\u0131 bozulmas\u0131 gerekti\u011fi ve kanuna uymayan husus hakk\u0131nda yeniden yarg\u0131lamaya ihtiya\u00e7 duyulmad\u0131\u011f\u0131 takdirde, karar\u0131  d\u00fczelterek onayabilecek. Hakimin takdir yetkisi kapsam\u0131nda karara ba\u011flad\u0131\u011f\u0131 i\u015flerde bu h\u00fck\u00fcm uygulanmayacak.<\/p>\n<p style=\"text-align: justify;\">Yarg\u0131tay ve Dan\u0131\u015ftay dairelerinin hakim ve savc\u0131lara not vermesi uygulamas\u0131 kald\u0131r\u0131l\u0131yor.<\/p>\n<p style=\"text-align: justify;\">Evlendirme memurunun evlili\u011fi ret karar\u0131na kar\u015f\u0131 a\u00e7\u0131lan davalar ile n\u00fcfus kay\u0131tlar\u0131na ili\u015fkin d\u00fczeltme davalar\u0131nda Cumhuriyet savc\u0131s\u0131 bulunmayacak.<\/p>\n<p style=\"text-align: justify;\"><strong>3 GE\u00c7\u0130C\u0130 MADDE EKLEND\u0130<\/strong><\/p>\n<p style=\"text-align: justify;\">Genel Kurul g\u00f6r\u00fc\u015fmeleri s\u0131ras\u0131nda verilen \u00f6nergelerle tasar\u0131ya 3 ge\u00e7ici madde eklendi.<\/p>\n<p style=\"text-align: justify;\">Buna g\u00f6re, i\u015fyeri kiralamalar\u0131na ili\u015fkin T\u00fcrk Bor\u00e7lar Kanunun baz\u0131 h\u00fck\u00fcmleri 1 Temmuz 2012 tarihinden itibaren 5 y\u0131l s\u00fcreyle uygulanmayacak.<\/p>\n<p style=\"text-align: justify;\">Orman Genel M\u00fcd\u00fcrl\u00fc\u011f\u00fc m\u00fcsadere olan ve cumhuriyet ba\u015fsavc\u0131lar\u0131n\u0131n hakk\u0131nda kovu\u015fturmaya yer olmad\u0131\u011f\u0131na veya yarg\u0131lama sonucunda mahkeme taraf\u0131ndan beraat karar\u0131 verilen tesisleri 29 y\u0131ll\u0131\u011f\u0131na kiraya verebilecek.<\/p>\n<p style=\"text-align: justify;\">2010 y\u0131l\u0131ndan \u00f6nce \u00f6zelle\u015ftirme program\u0131na al\u0131nan kurulu\u015flardan \u00f6zelle\u015ftirme kapsam\u0131ndan \u00e7\u0131kar\u0131lm\u0131\u015f dahi  sermayelerindeki kamu pay\u0131 y\u00fczde 50&#8217;inin alt\u0131na d\u00fc\u015fen ve hisse senetleri \u0130MKB&#8217;de i\u015flem g\u00f6ren kurulu\u015flar ve bunlar\u0131n kurduklar\u0131 ya da ortak olduklar\u0131 \u015firketler Say\u0131\u015ftay denetimine tabi olmayacak.<\/p>\n<p style=\"text-align: justify;\">Yasan\u0131n noterlere verilen yetkilere ili\u015fkin h\u00fck\u00fcmleri 1 Ekim 2011, di\u011fer h\u00fck\u00fcmleri ise kanunun Resmi Gazete&#8217;de yay\u0131mland\u0131\u011f\u0131 tarihte y\u00fcr\u00fcrl\u00fc\u011fe girecek.<\/p>\n<p style=\"text-align: justify;\"><strong>KONU\u015eMALAR<\/strong><\/p>\n<p style=\"text-align: justify;\">&#8221;Temel yasa&#8221; olarak g\u00f6r\u00fc\u015f\u00fclen tasar\u0131n\u0131n bug\u00fcn g\u00f6r\u00fc\u015f\u00fclen ikinci b\u00f6l\u00fcm\u00fc \u00fczerinde CHP Grubu ad\u0131na s\u00f6z alan Mersin Milletvekili Ali R\u0131za \u00d6zt\u00fcrk, hen\u00fcz bas\u0131lmam\u0131\u015f kitaplar\u0131n toplat\u0131ld\u0131\u011f\u0131n\u0131 belirterek, 21. y\u00fczy\u0131lda bunun kimseye anlat\u0131lamayaca\u011f\u0131n\u0131 ifade etti.<\/p>\n<p style=\"text-align: justify;\">&#8221;Engenekon&#8221; s\u00fcrecinin darbecilerin yarg\u0131lanmas\u0131 yerine muhalif insanlar\u0131 susturma s\u00fcrecine d\u00f6n\u00fc\u015ft\u00fc\u011f\u00fcn\u00fc \u00f6ne s\u00fcren \u00d6zt\u00fcrk, ya\u015fanan manzaralar\u0131n demokrasiye yak\u0131\u015fmad\u0131\u011f\u0131n\u0131 dile getirdi.<\/p>\n<p style=\"text-align: justify;\">\u00d6zt\u00fcrk, &#8221;Siyasi iktidar\u0131n muhalif insanlar\u0131 susturmas\u0131 demokrasiye y\u00f6nelik tehlikedir&#8221; dedi.<\/p>\n<p style=\"text-align: justify;\">\u00d6zel yetkili a\u011f\u0131r ceza mahkemelerinin DGM&#8217;lerin devam\u0131 oldu\u011funu \u00f6ne s\u00fcren \u00d6zt\u00fcrk, bunlar\u0131n bir \u00f6nce kald\u0131r\u0131lmas\u0131 gerekti\u011fini kaydetti.<\/p>\n<p style=\"text-align: justify;\">MHP Grubu ad\u0131na konu\u015fan Grup Ba\u015fkanvekili Mehmet \u015eand\u0131r, T\u00fcrk yarg\u0131s\u0131n\u0131n mevcut iktidar d\u00f6neminde tart\u0131\u015f\u0131l\u0131r ve sorgulan\u0131r hale geldi\u011fini s\u00f6yledi. \u015eand\u0131r, &#8221;Cumhuriyet tarihinde yarg\u0131n\u0131n bu kadar tart\u0131\u015f\u0131ld\u0131\u011f\u0131 bir d\u00f6nem yoktur&#8221; dedi.<\/p>\n<p style=\"text-align: justify;\">Tasar\u0131yla b\u00fct\u00fcnc\u00fcl bir yarg\u0131 reformunun ama\u00e7lanmad\u0131\u011f\u0131n\u0131 kaydeden \u015eand\u0131r, kapsaml\u0131 bir yarg\u0131 reformuna ihtiya\u00e7 oldu\u011funu vurgulad\u0131.<\/p>\n<p style=\"text-align: justify;\">10 y\u0131l\u0131 kadar olan tutukluluk s\u00fcrecinin T\u00fcrkiye&#8217;ye yak\u0131\u015fmad\u0131\u011f\u0131n\u0131, tutuklulu\u011fun cezaya d\u00f6n\u00fc\u015ft\u00fc\u011f\u00fcn\u00fc belirten \u015eand\u0131r, yarg\u0131lamalar\u0131n uzamas\u0131ndan \u015fikayet etti. \u015eand\u0131r, &#8221;Eli kanl\u0131 katiller tutukluluk s\u00fcresi doldu\u011fu i\u00e7in sal\u0131veriliyor, \u00fclkeyi terk ederek yurtd\u0131\u015f\u0131na gidiyorlar ve T\u00fcrkiye ile alay eden a\u00e7\u0131klamalar yap\u0131yorlar&#8221; dedi.<\/p>\n<p style=\"text-align: justify;\"><a href=\"http:\/\/www.gazeteport.com.tr\/SIYASET\/NEWS\/GP_879337\" target=\"_blank\">Kaynak : GAZETEPORT<\/a><\/p>\n","protected":false},"excerpt":{"rendered":"<p style=\"text-align: center;\">\n<p style=\"text-align: justify;\">&#8221;Yarg\u0131y\u0131 h\u0131zland\u0131rmak&#8221; amac\u0131yla baz\u0131 kanunlarda de\u011fi\u015fiklik \u00f6ng\u00f6ren tasar\u0131 TBMM Genel Kurulunda kabul edilerek, yasala\u015ft\u0131.<\/p>\n<p style=\"text-align: justify;\">Kanuna g\u00f6re, bir\u00e7ok fiil mahkemeye gitmeden para cezas\u0131n\u0131n konusu olacak. Yurt d\u0131\u015f\u0131na pasaportsuz \u00e7\u0131kanlara ya da T\u00fcrkiye&#8217;ye pasaportsuz girenlere, ormandan a\u011fa\u00e7 kesenlere yaln\u0131zca para cezas\u0131 verilecek. <\/p>\n","protected":false},"author":1,"featured_media":0,"comment_status":"open","ping_status":"closed","sticky":false,"template":"","format":"standard","meta":{"footnotes":""},"categories":[105],"tags":[],"class_list":["post-30029","post","type-post","status-publish","format-standard","hentry","category-gundem","odd"],"_links":{"self":[{"href":"http:\/\/www.korhanyilmaz.com\/index.php?rest_route=\/wp\/v2\/posts\/30029","targetHints":{"allow":["GET"]}}],"collection":[{"href":"http:\/\/www.korhanyilmaz.com\/index.php?rest_route=\/wp\/v2\/posts"}],"about":[{"href":"http:\/\/www.korhanyilmaz.com\/index.php?rest_route=\/wp\/v2\/types\/post"}],"author":[{"embeddable":true,"href":"http:\/\/www.korhanyilmaz.com\/index.php?rest_route=\/wp\/v2\/users\/1"}],"replies":[{"embeddable":true,"href":"http:\/\/www.korhanyilmaz.com\/index.php?rest_route=%2Fwp%2Fv2%2Fcomments&post=30029"}],"version-history":[{"count":0,"href":"http:\/\/www.korhanyilmaz.com\/index.php?rest_route=\/wp\/v2\/posts\/30029\/revisions"}],"wp:attachment":[{"href":"http:\/\/www.korhanyilmaz.com\/index.php?rest_route=%2Fwp%2Fv2%2Fmedia&parent=30029"}],"wp:term":[{"taxonomy":"category","embeddable":true,"href":"http:\/\/www.korhanyilmaz.com\/index.php?rest_route=%2Fwp%2Fv2%2Fcategories&post=30029"},{"taxonomy":"post_tag","embeddable":true,"href":"http:\/\/www.korhanyilmaz.com\/index.php?rest_route=%2Fwp%2Fv2%2Ftags&post=30029"}],"curies":[{"name":"wp","href":"https:\/\/api.w.org\/{rel}","templated":true}]}}