{"id":30025,"date":"2011-03-31T14:03:30","date_gmt":"2011-03-31T11:03:30","guid":{"rendered":"http:\/\/www.korhanyilmaz.com\/?p=30025"},"modified":"2011-03-31T14:03:30","modified_gmt":"2011-03-31T11:03:30","slug":"komisyonda-cakma-imza-krizi","status":"publish","type":"post","link":"http:\/\/www.korhanyilmaz.com\/?p=30025","title":{"rendered":"Komisyonda &#8216;\u00e7akma imza&#8217; krizi"},"content":{"rendered":"<p style=\"text-align: center;\"><a href=\"http:\/\/www.korhanyilmaz.com\/wp-content\/uploads\/2011\/03\/406.jpg\"  class=\"lightview\"><img loading=\"lazy\" decoding=\"async\" class=\"aligncenter size-full wp-image-30026\" src=\"http:\/\/www.korhanyilmaz.com\/wp-content\/uploads\/2011\/03\/406.jpg\" alt=\"\" width=\"384\" height=\"254\" \/><\/a><\/p>\n<p style=\"text-align: justify;\">H\u00fck\u00fcmete Kanun H\u00fckm\u00fcnde Kararname (KHK) \u00e7\u0131karma yetkisi veren Yetki Kanunu Tasar\u0131s\u0131, Meclis Plan ve B\u00fct\u00e7e Komisyon Ba\u015fkan\u0131 Mustafa A\u00e7\u0131kal\u0131n&#8217;\u0131n, komisyon \u00fcyelerine g\u00f6nderdi\u011fi davet yaz\u0131s\u0131ndaki imzan\u0131n, &#8216;\u00e7akma&#8217; oldu\u011fu iddialar\u0131 ve &#8220;&#8216;\u0131slak imza olup olmad\u0131\u011f\u0131&#8217; tart\u0131\u015fmas\u0131 nedeniyle cumartesi g\u00fcn\u00fcne ertelendi.<!--more--><\/p>\n<p style=\"text-align: justify;\">ANKARA &#8211; Meclis Plan ve B\u00fct\u00e7e Komisyonu, AKP\u2019li Komisyon Ba\u015fkanvekili Recai Berber\u2019in ba\u015fkanl\u0131\u011f\u0131nda, Kamu Hizmetlerinin D\u00fczenli, Etkin ve Verimli Bir \u015eekilde Y\u00fcr\u00fct\u00fclmesini Sa\u011flamak \u00dczere Kamu Kurum ve Kurulu\u015flar\u0131n\u0131n Te\u015fkilat, G\u00f6rev ve Yetkileri ile Kamu G\u00f6revlerine \u0130li\u015fkin Konularda Yetki Kanunu Tasar\u0131s\u0131\u2019n\u0131 g\u00f6r\u00fc\u015fmek \u00fczere topland\u0131.Ancak, toplant\u0131 a\u00e7\u0131lmadan muhalefet partilerinin itirazlar\u0131 oldu.<\/p>\n<p style=\"text-align: justify;\"><strong>&#8220;B\u0130Z\u0130 DE M\u0130 S\u0130L\u0130VR\u0130\u2019YE ATACAKSINIZ?&#8221; <\/strong><\/p>\n<p style=\"text-align: justify;\">MHP Denizli Milletvekili Emin Haluk Ayhan, &#8220;Despot Tayyip Erdo\u011fan&#8230; Milletin verdi\u011fi yetkiyi istismar ediyorsunuz&#8221; diyerek tepki g\u00f6sterdi. Ard\u0131ndan muhalefet s\u0131ralar\u0131ndan, &#8220;Millet size diktat\u00f6rl\u00fck yap\u0131n diye mi oy verdi&#8221; sesleri y\u00fckseldi. MHP Antalya Milletvekili Mehmet G\u00fcnal da, &#8220;Bizi de mi Silivri\u2019ye atacaks\u0131n\u0131z&#8221; diye ba\u011f\u0131rd\u0131.<\/p>\n<p style=\"text-align: justify;\"><strong>MHP\u2019L\u0130 AYHAN: &#8220;BU TOPLANTI A\u00c7ILAMAZ&#8221; <\/strong><\/p>\n<p style=\"text-align: justify;\">Komisyon \u00fcyelerine 29 Mart tarihinde g\u00f6nderilen komisyona davet yaz\u0131s\u0131n\u0131n alt\u0131nda bulunan Komisyon Ba\u015fkan\u0131 Mustafa A\u00e7\u0131kal\u0131n\u2019\u0131n imzas\u0131n\u0131n ger\u00e7ek olup olmad\u0131\u011f\u0131n\u0131 soran MHP\u2019li Ayhan, &#8220;Say\u0131n Ba\u015fkan bu tarihte T\u00fcrkiye\u2019de midir? Bu evrak hukuka uygun mudur? \u0130mza ger\u00e7ek midir? TBMM\u2019de elektronik imza kullan\u0131lmakta m\u0131d\u0131r? Komisyonda daha \u00f6nce kullan\u0131lm\u0131\u015f m\u0131d\u0131r? Bu toplant\u0131y\u0131 a\u00e7abilir miyiz bu evrak\u0131 m\u00fcsbiteyle. Bu Say\u0131n A\u00e7\u0131kal\u0131n\u2019\u0131n imzas\u0131 m\u0131d\u0131r? Kendisi bu tarihte T\u00fcrkiye\u2019de midir?&#8221; diye itiraz etti.<\/p>\n<p style=\"text-align: justify;\"><strong>AKP\u2019L\u0130 BERBER: &#8220;BA\u015eKAN KEND\u0130 \u0130MZASIYLA DAVET YAPMI\u015eTIR&#8221;<\/strong><\/p>\n<p style=\"text-align: justify;\">Komisyon \u00fcyelerine 29 Mart\u2019ta davet yaz\u0131s\u0131n\u0131n g\u00f6nderildi\u011fini ve o tarihte Komisyon Ba\u015fkan\u0131 A\u00e7\u0131kal\u0131n\u2019\u0131n T\u00fcrkiye\u2019de olmad\u0131\u011f\u0131n\u0131 ifade eden Ayhan, &#8220;Ben d\u00fcn bizzat geldim, Ba\u015fkan\u2019\u0131n burada olmad\u0131\u011f\u0131n\u0131 \u00f6\u011frendim. Bizi davet yaz\u0131n\u0131z yasal m\u0131d\u0131r&#8221; diye itiraz\u0131n\u0131 s\u00fcrd\u00fcrd\u00fc.<\/p>\n<p style=\"text-align: justify;\">Komisyon Ba\u015fkanvekili Recai Berber, &#8220;Ba\u015fkan\u2019\u0131n imzas\u0131yla davet edilmi\u015ftir. Ba\u015fkan\u2019\u0131n kendi imzas\u0131yla davet edilmi\u015ftir. Kendi imzas\u0131d\u0131r&#8221; dedi.<\/p>\n<p style=\"text-align: justify;\">Ayhan\u2019da, &#8220;Kendi imzas\u0131 olabilir ama 29\u2019unda m\u0131 atm\u0131\u015ft\u0131r?&#8221; diye sordu. Recai Berber\u2019de, &#8220;Say\u0131n Ba\u015fkan\u2019\u0131n ne zaman att\u0131\u011f\u0131n\u0131 bilmiyorum&#8221; dedi. MHP\u2019li Ayhan\u2019da, &#8220;Bu evrak 28\u2019inde Ba\u015fbakanl\u0131k\u2019tan TBMM\u2019ye intikal etmi\u015ftir. 28\u2019inde Say\u0131n Ba\u015fkan burada m\u0131d\u0131r? Yok olan bir evrak\u0131n \u00fczerinde tart\u0131\u015famay\u0131z&#8221; dedi. Berber\u2019de, &#8220;Ba\u015fkan kendi imzas\u0131yla bu daveti yapm\u0131\u015ft\u0131r&#8221; dedi.<\/p>\n<p style=\"text-align: justify;\"><strong>TARTI\u015eMALAR B\u00dcY\u00dcD\u00dc, TOPLANTI A\u00c7ILAMADI <\/strong><\/p>\n<p style=\"text-align: justify;\">MHP\u2019nin itirazlar\u0131na CHP\u2019li vekiller de kat\u0131l\u0131nca toplant\u0131 a\u00e7\u0131lamad\u0131. \u0130tirazlar\u0131n b\u00fcy\u00fcmesi \u00fczerine Recai Berber, &#8220;Say\u0131n A\u00e7\u0131kal\u0131n da, daha \u00f6nceki ba\u015fkanlar da, ba\u015fkanlara fakslan\u0131r, burada olmad\u0131\u011f\u0131 zaman, teyidi ve imzas\u0131 al\u0131n\u0131r&#8221; dedi.<\/p>\n<p style=\"text-align: justify;\"><strong>KOM\u0130SYON SIRALARINDAN SESLER Y\u00dcKSELD\u0130, VEK\u0130LLER AYA\u011eA KALKTI <\/strong><\/p>\n<p style=\"text-align: justify;\">Muhalefete mensup milletvekillerinin itirazlar\u0131n s\u00fcrmesi \u00fczerine toplant\u0131 a\u00e7\u0131lamad\u0131, baz\u0131 vekiller de aya\u011fa kalkarak Ba\u015fkanl\u0131k k\u00fcrs\u00fcs\u00fcne do\u011fru y\u00fcr\u00fcd\u00fc. Muhalefet s\u0131ralar\u0131ndan da, &#8220;Sahte imza&#8221; sesleri y\u00fckseldi.<\/p>\n<p style=\"text-align: justify;\">\u0130tirazlar\u0131n\u0131 s\u00fcrd\u00fcren Ayhan, &#8220;Bu toplant\u0131y\u0131 yapamazs\u0131n\u0131z, Say\u0131n Ba\u015fkan yurt d\u0131\u015f\u0131nda iken imzalayamaz&#8221; diyerek itirazlar\u0131n\u0131 s\u00fcrd\u00fcrd\u00fc. Berber\u2019de, &#8220;Bu Say\u0131n Ba\u015fkan\u2019\u0131n imzas\u0131 m\u0131d\u0131r?&#8221; diyerek s\u00f6z konusu davet yaz\u0131s\u0131n\u0131 milletvekillerine g\u00f6sterdi.<\/p>\n<p style=\"text-align: justify;\"><strong>&#8220;SAYIN BA\u015eKAN BUNU G\u00d6NDERD\u0130\u011e\u0130 TAR\u0130HTE \u0130MZALADI&#8221; <\/strong><\/p>\n<p style=\"text-align: justify;\">Ayhan\u2019\u0131n, &#8220;Say\u0131n Ba\u015fkan hangi tarihte imzalad\u0131?&#8221; sorusuna da Berber, &#8220;Say\u0131n Ba\u015fkan bunu g\u00f6nderdi\u011fi tarihte imzalad\u0131&#8221; dedi.<\/p>\n<p style=\"text-align: justify;\">CHP \u0130stanbul Milletvekili Mustafa \u00d6zy\u00fcrek de, &#8220;Burada Say\u0131n A\u00e7\u0131kal\u0131n\u2019\u0131n imzas\u0131n\u0131 kullanm\u0131\u015f\u0131n\u0131z&#8221; deyince Berber\u2019de, &#8220;Say\u0131n arkada\u015flar, imza kullanmak diye bir \u015fey olmaz. Ben imza at\u0131yorsam d\u00fcnyan\u0131n neresinde olursam olay\u0131m imzam\u0131 bir yerden atar\u0131m&#8221; diye kar\u015f\u0131l\u0131k verdi.<\/p>\n<p style=\"text-align: justify;\"><strong>&#8220;\u0130HANET ED\u0130YORSUNUZ&#8221; <\/strong><\/p>\n<p style=\"text-align: justify;\">Tart\u0131\u015fmalar uzarken muhalefet s\u0131ralar\u0131ndan, &#8220;\u0130hanet ediyorsunuz&#8221; sesleri y\u00fckseldi. Berber, Ba\u015fkan A\u00e7\u0131klal\u0131n\u2019\u0131n izinli olmad\u0131\u011f\u0131n\u0131 belirtirken CHP\u2019li \u00d6zy\u00fcrek, &#8220;Biz yurt d\u0131\u015f\u0131na \u00e7\u0131kt\u0131\u011f\u0131m\u0131z da Meclis Ba\u015fkanl\u0131\u011f\u0131na bildiriyoruz&#8221; dedi.<\/p>\n<p style=\"text-align: justify;\"><strong>BA\u015eKAN NEREDE TARTI\u015eMASI <\/strong><\/p>\n<p style=\"text-align: justify;\">Muhalefete mensup vekillerin Ba\u015fkan A\u00e7\u0131kal\u0131n\u2019\u0131n g\u00f6revli olup olmad\u0131\u011f\u0131 y\u00f6n\u00fcndeki sorular\u0131na Berber, &#8220;G\u00f6revli tabii Say\u0131n Ba\u015fkan&#8221; dedi. Ard\u0131ndan, &#8220;Yurt d\u0131\u015f\u0131nda g\u00f6revli mi?&#8221; sorusu \u00fczerine, &#8220;Hay\u0131r, g\u00f6revli de\u011fil&#8221; dedi.<\/p>\n<p style=\"text-align: justify;\"><strong>&#8220;SAYIN BA\u015eKAN UMRE\u2019YE G\u0130TM\u0130\u015e&#8221; <\/strong><\/p>\n<p style=\"text-align: justify;\">CHP Mersin Milletvekili \u0130sa G\u00f6k\u2019te, Ba\u015fbakan Yard\u0131mc\u0131s\u0131 Cemil \u00c7i\u00e7ek\u2019in yan\u0131na gelerek, &#8220;Yok h\u00fckm\u00fcnde bir evrak. Yok h\u00fckm\u00fcndeki evraka istinaden toplant\u0131 d\u00fczenlenemez. Say\u0131n Ba\u015fkan, Umre\u2019ye gitmi\u015f galiba. Faksla imza m\u0131 al\u0131n\u0131r&#8221; dedi.<\/p>\n<p style=\"text-align: justify;\"><strong>TOPLANTI A\u00c7ILMADAN ARA VER\u0130LD\u0130<\/strong><\/p>\n<p style=\"text-align: justify;\">Muhalefet milletvekillerinin toplant\u0131n\u0131n a\u00e7\u0131lamayaca\u011f\u0131 konusundaki \u0131srarlar\u0131n\u0131n bitmemesi \u00fczerine oturuma ara verilmek zorunda kal\u0131nd\u0131.<\/p>\n<p style=\"text-align: justify;\"><strong>ISLAK \u0130MZA VE \u00c7AKMA \u0130MZA TARTI\u015eMASI <\/strong><\/p>\n<p style=\"text-align: justify;\">Arada da tart\u0131\u015fmalar bitmedi. MHP\u2019li G\u00fcnal, &#8220;Yurt d\u0131\u015f\u0131nda olan birisinin \u0131slak imza atma \u015fans\u0131 var m\u0131? E\u011fer bu \u0131slak imza ise \u00f6nceden at\u0131l\u0131p alt\u0131 doldurulmu\u015f demektir. Islak imza de\u011filse burada olmayan birisinin imza atmas\u0131 m\u00fcmk\u00fcn de\u011fildir. Islak imza de\u011filse fotokopi \u00e7ekip \u00fczerine koymu\u015flar demektir, \u00f6nceden haz\u0131rlanm\u0131\u015ft\u0131r. Bu toplant\u0131 yasal de\u011fildir. Davet yaz\u0131s\u0131n\u0131n \u00fcst yaz\u0131s\u0131 yasal de\u011filse yasal de\u011fildir&#8221; dedi.<\/p>\n<p style=\"text-align: justify;\">CHP \u0130stanbul Milletvekili Mustafa \u00d6zy\u00fcrek de, &#8220;A\u00e7\u0131kal\u0131n bir s\u00fcredir T\u00fcrkiye\u2019de bulunmuyor. \u00d6nceden imza al\u0131nm\u0131\u015ft\u0131r. \u00dcst k\u0131sm\u0131 doldurulmu\u015ftur&#8221; dedi. Bu arada baz\u0131 milletvekilleri de imzas\u0131n\u0131n &#8220;\u00e7akma&#8221; oldu\u011funu ifade ettiler.<\/p>\n<p style=\"text-align: justify;\"><strong>\u00c7\u0130\u00c7EK: &#8220;ALTINDA DAVET SAH\u0130B\u0130N\u0130N \u0130MZASI, ISLAK \u0130MZADIR&#8221; <\/strong><\/p>\n<p style=\"text-align: justify;\">Verilen arada, Ba\u015fbakan Yard\u0131mc\u0131s\u0131 Cemil \u00c7i\u00e7ek ve komisyon \u00fcyeleri ile bir araya geldi ve toplant\u0131n\u0131n Cumartesi g\u00fcn\u00fcne ertelenmesine karar verildi. Gazetecilerin sorular\u0131n\u0131 yan\u0131tlayan Cemil \u00c7i\u00e7ek, &#8220;Bug\u00fcne kadar Meclis\u2019in geleneklerine uygun olarak 48 saat \u00f6nceden komisyon \u00fcyelerine bilgi verilmi\u015f durumda. Alt\u0131nda davet sahibinin imzas\u0131, \u0131slak imzad\u0131r. \u00d6yle birinin att\u0131\u011f\u0131 imza de\u011fildir&#8221; dedi. \u00c7i\u00e7ek, \u015f\u00f6yle devam etti:<\/p>\n<p style=\"text-align: justify;\">&#8220;Bug\u00fcne kadar komisyonun geleneklerine de uygun olarak yap\u0131lm\u0131\u015ft\u0131r, ancak daha fazla tart\u0131\u015fmaya meydan vermemek? Netice de imza kendi imzas\u0131, itiraz edenler varsa ilgili makamlara g\u00f6nderilir, ona ait midir, de\u011fil midir, ortaya \u00e7\u0131kar. Aksini iddia edenlerde bu sonu\u00e7 sebebi ile mah\u00e7up olabilir.&#8221;<\/p>\n<p style=\"text-align: justify;\">&#8220;T\u00fcrkiye\u2019de de\u011filmi\u015f? Bo\u015f ka\u011f\u0131da imza att\u0131\u011f\u0131 s\u00f6yleniyor?&#8221; sorusuna \u00c7i\u00e7ek, &#8220;Geleneklere uygun olarak nas\u0131l yap\u0131l\u0131yorsa buradaki davet ona g\u00f6re yap\u0131lm\u0131\u015ft\u0131r. B\u00f6ylesine \u00f6nemli bir tasar\u0131da uzla\u015fmay\u0131 temin etmek ad\u0131na, Komisyon Ba\u015fkanvekili, muhalefet \u00fcyeleriyle birlikte bu i\u015fin Cumartesi g\u00fcn\u00fc yap\u0131lmas\u0131n\u0131 uygun g\u00f6rd\u00fcler. Dolay\u0131s\u0131yla cumartesi g\u00f6r\u00fc\u015fece\u011fiz.&#8221;<\/p>\n<p style=\"text-align: justify;\"><a href=\"http:\/\/www.radikal.com.tr\/Radikal.aspx?aType=RadikalDetayV3&amp;ArticleID=1044690&amp;Date=31.03.2011&amp;CategoryID=78\" target=\"_blank\">Kaynak : Radikal<\/a><\/p>\n","protected":false},"excerpt":{"rendered":"<p style=\"text-align: center;\">\n<p style=\"text-align: justify;\">H\u00fck\u00fcmete Kanun H\u00fckm\u00fcnde Kararname (KHK) \u00e7\u0131karma yetkisi veren Yetki Kanunu Tasar\u0131s\u0131, Meclis Plan ve B\u00fct\u00e7e Komisyon Ba\u015fkan\u0131 Mustafa A\u00e7\u0131kal\u0131n&#8217;\u0131n, komisyon \u00fcyelerine g\u00f6nderdi\u011fi davet yaz\u0131s\u0131ndaki imzan\u0131n, &#8216;\u00e7akma&#8217; oldu\u011fu iddialar\u0131 ve &#8220;&#8216;\u0131slak imza olup olmad\u0131\u011f\u0131&#8217; tart\u0131\u015fmas\u0131 nedeniyle cumartesi g\u00fcn\u00fcne ertelendi.<\/p>\n","protected":false},"author":1,"featured_media":0,"comment_status":"open","ping_status":"closed","sticky":false,"template":"","format":"standard","meta":{"footnotes":""},"categories":[105],"tags":[],"class_list":["post-30025","post","type-post","status-publish","format-standard","hentry","category-gundem","odd"],"_links":{"self":[{"href":"http:\/\/www.korhanyilmaz.com\/index.php?rest_route=\/wp\/v2\/posts\/30025","targetHints":{"allow":["GET"]}}],"collection":[{"href":"http:\/\/www.korhanyilmaz.com\/index.php?rest_route=\/wp\/v2\/posts"}],"about":[{"href":"http:\/\/www.korhanyilmaz.com\/index.php?rest_route=\/wp\/v2\/types\/post"}],"author":[{"embeddable":true,"href":"http:\/\/www.korhanyilmaz.com\/index.php?rest_route=\/wp\/v2\/users\/1"}],"replies":[{"embeddable":true,"href":"http:\/\/www.korhanyilmaz.com\/index.php?rest_route=%2Fwp%2Fv2%2Fcomments&post=30025"}],"version-history":[{"count":0,"href":"http:\/\/www.korhanyilmaz.com\/index.php?rest_route=\/wp\/v2\/posts\/30025\/revisions"}],"wp:attachment":[{"href":"http:\/\/www.korhanyilmaz.com\/index.php?rest_route=%2Fwp%2Fv2%2Fmedia&parent=30025"}],"wp:term":[{"taxonomy":"category","embeddable":true,"href":"http:\/\/www.korhanyilmaz.com\/index.php?rest_route=%2Fwp%2Fv2%2Fcategories&post=30025"},{"taxonomy":"post_tag","embeddable":true,"href":"http:\/\/www.korhanyilmaz.com\/index.php?rest_route=%2Fwp%2Fv2%2Ftags&post=30025"}],"curies":[{"name":"wp","href":"https:\/\/api.w.org\/{rel}","templated":true}]}}