{"id":30022,"date":"2011-03-31T17:52:47","date_gmt":"2011-03-31T14:52:47","guid":{"rendered":"http:\/\/www.korhanyilmaz.com\/?p=30022"},"modified":"2011-03-31T17:52:47","modified_gmt":"2011-03-31T14:52:47","slug":"bahceliden-okyanus-otesine-mesaj-inisiyatif-al","status":"publish","type":"post","link":"http:\/\/www.korhanyilmaz.com\/?p=30022","title":{"rendered":"Bah\u00e7eli&#8217;den okyanus \u00f6tesine mesaj: \u0130nisiyatif al"},"content":{"rendered":"<p style=\"text-align: justify;\"><a href=\"http:\/\/www.korhanyilmaz.com\/wp-content\/uploads\/2011\/03\/405.jpg\"  class=\"lightview\"><img loading=\"lazy\" decoding=\"async\" class=\"aligncenter size-full wp-image-30023\" src=\"http:\/\/www.korhanyilmaz.com\/wp-content\/uploads\/2011\/03\/405.jpg\" alt=\"\" width=\"320\" height=\"214\" \/><\/a><\/p>\n<p style=\"text-align: justify;\"><strong>MHP lideri Bah\u00e7eli: Fethullah G\u00fclen, sessiz kalmamal\u0131 ve net bir tav\u0131r ortaya koymal\u0131. Cemaat faaliyetlerini ask\u0131ya ald\u0131\u011f\u0131n\u0131 duyurmal\u0131.<\/strong><\/p>\n<p style=\"text-align: justify;\">ANKARA &#8211; MHP Genel Ba\u015fkan\u0131 Devlet Bah\u00e7eli, Ergenekon Davas\u0131 kapsam\u0131nda son olarak ilahiyat\u00e7\u0131 profes\u00f6rlerin evlerinin aranmas\u0131n\u0131n ard\u0131ndan &#8220;okyanus \u00f6tesine&#8221; mesaj g\u00f6nderdi. Bah\u00e7eli, s\u00f6z konusu geli\u015fmelerin &#8220;Fethullah G\u00fclen Hocaefendi\u2019yi ve cemaatini zan ve t\u00f6hmet alt\u0131nda b\u0131rakt\u0131\u011f\u0131n\u0131&#8221; belirterek, G\u00fclen\u2019in inisiyatif almas\u0131n\u0131n, net ve kararl\u0131 bir tav\u0131r koymas\u0131n\u0131n gerekli olaca\u011f\u0131n\u0131 ifade etti. <!--more--><\/p>\n<p style=\"text-align: justify;\">Bah\u00e7eli, &#8220;baz\u0131 dava s\u00fcre\u00e7leri kapsam\u0131nda Fethullah G\u00fclen cemaati etraf\u0131ndaki tart\u0131\u015fmalar&#8221;a ili\u015fkin yaz\u0131l\u0131 bir a\u00e7\u0131klama yapt\u0131. Bah\u00e7eli a\u00e7\u0131klamas\u0131nda, T\u00fcrkiye\u2019de korku ve bask\u0131 d\u00fczeni kurmak isteyen AKP h\u00fck\u00fcmetinin uygulamalar\u0131n\u0131n ve adli yarg\u0131 s\u00fcre\u00e7leriyle ilgili olarak ya\u015fanan son geli\u015fmelerin ciddi bir huzursuzluk kayna\u011f\u0131 haline geldi\u011fini ifade ederek, baz\u0131 dava s\u00fcre\u00e7leriyle ilgili arama kararlar\u0131n\u0131n, g\u00f6zalt\u0131 ve tutuklamalar\u0131n, yasa d\u0131\u015f\u0131 telefon dinlemelerinin ve yarg\u0131 organlar\u0131n\u0131n tart\u0131\u015fmal\u0131 tasarruflar\u0131n\u0131n adli s\u00fcre\u00e7lerde kanun ve me\u015fruiyet d\u0131\u015f\u0131na \u00e7\u0131k\u0131ld\u0131\u011f\u0131 kanaatinin toplumda giderek yer etmesine yol a\u00e7t\u0131\u011f\u0131n\u0131 belirtti.<\/p>\n<p style=\"text-align: justify;\">Son olarak dava s\u00fcre\u00e7lerinin ilahiyat fak\u00fcltelerinin \u2018de\u011ferli\u2019 hocalar\u0131n\u0131 da kapsayacak \u015fekilde geni\u015fletilmesine \u00e7al\u0131\u015f\u0131lmas\u0131n\u0131n, bu y\u00f6ndeki endi\u015feleri daha da artt\u0131rd\u0131\u011f\u0131n\u0131 belirten Bah\u00e7eli, &#8220;Bu uygulamalar\u0131n kas\u0131tl\u0131 ve bilin\u00e7li bir \u015fekilde bir merkezden y\u00f6netildi\u011fi, Fethullah G\u00fclen Hoca ve cemaatinin bunlar\u0131n arkas\u0131nda oldu\u011fu d\u00fc\u015f\u00fcncesi yayg\u0131nla\u015fm\u0131\u015ft\u0131r. Bu geli\u015fmeler Fethullah G\u00fclen Hocaefendi\u2019yi ve cemaatini zan ve t\u00f6hmet alt\u0131nda b\u0131rakmaktad\u0131r. Bu konudaki ger\u00e7eklerin biran \u00f6nce inand\u0131r\u0131c\u0131 bi\u00e7imde ortaya konulmas\u0131 ve kamuoyundaki endi\u015fe ve teredd\u00fctlerin giderilmesi bu bak\u0131mdan \u00f6nem ta\u015f\u0131maktad\u0131r. Hi\u00e7 kimseyi haks\u0131z yere su\u00e7lamak veya \u015faibe alt\u0131nda b\u0131rakmak niyetinde olmad\u0131\u011f\u0131m\u0131z\u0131 herkes \u00e7ok iyi bilmelidir&#8221; dedi.<\/p>\n<p style=\"text-align: justify;\"><strong>&#8220;HOCAEFEND\u0130 \u0130N\u0130S\u0130YAT\u0130F ALMALI&#8221; <\/strong><\/p>\n<p style=\"text-align: justify;\">Bah\u00e7eli, s\u00fcregelen olaylarda Fethullah G\u00fclen cemaatinin rol\u00fc oldu\u011fu iddialar\u0131nda bir ger\u00e7eklik pay\u0131 varsa, bu durumda iki hususun ak\u0131llara geldi\u011fini ifade ederek, \u015f\u00f6yle devam etti:<\/p>\n<p style=\"text-align: justify;\">&#8220;Fethullah G\u00fclen Hocaefendi yurtd\u0131\u015f\u0131ndad\u0131r. T\u00fcrkiye\u2019deki cemaatin bu konuda bir dahli varsa, Hocaefendi\u2019nin cemaat \u00fczerinde tam olarak etki ve kontrol icra edemedi\u011fi, bilgisi ve iradesi d\u0131\u015f\u0131nda baz\u0131 unsurlar\u0131n bu i\u015flere kar\u0131\u015fm\u0131\u015f olaca\u011f\u0131 bir ihtimal olarak kar\u015f\u0131m\u0131zdad\u0131r.<\/p>\n<p style=\"text-align: justify;\">Di\u011fer akla gelen husus ise T\u00fcrkiye\u2019deki cemaatin ba\u015fka odaklar taraf\u0131ndan y\u00f6nlendiriliyor olabilece\u011fidir. Her iki ihtimal de \u00e7ok vahimdir. Bu durum kar\u015f\u0131s\u0131nda T\u00fcrkiye\u2019nin gelece\u011fi bak\u0131m\u0131ndan ve Fethullah G\u00fclen Hocaefendi ve Cemaatinin zan alt\u0131nda kalmamas\u0131 ve y\u0131pranmamas\u0131 d\u00fc\u015f\u00fcncesiyle Hocaefendi\u2019nin bu konuda sessiz kalmayarak inisiyatif almas\u0131n\u0131n ve net ve kararl\u0131 bir tav\u0131r koymas\u0131n\u0131n gerekli olaca\u011f\u0131 d\u00fc\u015f\u00fcn\u00fclmektedir. Hocaefendi ve cemaatinin kendilerini ilgilendiren ve hedef alan konularda nas\u0131l hareket edecekleri, neyi yapmay\u0131 uygun g\u00f6recekleri tabiat\u0131yla kendilerinin takdir edecekleri bir husustur. Bu konuda d\u0131\u015far\u0131dan fikir ve telkine ihtiya\u00e7lar\u0131 bulunmad\u0131\u011f\u0131 gibi, bizim de resen kendilerine yol g\u00f6sterme g\u00f6revi \u00fcstlenme durumunda olmad\u0131\u011f\u0131m\u0131z a\u00e7\u0131kt\u0131r. Ancak, bu y\u00f6ndeki ku\u015fku, teredd\u00fct ve endi\u015felerin derinle\u015ferek s\u00fcrmesi, hem T\u00fcrkiye\u2019ye zarar verecek hem de Hocaefendi\u2019yi ve G\u00fclen Cemaatini bir tart\u0131\u015fma zeminine \u00e7ekecektir.&#8221;<\/p>\n<p style=\"text-align: justify;\"><strong>&#8220;FAAL\u0130YETLER\u0130N\u0130 ASKIYA AL&#8221; \u00d6NER\u0130S\u0130 <\/strong><\/p>\n<p style=\"text-align: justify;\">G\u00fclen ve cemaatine bir de \u00f6neride bulunan Bah\u00e7eli, durum b\u00fct\u00fcn unsurlar\u0131yla ayd\u0131nlanana kadar G\u00fclen\u2019in, cemaat mensuplar\u0131n\u0131n bu konularla hi\u00e7bir \u015fekilde ilgisi olmad\u0131\u011f\u0131n\u0131 g\u00f6stermek bak\u0131m\u0131ndan cemaatin faaliyetlerini durdurdu\u011funu veya ask\u0131ya ald\u0131\u011f\u0131n\u0131 a\u00e7\u0131klamas\u0131n\u0131n yerinde olaca\u011f\u0131n\u0131 belirtti. Bah\u00e7eli, &#8220;Bu g\u00f6r\u00fc\u015f ve d\u00fc\u015f\u00fcncelerimizin iyi niyet ve samimiyetinden hi\u00e7 kimse \u015f\u00fcphe duymamal\u0131d\u0131r. Takdir kendilerinindir&#8221; diye kaydetti.<\/p>\n<p style=\"text-align: justify;\"><a href=\"http:\/\/www.radikal.com.tr\/Radikal.aspx?aType=RadikalDetayV3&amp;ArticleID=1044721&amp;Date=31.03.2011&amp;CategoryID=78\" target=\"_blank\">Kaynak : Radikal<\/a><\/p>\n","protected":false},"excerpt":{"rendered":"<p style=\"text-align: justify;\">\n<p style=\"text-align: justify;\">MHP lideri Bah\u00e7eli: Fethullah G\u00fclen, sessiz kalmamal\u0131 ve net bir tav\u0131r ortaya koymal\u0131. Cemaat faaliyetlerini ask\u0131ya ald\u0131\u011f\u0131n\u0131 duyurmal\u0131.<\/p>\n<p style=\"text-align: justify;\">ANKARA &#8211; MHP Genel Ba\u015fkan\u0131 Devlet Bah\u00e7eli, Ergenekon Davas\u0131 kapsam\u0131nda son olarak ilahiyat\u00e7\u0131 profes\u00f6rlerin evlerinin aranmas\u0131n\u0131n ard\u0131ndan &#8220;okyanus \u00f6tesine&#8221; mesaj g\u00f6nderdi. Bah\u00e7eli, s\u00f6z konusu geli\u015fmelerin &#8220;Fethullah G\u00fclen Hocaefendi\u2019yi ve cemaatini <\/p>\n","protected":false},"author":1,"featured_media":0,"comment_status":"open","ping_status":"closed","sticky":false,"template":"","format":"standard","meta":{"footnotes":""},"categories":[105],"tags":[],"class_list":["post-30022","post","type-post","status-publish","format-standard","hentry","category-gundem","odd"],"_links":{"self":[{"href":"http:\/\/www.korhanyilmaz.com\/index.php?rest_route=\/wp\/v2\/posts\/30022","targetHints":{"allow":["GET"]}}],"collection":[{"href":"http:\/\/www.korhanyilmaz.com\/index.php?rest_route=\/wp\/v2\/posts"}],"about":[{"href":"http:\/\/www.korhanyilmaz.com\/index.php?rest_route=\/wp\/v2\/types\/post"}],"author":[{"embeddable":true,"href":"http:\/\/www.korhanyilmaz.com\/index.php?rest_route=\/wp\/v2\/users\/1"}],"replies":[{"embeddable":true,"href":"http:\/\/www.korhanyilmaz.com\/index.php?rest_route=%2Fwp%2Fv2%2Fcomments&post=30022"}],"version-history":[{"count":0,"href":"http:\/\/www.korhanyilmaz.com\/index.php?rest_route=\/wp\/v2\/posts\/30022\/revisions"}],"wp:attachment":[{"href":"http:\/\/www.korhanyilmaz.com\/index.php?rest_route=%2Fwp%2Fv2%2Fmedia&parent=30022"}],"wp:term":[{"taxonomy":"category","embeddable":true,"href":"http:\/\/www.korhanyilmaz.com\/index.php?rest_route=%2Fwp%2Fv2%2Fcategories&post=30022"},{"taxonomy":"post_tag","embeddable":true,"href":"http:\/\/www.korhanyilmaz.com\/index.php?rest_route=%2Fwp%2Fv2%2Ftags&post=30022"}],"curies":[{"name":"wp","href":"https:\/\/api.w.org\/{rel}","templated":true}]}}