{"id":30010,"date":"2011-03-31T17:27:52","date_gmt":"2011-03-31T14:27:52","guid":{"rendered":"http:\/\/www.korhanyilmaz.com\/?p=30010"},"modified":"2011-03-31T17:27:52","modified_gmt":"2011-03-31T14:27:52","slug":"imamin-ordusu-internette-yayiliyor","status":"publish","type":"post","link":"http:\/\/www.korhanyilmaz.com\/?p=30010","title":{"rendered":"\u0130mam\u0131n Ordusu internette yay\u0131l\u0131yor!"},"content":{"rendered":"<p style=\"text-align: justify;\"><a href=\"http:\/\/www.korhanyilmaz.com\/wp-content\/uploads\/2011\/03\/403.jpg\"  class=\"lightview\"><img loading=\"lazy\" decoding=\"async\" class=\"aligncenter size-full wp-image-30011\" src=\"http:\/\/www.korhanyilmaz.com\/wp-content\/uploads\/2011\/03\/403.jpg\" alt=\"\" width=\"307\" height=\"236\" \/><\/a><\/p>\n<p style=\"text-align: justify;\">Ahmet \u015e\u0131k&#8217;\u0131n, tasla\u011f\u0131 polis taraf\u0131ndan toplat\u0131lan kitab\u0131 &#8220;\u0130mam\u0131n Ordusu&#8221; internette h\u0131zla payla\u015f\u0131l\u0131yor. Payla\u015f\u0131m\u0131n amac\u0131 ise &#8220;&#8230;d\u00fc\u015f\u00fcnce \u00f6zg\u00fcrl\u00fc\u011f\u00fcn\u00fcn savunulmas\u0131 y\u00f6n\u00fcnde bir katk\u0131\u2026&#8221; olarak ifade edildi. Ba\u015fsavc\u0131l\u0131k ise, kitab\u0131n internette yay\u0131nlanmas\u0131 \u00fczerine inceleme ba\u015flatt\u0131. <!--more--><\/p>\n<p style=\"text-align: justify;\">Ergenekon soru\u015fturmas\u0131 kapsam\u0131nda tutuklanan Ahmet \u015e\u0131k&#8217;\u0131n yazd\u0131\u011f\u0131 ancak hen\u00fcz bas\u0131lmayan kitab\u0131 &#8220;\u0130mam&#8217;\u0131n Ordusu&#8221; ile ilgili olarak polis \u0130thaki Yay\u0131nevi ile Radikal Gazetesi&#8217;ni aram\u0131\u015f ve mevcut kitap taslaklar\u0131n\u0131 alm\u0131\u015ft\u0131. Uzun zamand\u0131r tart\u0131\u015f\u0131lan kitap &#8220;\u0130mam\u0131n Ordusu&#8221; internetten payla\u015f\u0131ld\u0131.<\/p>\n<p style=\"text-align: justify;\">298 sayfa olan tasla\u011f\u0131n ilk sayfas\u0131nda \u015e\u0131k&#8217;\u0131n tutuklan\u0131rken s\u00f6yledi\u011fi &#8220;Dokunan Yanar&#8221; s\u00f6zleri, &#8220;Cemaat Emniyet&#8217;te nas\u0131l \u00f6rg\u00fctlendi?&#8221; alt ba\u015fl\u0131\u011f\u0131yla yer al\u0131yor.<\/p>\n<p style=\"text-align: justify;\">Kitab\u0131n internette yay\u0131nlanmas\u0131ndaki ama\u00e7 \u015f\u00f6yle a\u00e7\u0131kland\u0131:<\/p>\n<p style=\"text-align: justify;\">&#8220;Ahmet \u015e\u0131k&#8217;\u0131n yazd\u0131\u011f\u0131 ve \u00e7al\u0131\u015fma ba\u015fl\u0131\u011f\u0131 &#8220;\u0130mam\u0131n Ordusu&#8221; olan kitab\u0131 \u015fu anda &#8220;Dokunan Yanar&#8221; ba\u015fl\u0131\u011f\u0131yla ekranlar\u0131m\u0131zda\u2026 Kitab\u0131n sahte kopyalar\u0131n\u0131n elektronik ortamlarda dola\u015ft\u0131\u011f\u0131 \u015fu g\u00fcnlerde, okurlar\u0131n &#8220;kitab\u0131n asl\u0131&#8221;n\u0131 okuma olana\u011f\u0131n\u0131n sa\u011flanmas\u0131n\u0131 demokratik bir g\u00f6rev, d\u00fc\u015f\u00fcnce \u00f6zg\u00fcrl\u00fc\u011f\u00fcn\u00fcn savunulmas\u0131 y\u00f6n\u00fcnde bir katk\u0131 oldu\u011fu inanc\u0131nday\u0131z. Kitab\u0131 internet ortam\u0131nda yaymam\u0131z\u0131n tek nedeni ve amac\u0131 bundan ibarettir\u2026&#8221;<\/p>\n<p style=\"text-align: justify;\"><strong>\u0130nceleme ba\u015flat\u0131ld\u0131 <\/strong><\/p>\n<p style=\"text-align: justify;\">Bu arada, kitap tasla\u011f\u0131n\u0131n internette bir sitede yay\u0131nlanmas\u0131 \u00fczerine, \u00f6zel yetkili \u0130stanbul Cumhuriyet Savc\u0131s\u0131 Hakan Karaali inceleme ba\u015flatt\u0131.<\/p>\n<p style=\"text-align: justify;\"><a href=\"http:\/\/www.cnnturk.com\/2011\/turkiye\/03\/31\/imamin.ordusu.internette.yayiliyor\/611758.0\/index.html\" target=\"_blank\">Kaynak : CNN T\u00dcRK<\/a><\/p>\n","protected":false},"excerpt":{"rendered":"<p style=\"text-align: justify;\">\n<p style=\"text-align: justify;\">Ahmet \u015e\u0131k&#8217;\u0131n, tasla\u011f\u0131 polis taraf\u0131ndan toplat\u0131lan kitab\u0131 &#8220;\u0130mam\u0131n Ordusu&#8221; internette h\u0131zla payla\u015f\u0131l\u0131yor. Payla\u015f\u0131m\u0131n amac\u0131 ise &#8220;&#8230;d\u00fc\u015f\u00fcnce \u00f6zg\u00fcrl\u00fc\u011f\u00fcn\u00fcn savunulmas\u0131 y\u00f6n\u00fcnde bir katk\u0131\u2026&#8221; olarak ifade edildi. Ba\u015fsavc\u0131l\u0131k ise, kitab\u0131n internette yay\u0131nlanmas\u0131 \u00fczerine inceleme ba\u015flatt\u0131. <\/p>\n","protected":false},"author":1,"featured_media":0,"comment_status":"open","ping_status":"closed","sticky":false,"template":"","format":"standard","meta":{"footnotes":""},"categories":[105],"tags":[],"class_list":["post-30010","post","type-post","status-publish","format-standard","hentry","category-gundem","odd"],"_links":{"self":[{"href":"http:\/\/www.korhanyilmaz.com\/index.php?rest_route=\/wp\/v2\/posts\/30010","targetHints":{"allow":["GET"]}}],"collection":[{"href":"http:\/\/www.korhanyilmaz.com\/index.php?rest_route=\/wp\/v2\/posts"}],"about":[{"href":"http:\/\/www.korhanyilmaz.com\/index.php?rest_route=\/wp\/v2\/types\/post"}],"author":[{"embeddable":true,"href":"http:\/\/www.korhanyilmaz.com\/index.php?rest_route=\/wp\/v2\/users\/1"}],"replies":[{"embeddable":true,"href":"http:\/\/www.korhanyilmaz.com\/index.php?rest_route=%2Fwp%2Fv2%2Fcomments&post=30010"}],"version-history":[{"count":0,"href":"http:\/\/www.korhanyilmaz.com\/index.php?rest_route=\/wp\/v2\/posts\/30010\/revisions"}],"wp:attachment":[{"href":"http:\/\/www.korhanyilmaz.com\/index.php?rest_route=%2Fwp%2Fv2%2Fmedia&parent=30010"}],"wp:term":[{"taxonomy":"category","embeddable":true,"href":"http:\/\/www.korhanyilmaz.com\/index.php?rest_route=%2Fwp%2Fv2%2Fcategories&post=30010"},{"taxonomy":"post_tag","embeddable":true,"href":"http:\/\/www.korhanyilmaz.com\/index.php?rest_route=%2Fwp%2Fv2%2Ftags&post=30010"}],"curies":[{"name":"wp","href":"https:\/\/api.w.org\/{rel}","templated":true}]}}