{"id":30007,"date":"2011-03-31T13:08:30","date_gmt":"2011-03-31T10:08:30","guid":{"rendered":"http:\/\/www.korhanyilmaz.com\/?p=30007"},"modified":"2011-03-31T13:08:30","modified_gmt":"2011-03-31T10:08:30","slug":"buyumede-rekor-kirdik","status":"publish","type":"post","link":"http:\/\/www.korhanyilmaz.com\/?p=30007","title":{"rendered":"&#8220;B\u00fcy\u00fcmede rekor k\u0131rd\u0131k&#8221;"},"content":{"rendered":"<p style=\"text-align: justify;\"><a href=\"http:\/\/www.korhanyilmaz.com\/wp-content\/uploads\/2011\/03\/402.jpg\"  class=\"lightview\"><img loading=\"lazy\" decoding=\"async\" class=\"aligncenter size-full wp-image-30008\" src=\"http:\/\/www.korhanyilmaz.com\/wp-content\/uploads\/2011\/03\/402.jpg\" alt=\"\" width=\"414\" height=\"220\" \/><\/a><\/p>\n<p style=\"text-align: justify;\">\u0130ngiliz i\u015fadamlar\u0131 ve yat\u0131r\u0131mc\u0131lar\u0131 ile bulu\u015fmak \u00fczere \u0130ngiltere&#8217;de bulunan Ba\u015fbakan Recep Tayyip Erdo\u011fan Bloomberg Londra&#8217;da bas\u0131na yapt\u0131\u011f\u0131 a\u00e7\u0131klamada T\u00fcrk ekonomisinde ya\u015fanan b\u00fcy\u00fcmedeki iki s\u0131rr\u0131n g\u00fcven ve istikrar oldu\u011funu s\u00f6yledi.<!--more--><\/p>\n<p style=\"text-align: justify;\">Irak ziyaretinin ard\u0131ndan \u0130ngiltere&#8217;ye ge\u00e7en ve Bloomberg Londra&#8217;da konu\u015fma yapan Tayyip Erdo\u011fan, 2010&#8217;da T\u00fcrkiye&#8217;nin b\u00fcy\u00fcme h\u0131z\u0131n\u0131n rekor niteli\u011finde oldu\u011funu, T\u00fcrkiye ekonomisinin  kriz sonras\u0131nda h\u0131zla toparland\u0131\u011f\u0131n\u0131 vurgulad\u0131.<\/p>\n<p style=\"text-align: justify;\">Erdo\u011fan, T\u00fcrkiye&#8217;nin kamu net bor\u00e7 sto\u011funun GSYH&#8217;ya oran\u0131n\u0131n y\u00fczde 70&#8217;lerden y\u00fczde 45&#8217;lere geriledi\u011finin alt\u0131n\u0131 \u00e7izerken, ki\u015fi ba\u015f\u0131na d\u00fc\u015fen milli has\u0131ladaki art\u0131\u015f\u0131n da ekonomideki geli\u015fmeleri yans\u0131tt\u0131\u011f\u0131n\u0131 ifade etti.<\/p>\n<p style=\"text-align: justify;\">Bu sabah a\u00e7\u0131klanan b\u00fcy\u00fcme rakamlar\u0131n\u0131n memnun edici oldu\u011funu belirten Erdo\u011fan, 2010&#8217;un son \u00e7eyre\u011finde yakalanan b\u00fcy\u00fcme oran\u0131n\u0131n d\u00fcnya i\u00e7in de \u00f6nemli oldu\u011funu savundu. Erdo\u011fan, T\u00fcrkiye&#8217;nin yabanc\u0131 sermaye i\u00e7in \u00e7ekim merkezi h\u00e2line geldi\u011fini ifade etti. Uluslararas\u0131 sermayenin T\u00fcrkiye&#8217;ye ak\u0131\u015f\u0131n\u0131n artmas\u0131nda &#8220;\u00e7ekim&#8221; ve &#8220;istikrar&#8221;\u0131n \u00f6nemine de\u011finen Ba\u015fbakan, T\u00fcrkiye&#8217;nin yat\u0131r\u0131mc\u0131lar i\u00e7in art\u0131k s\u0131\u011f\u0131n\u0131lacak yerlerden biri olarak g\u00f6r\u00fclmeye ba\u015fland\u0131\u011f\u0131na dikkat \u00e7ekti.<\/p>\n<p style=\"text-align: justify;\">Erdo\u011fan, T\u00fcrkiye&#8217;ye giren yabanc\u0131 sermayenin daha da artmas\u0131n\u0131 bekledi\u011fini s\u00f6yledi.<\/p>\n<p style=\"text-align: justify;\">Ba\u015fbakan, bor\u00e7lanma maliyetlerinin d\u00fc\u015fmesinin ekonomideki canlanmaya destek verdi\u011fini s\u00f6yledi.<\/p>\n<p style=\"text-align: justify;\"><strong>&#8220;SE\u00c7\u0130M B\u00dcT\u00c7ES\u0130 \u00c7\u00d6K\u00dc\u015e\u00dcN HABERC\u0130S\u0130D\u0130R&#8221;<\/strong><\/p>\n<p style=\"text-align: justify;\">Erken se\u00e7imlerin, \u00fclkedeki istikrars\u0131zl\u0131\u011f\u0131 art\u0131rd\u0131\u011f\u0131n\u0131 ifade eden Erdo\u011fan, &#8220;se\u00e7im b\u00fct\u00e7esi yap\u0131lmas\u0131 \u00e7\u00f6k\u00fc\u015f\u00fcn bir belirtisidir. Al\u0131\u015f\u0131ld\u0131\u011f\u0131 gibi bir se\u00e7im b\u00fct\u00e7esi yapm\u0131yoruz&#8221; dedi.<\/p>\n<p style=\"text-align: justify;\">T\u00fcrk ekonomisindeki sekt\u00f6rel b\u00fcy\u00fcmelere de de\u011finen Ba\u015fbakan Erdo\u011fan, \u00f6zellikle in\u015faat sekt\u00f6r\u00fcndeki b\u00fcy\u00fcme ve havayolu \u015firketlerindeki rekabet ortam\u0131n\u0131n art\u0131\u015f\u0131 \u00f6rneklerini verdi.<\/p>\n<p style=\"text-align: justify;\">\u0130stihdamdaki ilerlemede in\u015faat sekt\u00f6r\u00fcndeki geli\u015fmelerin \u00f6nemli oldu\u011funu savunan Erdo\u011fan, havac\u0131l\u0131k sekt\u00f6r\u00fcnde de art\u0131k yaln\u0131zca THY&#8217;den de\u011fil, di\u011fer \u015firketlerden de bahsedilerek, bir rekabet ortam\u0131n\u0131n olu\u015fturuldu\u011funu vurgulad\u0131.<\/p>\n<p style=\"text-align: justify;\"><strong>&#8220;L\u0130BYA&#8217;DA \u0130K\u0130 TARAFLA DA G\u00d6R\u00dc\u015e\u00dcYORUZ&#8221;<\/strong><\/p>\n<p style=\"text-align: justify;\">Libya&#8217;daki olaylara de\u011finen Erdo\u011fan, \u00fclkedeki h\u0131zl\u0131 de\u011fi\u015fime dikkat \u00e7ekti. Askeri operasyonlara ili\u015fkin g\u00f6r\u00fc\u015flerini bildiren Erdo\u011fan, Fransa&#8217;n\u0131n Libya konusunda kendi inisiyatifini kullanarak m\u00fcdahale etti\u011fini s\u00f6yledi.<\/p>\n<p style=\"text-align: justify;\">Ba\u015fbakan Erdo\u011fan, Libya&#8217;da ate\u015fkes ilan edilmesi i\u00e7in \u00e7al\u0131\u015f\u0131ld\u0131\u011f\u0131n\u0131, NATO operasyonlar\u0131n\u0131n da \u00fclkeye demokrasi getirmesini \u00fcmit etti\u011fini dile getirdi.<\/p>\n<p style=\"text-align: justify;\">Erdo\u011fan, Libya&#8217;daki geli\u015fmelere ili\u015fkin, &#8220;Libyal\u0131lar Kaddafi&#8217;nin Libya&#8217;dan gitmesini istiyor.Libya&#8217;n\u0131n yeni bir h\u00fck\u00fcmet ve anayasaya ihtiyac\u0131 var&#8221; diyerek, Libya lideri Muammer Kaddafi&#8217;ye de yeni lider aday\u0131n\u0131 se\u00e7mesini \u00f6nermi\u015f oldu\u011funu ifade etti.<\/p>\n<p style=\"text-align: justify;\">T\u00fcrkiye&#8217;nin Libya&#8217;da iki tarafla da g\u00f6r\u00fc\u015ft\u00fc\u011f\u00fcn\u00fc s\u00f6yledi.<\/p>\n<p style=\"text-align: justify;\">Bloomberg&#8217;deki konu\u015fmas\u0131nda Erdo\u011fan, Libya ile ilgili geli\u015fmeleri \u0130ngiltere Ba\u015fbakan\u0131 David Cameron ile g\u00f6r\u00fc\u015fece\u011fini aktard\u0131.<\/p>\n<p style=\"text-align: justify;\"><strong>YEN\u0130 ANAYASA<\/strong><\/p>\n<p style=\"text-align: justify;\">Ba\u015fbakan Erdo\u011fan, T\u00fcrkiye&#8217;de yeni anayasa \u00e7al\u0131\u015fmalar\u0131na se\u00e7imlerden sonra h\u0131z vereceklerini a\u00e7\u0131klad\u0131. Erdo\u011fan, ba\u015fkanl\u0131k sistemini ise referanduma g\u00f6t\u00fcrmeye d\u00fc\u015f\u00fcnd\u00fc\u011f\u00fcn\u00fc belirtti.<\/p>\n<p style=\"text-align: justify;\">\u00d6ncelikle Libya&#8217;daki olaylara de\u011finen Erdo\u011fan, \u00fclkedeki h\u0131zl\u0131 de\u011fi\u015fime dikkat \u00e7ekti. Askeri operasyonlara ili\u015fkin g\u00f6r\u00fc\u015flerini bildiren Erdo\u011fan, Fransa&#8217;n\u0131n Libya konusunda kendi inisiyatifini kullanarak m\u00fcdahale etti\u011fini s\u00f6yledi.<\/p>\n<p style=\"text-align: justify;\">Ba\u015fbakan Erdo\u011fan, Libya&#8217;da ate\u015fkes ilan edilmesi i\u00e7in \u00e7al\u0131\u015f\u0131ld\u0131\u011f\u0131n\u0131, NATO operasyonlar\u0131n\u0131n da \u00fclkeye demokrasi getirmesini \u00fcmit etti\u011fini dile getirdi.<\/p>\n<p style=\"text-align: justify;\">Erdo\u011fan, Libya&#8217;daki geli\u015fmelere ili\u015fkin, &#8220;Libyal\u0131lar Kaddafi&#8217;nin Libya&#8217;dan gitmesini istiyor.Libya&#8217;n\u0131n yeni bir h\u00fck\u00fcmet ve anayasaya ihtiyac\u0131 var&#8221; diyerek, Libya lideri Muammer Kaddafi&#8217;ye de yeni lider aday\u0131n\u0131 se\u00e7mesini \u00f6nermi\u015f oldu\u011funu ifade etti.<\/p>\n<p style=\"text-align: justify;\"><strong>ERDO\u011eAN&#8217;DAN BA\u015eKANLIK S\u0130STEM\u0130 A\u00c7IKLAMASI<\/strong><\/p>\n<p style=\"text-align: justify;\">Londra&#8217;da bulunan Ba\u015fbakan Recep Tayyip Erdo\u011fan, ba\u015fkanl\u0131k sistemi tart\u0131\u015fmalar\u0131yla ilgili \u00e7arp\u0131c\u0131 a\u00e7\u0131klamalar yapt\u0131. Erdo\u011fan, &#8220;Bu konuyu se\u00e7imden sonra referanduma g\u00f6t\u00fcrmeyi d\u00fc\u015f\u00fcn\u00fcyorum&#8221; dedi.<\/p>\n<p style=\"text-align: justify;\">Irak ziyaretinin ard\u0131ndan \u0130ngiltere&#8217;ye ge\u00e7en Ba\u015fbakan Tayyip Erdo\u011fan, T\u00fcrkiye&#8217;de yeni anayasa \u00e7al\u0131\u015fmalar\u0131na se\u00e7imlerden sonra h\u0131z vereceklerini a\u00e7\u0131klad\u0131.<\/p>\n<p style=\"text-align: justify;\"><strong>&#8220;T\u00dcRK\u0130YE A D\u00dcNYA G\u00dcNDEM\u0130N\u0130 BEL\u0130RL\u0130YOR&#8221;<\/strong><\/p>\n<p style=\"text-align: justify;\">Ba\u015fbakan Recep Tayyip Erdo\u011fan, T\u00fcrkiye&#8217;nin 2010 y\u0131l\u0131 son \u00e7eyre\u011findeki b\u00fcy\u00fcme rakam\u0131na ili\u015fkin &#8221;Bu herhalde d\u00fcnyada \u00e7ok \u00f6nemli bir oran oldu\u011fu gibi T\u00fcrkiye&#8217;nin de rekor denilecek bir oran\u0131d\u0131r ve en b\u00fcy\u00fck b\u00fcy\u00fcme oran\u0131n\u0131 b\u00f6ylece T\u00fcrkiye olarak yakalam\u0131\u015f vaziyetteyiz&#8221; dedi.<\/p>\n<p style=\"text-align: justify;\">Erdo\u011fan, Bloomberg TV&#8217;nin organize etti\u011fi toplant\u0131da i\u015f adamlar\u0131na hitap etti.<\/p>\n<p style=\"text-align: justify;\">\u0130ngiltere Ba\u015fbakan\u0131 David Cameron ile bug\u00fcn yapaca\u011f\u0131 heyetler aras\u0131 ve ba\u015f ba\u015fa g\u00f6r\u00fc\u015fmelerde \u00f6zellikle Kuzey Afrika, Orta Do\u011fu&#8217;daki geli\u015fmeleri de\u011ferlendireceklerini belirten Erdo\u011fan, bir yandan da bunlar\u0131n k\u00fcresel finansa yapm\u0131\u015f oldu\u011fu olumsuz etkileri de\u011ferlendirme f\u0131rsat\u0131 bulacaklar\u0131n\u0131 s\u00f6yledi.<\/p>\n<p style=\"text-align: justify;\">\u0130ngiltere&#8217;de d\u00fcn bu s\u00fcrece, \u00f6zellikle Libya s\u00fcrecine y\u00f6nelik bir toplant\u0131 yap\u0131ld\u0131\u011f\u0131n\u0131 an\u0131msatan Erdo\u011fan, bu toplant\u0131n\u0131n sonu\u00e7lar\u0131n\u0131 da de\u011ferlendireceklerini belirtti.<\/p>\n<p style=\"text-align: justify;\">Ba\u015fbakan Erdo\u011fan, \u015f\u00f6yle devam etti:<\/p>\n<p style=\"text-align: justify;\">&#8221;Beni bu sabah en mutlu eden bir netice \u015fuydu: Bir beklentiydi ayn\u0131 zamanda, o da 8,5 y\u0131l \u00f6nce T\u00fcrkiye&#8217;de g\u00f6revi devrald\u0131\u011f\u0131m\u0131zda mevcut ekonomik tablo neydi ve 8,5 y\u0131l sonra bir se\u00e7ime giderken bug\u00fcnk\u00fc tablo ne? Bu benim i\u00e7in \u00e7ok b\u00fcy\u00fck \u00f6nem arz ediyor. \u00d6zellikle de T\u00fcrkiye&#8217;nin Gayri Safi Yurti\u00e7i Has\u0131las\u0131 g\u00f6reve geldi\u011fimizde 230 milyar dolard\u0131. \u015eimdi ise bu rakam 2010 sonu itibariyle 736 milyar dolara ula\u015fm\u0131\u015f vaziyette. Ki\u015fi ba\u015f\u0131 milli gelir ise 10 bin dolar\u0131 a\u015fm\u0131\u015f durumda. Tabii bunlar ger\u00e7ekten \u00fclkem i\u00e7in, bizim i\u00e7in ayr\u0131 mutluluk vesilesi. Bununla kalm\u0131yorum bir ba\u015fka rakama bakmak durumunday\u0131m. O da \u00f6zellikle b\u00fcy\u00fcme rakam\u0131na geldi\u011fimizde 2010&#8217;un son \u00e7eyre\u011fine bakt\u0131\u011f\u0131m\u0131zda 9,2&#8230; Bu herhalde d\u00fcnyada \u00e7ok \u00f6nemli bir oran oldu\u011fu gibi T\u00fcrkiye&#8217;nin de rekor denilecek bir oran\u0131d\u0131r ve en b\u00fcy\u00fck b\u00fcy\u00fcme oran\u0131n\u0131 b\u00f6ylece T\u00fcrkiye olarak yakalam\u0131\u015f vaziyetteyiz. 2010 ortalamas\u0131na bakt\u0131\u011f\u0131m\u0131z zaman ortalama itibariyle de 8,9 oran\u0131nda bir b\u00fcy\u00fcmeyi T\u00fcrkiye olarak yakalad\u0131k. Tabii bu \u00fclkemdeki geli\u015fmenin&#8230; \u00c7\u00fcnk\u00fc biz petrol zengini bir \u00fclke de\u011filiz ama sanayide, teknolojide \u00e7ok ciddi s\u0131\u00e7ramalar ger\u00e7ekle\u015ftirmi\u015f bir \u00fclkeyiz ve bu artarak devam ediyor ve T\u00fcrkiye adeta bir \u00e7ekim alan\u0131 haline bu d\u00f6nemde geldi.&#8221;<\/p>\n<p style=\"text-align: justify;\">G\u00f6reve gelmeden \u00f6nce T\u00fcrkiye&#8217;ye y\u0131lda 1 milyar dolar civar\u0131nda uluslararas\u0131 sermaye geldi\u011fini, son 4 y\u0131l ortalamas\u0131n\u0131n ise 12,5 milyar dolar oldu\u011funun alt\u0131n\u0131 \u00e7izen Erdo\u011fan, \u015funlar\u0131 kaydetti:<\/p>\n<p style=\"text-align: justify;\">&#8221;Bunlar durup dururken olmuyor. \u0130ki s\u0131r kelime, iki s\u0131r kavram var. Bir g\u00fcvendir, iki istikrard\u0131r. Bu g\u00fcven ortam\u0131n\u0131 sa\u011flad\u0131\u011f\u0131m\u0131z i\u00e7indir ki uluslararas\u0131 sermaye bize gelebiliyor, istikrar\u0131 g\u00f6r\u00fc\u011f\u00fc i\u00e7in bize gelebiliyor. E\u011fer bu iki kavram olmam\u0131\u015f olsa uluslararas\u0131 sermaye bize gelmez. \u0130nan\u0131yorum ki bundan sonra bu daha da artacak. \u00c7\u00fcnk\u00fc bizim \u00fclkemiz \u015fu anda iyi bir s\u0131\u011f\u0131nma alan\u0131, k\u00f6rfezi haline geldi. \u00c7ok daha ileri bir \u00f6rnek vermem gerekirse; \u00f6rne\u011fin turizmde, biz g\u00f6reve geldi\u011fimizde T\u00fcrkiye&#8217;ye gelen turist say\u0131s\u0131 13 milyondu. Ama \u015fu anda T\u00fcrkiye&#8217;ye gelen say\u0131s\u0131 29 milyona ula\u015ft\u0131. Bu da yine T\u00fcrkiye&#8217;nin bir g\u00fcvenli liman oldu\u011funu g\u00f6stermesi bak\u0131m\u0131ndan \u00e7ok \u00e7ok \u00f6nemli bir durum. Bu s\u00fcreci bu h\u0131zla devam ettirirken bizim \u0131srarla \u00fczerinde durdu\u011fumuz konu, T\u00fcrkiye art\u0131k kendi b\u00f6lgesinin bir \u00fclkesi de\u011fil. T\u00fcrkiye art\u0131k g\u00fcndemi belirlenen bir \u00fclke de de\u011fil. T\u00fcrkiye art\u0131k d\u00fcnya g\u00fcndeminde g\u00fcndem belirleyen \u00fclkeler aras\u0131nda yerini alm\u0131\u015f vaziyette.&#8221;<\/p>\n<p style=\"text-align: justify;\"><strong>&#8221;\u0130\u00c7 P\u0130YASADA VE \u0130HRACATTA C\u0130DD\u0130 B\u0130R HAREKETLENME S\u00d6Z KONUSU&#8221;-<\/strong><\/p>\n<p style=\"text-align: justify;\">G\u00f6reve gelmeden \u00f6nce T\u00fcrkiye&#8217;nin menkul k\u0131ymetler borsas\u0131nda endeksin 11 bin civar\u0131nda oldu\u011funu, bug\u00fcn bunun 64 bine \u00e7\u0131kt\u0131\u011f\u0131n\u0131 anlatan Erdo\u011fan, bu durumun uluslararas\u0131 sermayenin de T\u00fcrkiye&#8217;ye giri\u015fi bak\u0131m\u0131ndan \u00f6nem ifade etti\u011fini bildirdi.<\/p>\n<p style=\"text-align: justify;\">Ba\u015fbakan Erdo\u011fan, \u015f\u00f6yle devam etti:<\/p>\n<p style=\"text-align: justify;\">&#8221;Di\u011fer i\u00e7eride att\u0131\u011f\u0131m\u0131z ad\u0131mlara bak\u0131nca T\u00fcrkiye&#8217;nin kamu net bor\u00e7 stoku milli gelire oran\u0131 itibariyle verece\u011fim y\u00fczde 34&#8217;t\u00fc. Ama \u015fimdi bu orana bak\u0131yoruz y\u00fczde 45. Buralara d\u00fc\u015fm\u00fc\u015f vaziyette, b\u00f6yle bir durum s\u00f6z konusu. Ayn\u0131 \u015fekilde devletin bor\u00e7lanma faizine bak\u0131yoruz. Devletin bor\u00e7lanma faizi y\u00fczde 64&#8217;t\u00fc. Ama \u015fu anda devletin bor\u00e7lanma faizi 6.8, buraya d\u00fc\u015fm\u00fc\u015f vaziyette. B\u00f6yle bir geli\u015fme i\u00e7erisinde olan T\u00fcrkiye var. Yani maliyetler her ge\u00e7en g\u00fcn d\u00fc\u015f\u00fcyor. Bu maliyetlerin d\u00fc\u015fmesi sebebiyle tabii gerek i\u00e7 piyasada gerek ihracatta da ciddi bir hareketlenme s\u00f6z konusu.&#8221;<\/p>\n<p style=\"text-align: justify;\">Bir ba\u015fka \u00f6nemli \u00f6rne\u011fin de in\u015faat sekt\u00f6r\u00fcnde oldu\u011funu ifade eden Erdo\u011fan, &#8221;\u0130n\u015faat sekt\u00f6r\u00fc T\u00fcrkiye&#8217;nin \u00f6nemli bir s\u0131\u00e7rama tahtas\u0131 oldu. Sadece \u015fahs\u0131ma ba\u011fl\u0131 olan Toplu Konut \u0130daresinin bu s\u00fcre\u00e7 i\u00e7erisinde yapmakta oldu\u011fu in\u015faat say\u0131s\u0131 480 bin, a\u011f\u0131rl\u0131kl\u0131 sosyal konuttur. Teslim etti\u011fimiz konut say\u0131s\u0131 350 bin&#8221; dedi.<\/p>\n<p style=\"text-align: justify;\">Bunun istihdam noktas\u0131nda kendilerini rahatlatan bir konu oldu\u011funu dile getiren Ba\u015fbakan Erdo\u011fan, \u015funlar\u0131 kaydetti:<\/p>\n<p style=\"text-align: justify;\">&#8221;\u00c7\u00fcnk\u00fc t\u00fcm geli\u015fmi\u015f \u00fclkelerde i\u015fsizlik artmaya devam ederken T\u00fcrkiye&#8217;de y\u00fczde 14&#8217;e kadar \u00e7\u0131kt\u0131 ve d\u00fc\u015fmeye ba\u015flad\u0131. \u015eu anda 11.9 buraday\u0131z. B\u00f6yle bir noktaday\u0131z. B\u00fct\u00fcn bunlarla beraber 2011 her ne kadar bir se\u00e7im y\u0131l\u0131ysa da 12 Haziran&#8217;da bir se\u00e7im ya\u015fayaca\u011f\u0131z. B\u00f6yle bir se\u00e7im y\u0131l\u0131 olmas\u0131na ra\u011fmen biz ge\u00e7mi\u015fte al\u0131\u015f\u0131ld\u0131\u011f\u0131 gibi bir se\u00e7im b\u00fct\u00e7esi yaparak bu y\u0131la girmedik. Normal rutin b\u00fct\u00e7emizi yapt\u0131k ve o b\u00fct\u00e7e \u00fczerinde \u00e7al\u0131\u015fmalar\u0131m\u0131z\u0131 s\u00fcrd\u00fcr\u00fcyoruz. Fakat farkl\u0131 \u00fclkelerde bilirsiniz s\u00fcrekli, &#8216;se\u00e7ime gidiyoruz, se\u00e7im y\u0131l\u0131nda farkl\u0131 b\u00fct\u00e7eler olu\u015ftural\u0131m&#8217; diye gayretler olur. Tabii bu ayn\u0131 zamanda \u00e7\u00f6k\u00fc\u015f\u00fcnde m\u00fcjdecisidir. Ama biz buna f\u0131rsat vermedik. Bizim \u00f6zellikle \u00e7ok partili d\u00f6nemde 1946&#8217;dan sonra \u015f\u00f6yle ortalama iktidarlar\u0131n s\u00fcrecine bakt\u0131\u011f\u0131m\u0131zda 15-16 ayd\u0131r. Hep erken se\u00e7im, erken se\u00e7im. \u0130\u015fte bu istikrars\u0131zl\u0131kt\u0131r. Biz iki d\u00f6nem arka arkaya iktidar\u0131z ve bu iktidar\u0131m\u0131z d\u00f6neminde asla b\u00f6yle bir erken se\u00e7ime f\u0131rsat vermedik. \u015eu anda da yine s\u00fcresi i\u00e7erisinde se\u00e7imi yapaca\u011f\u0131z. &#8216;T\u00fcrkiye art\u0131k bunlara al\u0131\u015fmal\u0131d\u0131r&#8217; dedik ve bu ad\u0131m\u0131 da ba\u015far\u0131l\u0131 bir \u015fekilde atm\u0131\u015f vaziyetteyiz.<\/p>\n<p style=\"text-align: justify;\">\u0130\u015fsizlikte gelinen bu noktada ger\u00e7ekten in\u015faat sekt\u00f6r\u00fcn\u00fcn bize olan faydas\u0131 \u00e7ok \u00e7ok fazla. Tabii bir di\u011fer \u00f6nemli ad\u0131m da T\u00fcrkiye&#8217;nin, &#8216;yol medeniyettir&#8217; anlay\u0131\u015f\u0131yla \u00e7\u0131kt\u0131\u011f\u0131m\u0131z yolda 79 senede T\u00fcrkiye&#8217;de 6 bin 100 kilometre duble yol yap\u0131lm\u0131\u015ft\u0131. Fakat biz \u015fu 8 y\u0131l i\u00e7erisine 13 bin 600 kilometre duble yol s\u0131\u011fd\u0131rd\u0131k. Bu tabii T\u00fcrkiye&#8217;nin kalk\u0131nmas\u0131na en \u00f6nemli katk\u0131y\u0131 sa\u011flayan ad\u0131mlardan bir tanesi. \u015eimdi 2023 bizim i\u00e7in \u00f6nemli bir d\u00f6n\u00fcm noktas\u0131. Cumhuriyetimizin 100. kurulu\u015f y\u0131l d\u00f6n\u00fcm\u00fc ve se\u00e7im beyannamemizin hedefi de o olacak. Buraya giderken bir 15 bin kilometre daha duble yol yapaca\u011f\u0131z. T\u00fcrkiye&#8217;nin \u015fu anda 45 noktas\u0131na u\u00e7aklar\u0131m\u0131z art\u0131k u\u00e7uyor. B\u00f6yle bir konuma geldik. Biz geldi\u011fimizde bu yoktu tek T\u00fcrk Hava Yollar\u0131 vard\u0131 \u015fimdi ise art\u0131k rekabet ba\u015flad\u0131. 6 farkl\u0131 \u015firketle T\u00fcrkiye kendi i\u00e7inde bu u\u00e7u\u015flar\u0131 yapabiliyor.&#8221;<\/p>\n<p style=\"text-align: justify;\"><a href=\"http:\/\/www.gazeteport.com.tr\/EKONOMI\/NEWS\/GP_879063\" target=\"_blank\">Kaynak : GAZETEPORT<\/a><\/p>\n","protected":false},"excerpt":{"rendered":"<p style=\"text-align: justify;\">\n<p style=\"text-align: justify;\">\u0130ngiliz i\u015fadamlar\u0131 ve yat\u0131r\u0131mc\u0131lar\u0131 ile bulu\u015fmak \u00fczere \u0130ngiltere&#8217;de bulunan Ba\u015fbakan Recep Tayyip Erdo\u011fan Bloomberg Londra&#8217;da bas\u0131na yapt\u0131\u011f\u0131 a\u00e7\u0131klamada T\u00fcrk ekonomisinde ya\u015fanan b\u00fcy\u00fcmedeki iki s\u0131rr\u0131n g\u00fcven ve istikrar oldu\u011funu s\u00f6yledi.<\/p>\n","protected":false},"author":1,"featured_media":0,"comment_status":"open","ping_status":"closed","sticky":false,"template":"","format":"standard","meta":{"footnotes":""},"categories":[105],"tags":[],"class_list":["post-30007","post","type-post","status-publish","format-standard","hentry","category-gundem","odd"],"_links":{"self":[{"href":"http:\/\/www.korhanyilmaz.com\/index.php?rest_route=\/wp\/v2\/posts\/30007","targetHints":{"allow":["GET"]}}],"collection":[{"href":"http:\/\/www.korhanyilmaz.com\/index.php?rest_route=\/wp\/v2\/posts"}],"about":[{"href":"http:\/\/www.korhanyilmaz.com\/index.php?rest_route=\/wp\/v2\/types\/post"}],"author":[{"embeddable":true,"href":"http:\/\/www.korhanyilmaz.com\/index.php?rest_route=\/wp\/v2\/users\/1"}],"replies":[{"embeddable":true,"href":"http:\/\/www.korhanyilmaz.com\/index.php?rest_route=%2Fwp%2Fv2%2Fcomments&post=30007"}],"version-history":[{"count":0,"href":"http:\/\/www.korhanyilmaz.com\/index.php?rest_route=\/wp\/v2\/posts\/30007\/revisions"}],"wp:attachment":[{"href":"http:\/\/www.korhanyilmaz.com\/index.php?rest_route=%2Fwp%2Fv2%2Fmedia&parent=30007"}],"wp:term":[{"taxonomy":"category","embeddable":true,"href":"http:\/\/www.korhanyilmaz.com\/index.php?rest_route=%2Fwp%2Fv2%2Fcategories&post=30007"},{"taxonomy":"post_tag","embeddable":true,"href":"http:\/\/www.korhanyilmaz.com\/index.php?rest_route=%2Fwp%2Fv2%2Ftags&post=30007"}],"curies":[{"name":"wp","href":"https:\/\/api.w.org\/{rel}","templated":true}]}}