{"id":30001,"date":"2011-03-31T12:43:40","date_gmt":"2011-03-31T09:43:40","guid":{"rendered":"http:\/\/www.korhanyilmaz.com\/?p=30001"},"modified":"2011-03-31T12:43:40","modified_gmt":"2011-03-31T09:43:40","slug":"mudahale-degil-terfidir","status":"publish","type":"post","link":"http:\/\/www.korhanyilmaz.com\/?p=30001","title":{"rendered":"M\u00fcdahale de\u011fil, terfidir"},"content":{"rendered":"<p style=\"text-align: center;\"><a href=\"http:\/\/www.korhanyilmaz.com\/wp-content\/uploads\/2011\/03\/401.jpg\"  class=\"lightview\"><img loading=\"lazy\" decoding=\"async\" class=\"aligncenter size-full wp-image-30004\" src=\"http:\/\/www.korhanyilmaz.com\/wp-content\/uploads\/2011\/03\/401.jpg\" alt=\"\" width=\"414\" height=\"220\" \/><\/a><\/p>\n<p style=\"text-align: justify;\">Adalet Bakan\u0131 Ahmet Kahraman, &#8221;Kararname kesinlikle yap\u0131lan soru\u015fturmaya, y\u00fcr\u00fct\u00fclmekte olan davalara m\u00fcdahale niteli\u011finde olmay\u0131p bu arkada\u015flar\u0131m\u0131z\u0131n performanslar\u0131n\u0131n da de\u011ferlendirilerek \u00fcst g\u00f6reve atanmalar\u0131d\u0131r&#8221; dedi.<!--more--><\/p>\n<p style=\"text-align: justify;\">ANKARA- Kahraman, Yarg\u0131tay ve Dan\u0131\u015ftay&#8217;a yeni se\u00e7ilen \u00fcyelerin mazbata t\u00f6reninden ayr\u0131l\u0131rken, gazetecilerin Hakimler ve Savc\u0131lar Y\u00fcksek Kurulu kararnamesine ili\u015fkin sorular\u0131n\u0131 yan\u0131tlad\u0131.<\/p>\n<p style=\"text-align: justify;\">Ahmet Kahraman, HSYK 1. Dairesinin rutin bir i\u015flemi tesis etti\u011fini, y\u0131llard\u0131r bir\u00e7ok kararnameyle ilgili atamalar yap\u0131ld\u0131\u011f\u0131n\u0131, b\u00f6lge adliye mahkemelerinin kurulmas\u0131 nedeniyle bir\u00e7ok ilde ba\u015fsavc\u0131l\u0131klar\u0131n bo\u015fald\u0131\u011f\u0131n\u0131 an\u0131msatt\u0131. Bu illerin ba\u015fsavc\u0131l\u0131klar\u0131n\u0131n bo\u015flu\u011funun uzun s\u00fcre devam etmesinin sak\u0131ncalar\u0131 g\u00f6z\u00f6n\u00fcne al\u0131narak, atamalar\u0131n tamamland\u0131\u011f\u0131n\u0131 s\u00f6yleyen Kahraman, \u015f\u00f6yle devam etti:<\/p>\n<p style=\"text-align: justify;\">&#8221;\u0130stanbul&#8217;da CMK 250. maddeyle g\u00f6revli olan 3 arkada\u015f\u0131m\u0131z \u0130stanbul Cumhuriyet Ba\u015fsavc\u0131 Vekili olarak g\u00f6revlendirildi. Kararname kesinlikle yap\u0131lan soru\u015fturmaya, y\u00fcr\u00fct\u00fclmekte olan davalara m\u00fcdahale niteli\u011finde olmay\u0131p bu arkada\u015flar\u0131m\u0131z\u0131n performanslar\u0131n\u0131n da de\u011ferlendirilerek \u00fcst g\u00f6reve atanmalar\u0131d\u0131r. &#8216;Ergenekon&#8217; soru\u015fturmas\u0131yla ilgili bug\u00fcne kadar 7 Cumhuriyet savc\u0131s\u0131 arkada\u015f\u0131m\u0131z g\u00f6rev alm\u0131\u015ft\u0131.<\/p>\n<p style=\"text-align: justify;\">Bunlardan 2&#8217;sinin \u015fu anda &#8216;Ergenekon&#8217; soru\u015fturmas\u0131yla g\u00f6revleri sona erdirilmi\u015f ama i\u00e7lerinde yine Fikret Se\u00e7en arkada\u015f\u0131m\u0131z Cumhuriyet Ba\u015fsavc\u0131 Vekili olarak g\u00f6revlendirilmi\u015ftir, g\u00f6revinin ba\u015f\u0131ndad\u0131r. Bu ba\u011flamda zaten b\u00fcy\u00fck \u00f6l\u00e7\u00fcde san\u0131yorum bize yans\u0131d\u0131\u011f\u0131 kadar\u0131yla, kamuoyundan bildi\u011fimiz kadar\u0131yla soru\u015fturma tamamlanm\u0131\u015f davalar\u0131 g\u00f6r\u00fclmeye ba\u015flanm\u0131\u015ft\u0131r. Arkada\u015flar\u0131m\u0131z kald\u0131\u011f\u0131 yerden devam edeceklerdir. Davalar, soru\u015fturmalar, ki\u015filerle, hakim savc\u0131lar\u0131n \u015fah\u0131slar\u0131yla kaim de\u011fildir. Bug\u00fcne kadar bu arkada\u015flar\u0131m\u0131z bir\u00e7ok yerlerde g\u00f6rev yapt\u0131lar ba\u015far\u0131yla. Bundan sonra da ba\u015fta Zekeriya \u00d6z olmak \u00fczere Ercan bey de Fikret bey de birlikte yarg\u0131ya hizmet edecekler.&#8221;<\/p>\n<p style=\"text-align: justify;\">\u0130stanbul Cumhuriyet Ba\u015fsavc\u0131 Vekili Turan \u00c7olakkad\u0131&#8217;n\u0131n \u0130stanbul Cumhuriyet Ba\u015fsavc\u0131s\u0131 oldu\u011funu da an\u0131msatan Kahraman, &#8221;Bu \u00e7ok \u00f6nemli ve hayli a\u011f\u0131r bir g\u00f6revdir. Biz onun ekibiyle \u00e7al\u0131\u015fmas\u0131n\u0131, ba\u015far\u0131s\u0131n\u0131n artmas\u0131n\u0131 da hedefleyerek, yan\u0131nda birlikte \u00e7al\u0131\u015ft\u0131\u011f\u0131 arkada\u015flar\u0131n\u0131 g\u00f6revlendirdik. Bunda ba\u015fka bir maksat yoktur&#8221; diye konu\u015ftu.<\/p>\n<p style=\"text-align: justify;\"><a href=\"http:\/\/www.gazeteport.com.tr\/GUNCEL\/NEWS\/GP_879039\" target=\"_blank\">Kaynak : GAZETEPORT<\/a><\/p>\n","protected":false},"excerpt":{"rendered":"<p style=\"text-align: center;\">\n<p style=\"text-align: justify;\">Adalet Bakan\u0131 Ahmet Kahraman, &#8221;Kararname kesinlikle yap\u0131lan soru\u015fturmaya, y\u00fcr\u00fct\u00fclmekte olan davalara m\u00fcdahale niteli\u011finde olmay\u0131p bu arkada\u015flar\u0131m\u0131z\u0131n performanslar\u0131n\u0131n da de\u011ferlendirilerek \u00fcst g\u00f6reve atanmalar\u0131d\u0131r&#8221; dedi.<\/p>\n","protected":false},"author":1,"featured_media":0,"comment_status":"open","ping_status":"closed","sticky":false,"template":"","format":"standard","meta":{"footnotes":""},"categories":[105],"tags":[],"class_list":["post-30001","post","type-post","status-publish","format-standard","hentry","category-gundem","odd"],"_links":{"self":[{"href":"http:\/\/www.korhanyilmaz.com\/index.php?rest_route=\/wp\/v2\/posts\/30001","targetHints":{"allow":["GET"]}}],"collection":[{"href":"http:\/\/www.korhanyilmaz.com\/index.php?rest_route=\/wp\/v2\/posts"}],"about":[{"href":"http:\/\/www.korhanyilmaz.com\/index.php?rest_route=\/wp\/v2\/types\/post"}],"author":[{"embeddable":true,"href":"http:\/\/www.korhanyilmaz.com\/index.php?rest_route=\/wp\/v2\/users\/1"}],"replies":[{"embeddable":true,"href":"http:\/\/www.korhanyilmaz.com\/index.php?rest_route=%2Fwp%2Fv2%2Fcomments&post=30001"}],"version-history":[{"count":0,"href":"http:\/\/www.korhanyilmaz.com\/index.php?rest_route=\/wp\/v2\/posts\/30001\/revisions"}],"wp:attachment":[{"href":"http:\/\/www.korhanyilmaz.com\/index.php?rest_route=%2Fwp%2Fv2%2Fmedia&parent=30001"}],"wp:term":[{"taxonomy":"category","embeddable":true,"href":"http:\/\/www.korhanyilmaz.com\/index.php?rest_route=%2Fwp%2Fv2%2Fcategories&post=30001"},{"taxonomy":"post_tag","embeddable":true,"href":"http:\/\/www.korhanyilmaz.com\/index.php?rest_route=%2Fwp%2Fv2%2Ftags&post=30001"}],"curies":[{"name":"wp","href":"https:\/\/api.w.org\/{rel}","templated":true}]}}