{"id":29997,"date":"2011-03-30T22:01:19","date_gmt":"2011-03-30T19:01:19","guid":{"rendered":"http:\/\/www.korhanyilmaz.com\/?p=29997"},"modified":"2011-03-30T22:01:19","modified_gmt":"2011-03-30T19:01:19","slug":"erdogandan-oz-aciklamasi","status":"publish","type":"post","link":"http:\/\/www.korhanyilmaz.com\/?p=29997","title":{"rendered":"Erdo\u011fan&#8217;dan &#8220;\u00d6z&#8221; a\u00e7\u0131klamas\u0131"},"content":{"rendered":"<p style=\"text-align: center;\"><a href=\"http:\/\/www.korhanyilmaz.com\/wp-content\/uploads\/2011\/03\/3691.jpg\"  class=\"lightview\"><img loading=\"lazy\" decoding=\"async\" class=\"aligncenter size-full wp-image-29998\" src=\"http:\/\/www.korhanyilmaz.com\/wp-content\/uploads\/2011\/03\/3691.jpg\" alt=\"\" width=\"320\" height=\"244\" \/><\/a><\/p>\n<p style=\"text-align: justify;\">Ba\u015fbakan Recep Tayyip Erdo\u011fan, Hakimler ve Savc\u0131lar Y\u00fcksek Kurulu (HSYK) kararnamesinin y\u00fcr\u00fctmenin ya da yasaman\u0131n de\u011fil, HSYK&#8217;n\u0131n konusu oldu\u011funu belirterek, &#8221;Ben yarg\u0131n\u0131n i\u015fine kar\u0131\u015famam, yarg\u0131 da benim i\u015fime kar\u0131\u015fmamal\u0131&#8221; dedi.<!--more--><\/p>\n<p style=\"text-align: justify;\">ANKARA &#8211; Ba\u015fbakan Erdo\u011fan, resmi ziyarette bulunmak \u00fczere \u0130ngiltere&#8217;ye hareketinden \u00f6nce Esenbo\u011fa Havaliman\u0131&#8217;nda yapt\u0131\u011f\u0131 a\u00e7\u0131klaman\u0131n ard\u0131ndan gazetecilerin g\u00fcndeme ili\u015fkin sorular\u0131n\u0131 yan\u0131tlad\u0131.<\/p>\n<p style=\"text-align: justify;\">Erdo\u011fan, HSYK kararnamesiyle &#8221;Ergenekon&#8221; soru\u015fturmas\u0131n\u0131 y\u00fcr\u00fcten 3 Cumhuriyet Savc\u0131s\u0131&#8217;n\u0131n \u0130stanbul Cumhuriyet Ba\u015fsavc\u0131vekilli\u011fine atand\u0131\u011f\u0131n\u0131n an\u0131msat\u0131larak, &#8221;Bununla ilgili \u00e7e\u015fitli yorumlar var. Muhalefetten, &#8216;h\u00fck\u00fcmetin att\u0131\u011f\u0131 ad\u0131m&#8217; yorumlar\u0131, sizin partinizden dava s\u00fcresinin uzayabilece\u011fi kayg\u0131lar\u0131 dile getiriliyor. Bu de\u011fi\u015fikli\u011fi nas\u0131l yorumluyorsunuz&#8221; sorusu \u00fczerine, &#8221;Bu konu y\u00fcr\u00fctmenin konusu de\u011fil, yasaman\u0131n konusu de\u011fil. Bu konu HSYK&#8217;n\u0131n konusudur&#8221; dedi.<\/p>\n<p style=\"text-align: justify;\">T\u00fcrkiye&#8217;nin demokratik, laik, sosyal bir hukuk devleti oldu\u011funu belirten Erdo\u011fan, \u015f\u00f6yle konu\u015ftu:<\/p>\n<p style=\"text-align: justify;\">&#8221;E\u011fer hukuk devleti i\u00e7inde Anayasa&#8217;n\u0131n belirledi\u011fi g\u00f6revleri hepimiz kendi \u00e7er\u00e7evesi i\u00e7inde y\u00fcr\u00fct\u00fcrsek hi\u00e7bir mesele kalmaz. Ben yarg\u0131n\u0131n i\u015fine kar\u0131\u015famam, yarg\u0131 da benim i\u015fime kar\u0131\u015fmamal\u0131. Hepimiz e\u011fer i\u015fimizi ba\u015far\u0131l\u0131 bir \u015fekilde s\u00fcrd\u00fcr\u00fcrsek zaten o zaman bu sorulara da gerek kalmayacakt\u0131r. Benim arkada\u015flar\u0131mdan kim bu t\u00fcr yorum yapt\u0131ysa bilemem. E\u011fer yapm\u0131\u015fsa yanl\u0131\u015f yapm\u0131\u015f. \u015eunu zaten s\u00f6yl\u00fcyoruz; gecikmi\u015f adalet adalet de\u011fildir. Bir an \u00f6nce bu ad\u0131mlar\u0131n at\u0131lmas\u0131 gerekir diyoruz ki Yarg\u0131tayda, Dan\u0131\u015ftayda dairelerin \u00e7o\u011falt\u0131lmas\u0131 ve \u00e7al\u0131\u015fanlar\u0131n adedinin art\u0131r\u0131lmas\u0131 noktas\u0131nda bizler yasama olarak ad\u0131m att\u0131k, g\u00f6revimizi yapt\u0131k. Bundan sonra art\u0131k yine yarg\u0131 g\u00f6revini yapacakt\u0131r. Art\u0131k yeterli eleman say\u0131s\u0131 vard\u0131r, daireler art\u0131r\u0131lm\u0131\u015ft\u0131r. \u0130n\u015fallah \u00fcst yarg\u0131da bu t\u00fcr gecikmeler olmayacakt\u0131r. Temennim odur ki ilk ad\u0131m mahkemelerinde de daha s\u00fcratle neticeler al\u0131n\u0131r. Bu tutukluluk s\u00fcre\u00e7leri uzamaz, daha k\u0131sa zamanda biter. Bu bizim temennimizdir. Bunun daha \u00f6tesine gitmek bizim g\u00f6rev alan\u0131m\u0131z de\u011fil.&#8221;<\/p>\n<p style=\"text-align: justify;\">Ba\u015fbakan Erdo\u011fan, &#8221;H\u00fck\u00fcmetin Meclis&#8217;ten Kanun H\u00fckm\u00fcnde Kararname \u00e7\u0131karma konusunda yetki talebi var. Bu talebin i\u00e7inde TSK personeli dahil atama konusu var. A\u011fustos \u015furas\u0131 \u00f6ncesinde TSK personel kanununda de\u011fi\u015fiklik \u00f6ng\u00f6r\u00fcyor musunuz&#8221; sorusu \u00fczerine, kendi d\u00f6nemlerinde ilk kez Kanun H\u00fckm\u00fcnde Kararname talebinde bulunduklar\u0131n\u0131 s\u00f6yledi. Kanun H\u00fckm\u00fcnde Kararname yetkisinin bug\u00fcne kadar devaml\u0131 yap\u0131ld\u0131\u011f\u0131na dikkati \u00e7eken Erdo\u011fan, &#8221;Yan\u0131lm\u0131yorsam, \u00e7ok partili siyasi d\u00f6nemde de 29. olsa gerek&#8221; dedi.<\/p>\n<p style=\"text-align: justify;\">Hemen hemen her iktidar\u0131n bu t\u00fcr ihtiyaca binaen daha seri \u00e7al\u0131\u015fabilmek i\u00e7in bu t\u00fcr yetkileri ald\u0131\u011f\u0131n\u0131 ifade eden Erdo\u011fan, \u015f\u00f6yle devam etti:<\/p>\n<p style=\"text-align: justify;\">&#8221;Bizimki de a\u011f\u0131rl\u0131kl\u0131 olarak, Anayasa&#8217;n\u0131n bize tan\u0131d\u0131\u011f\u0131 yetki dairesinde, ba\u015fbakan yard\u0131mc\u0131lar\u0131 hari\u00e7 a\u011f\u0131rl\u0131kl\u0131 olarak devlet bakanl\u0131klar\u0131n\u0131 icrac\u0131 bakanl\u0131\u011fa d\u00f6n\u00fc\u015ft\u00fcrme gibi bir ad\u0131m atal\u0131m diyoruz ki art\u0131k kendi b\u00fct\u00e7esi olan ve ne yapt\u0131\u011f\u0131 bilinen, bakanlar kurulu say\u0131s\u0131n\u0131n da biraz daha azald\u0131\u011f\u0131 bir kabineyi hedefleyelim istedik. E\u011fer bunun ad\u0131m\u0131n\u0131 \u015fimdi atmazsak 12 Haziran se\u00e7imlerinden sonra yeni kabine olu\u015fmas\u0131nda s\u0131k\u0131nt\u0131lar meydana gelecektir. Yeni d\u00f6nemin ustal\u0131k d\u00f6nemi oldu\u011funu a\u00e7\u0131klad\u0131m. \u015eimdi \u00e7\u0131rakl\u0131k ve kalfal\u0131k d\u00f6neminin tecr\u00fcbesiyle b\u00f6yle bir ad\u0131m yap\u0131lmas\u0131 gerekti\u011fine inand\u0131\u011f\u0131m\u0131z i\u00e7in \u015fimdiden b\u00f6yle bir haz\u0131rl\u0131k yapal\u0131m istedik.<\/p>\n<p style=\"text-align: justify;\">Fakat orada T\u00fcrk Silahl\u0131 Kuvvetleri personel durumuyla alakal\u0131 d\u00fczenleme noktas\u0131nda \u015fu anda metni tam bilemiyorum. Yani bunu da \u015fu anda zaten biliyorsunuz komisyonda g\u00f6r\u00fc\u015f\u00fclecek. Bu komisyondaki g\u00f6r\u00fc\u015fmeler esnas\u0131nda orada gerekli olan mutabakat nas\u0131l sa\u011flan\u0131r bilemiyorum. O mutabakata g\u00f6re bu yetkiyi de talep edece\u011fiz. Ama bu illa olacak diye bir \u015fey yok. Hem belki orada g\u00f6r\u00fc\u015fmeler esnas\u0131nda bundan vazge\u00e7ilebilir de.&#8221;<\/p>\n<p style=\"text-align: justify;\"><strong>KILI\u00c7DARO\u011eLU&#8217;NA YANIT<\/strong><\/p>\n<p style=\"text-align: justify;\">CHP Genel Ba\u015fkan\u0131 Kemal K\u0131l\u0131\u00e7daro\u011flu&#8217;nun, h\u00fck\u00fcmete Kanun H\u00fckm\u00fcnde Kararname \u00e7\u0131karma yetkisi verilmesini &#8221;Meclisi by-pass&#8221; olarak nitelendirdi\u011finin hat\u0131rlat\u0131lmas\u0131 \u00fczerine Ba\u015fbakan Erdo\u011fan, \u015funlar\u0131 s\u00f6yledi:<\/p>\n<p style=\"text-align: justify;\">&#8221;Tabii Kemal Bey, siyasetten gelmiyor, siyaseti daha yeni \u00f6\u011frenecek. Bak\u0131n 29. olacak bu ve bug\u00fcne kadar bunlar hep yap\u0131ld\u0131. Kendi partisinin siyasi ge\u00e7mi\u015fini de bir incelerse, devaml\u0131 \u00f6vg\u00fcyle bahsetti\u011fi rahmetli Ecevit&#8217;in ba\u015fbakanl\u0131\u011f\u0131 d\u00f6neminde de bu t\u00fcr kanun kuvvetinde kararnamelerin \u00e7\u0131kt\u0131\u011f\u0131n\u0131 g\u00f6recek. Onu bir ara\u015ft\u0131r\u0131rsa o zaman herhalde bu ifadeleri kullanmazd\u0131. Halbuki cevaplar\u0131 verirken hemen ayak\u00fcst\u00fc vermese, bunu bir ara\u015ft\u0131rsa, &#8216;acaba bug\u00fcne kadar bu t\u00fcr \u015feyler yap\u0131ld\u0131 m\u0131, yap\u0131lmad\u0131 m\u0131, yap\u0131ld\u0131ysa nas\u0131l yap\u0131ld\u0131, bizim partimizin ge\u00e7mi\u015finde b\u00f6yle \u015feyler oldu mu, olmad\u0131 m\u0131&#8217; diye bir ara\u015ft\u0131rm\u0131\u015f olsa g\u00f6recek ki yani AK Parti, \u015fu 8.5 y\u0131ll\u0131k iktidar\u0131 d\u00f6neminde ilk b\u00f6yle bir \u015fey yap\u0131yor, ilk defa b\u00f6yle bir talebi var. Ama kendi ge\u00e7mi\u015flerinde bak\u0131yorsunuz ki 3.5 sene i\u00e7erisinde, merhum Ecevit&#8217;in bizden \u00f6nceki koalisyon d\u00f6nemini s\u00f6yl\u00fcyorum, \u00e7\u0131kar\u0131lm\u0131\u015f kanun kuvvetinde kararname var. Daha \u00f6nce yine merhum Ecevit&#8217;in ba\u015fbakanl\u0131\u011f\u0131 d\u00f6neminde \u00e7\u0131kar\u0131lm\u0131\u015f ayn\u0131 \u015fekilde kanun kuvvetinde kararnameler var. E\u011fer bunlara bakarlarsa o zaman bize bu t\u00fcr sata\u015fmay\u0131 yaparken herhalde biraz daha d\u00fc\u015f\u00fcn\u00fcr.&#8221;<\/p>\n<p style=\"text-align: justify;\"><a href=\"http:\/\/www.gazeteport.com.tr\/SIYASET\/NEWS\/GP_878752\" target=\"_blank\"><span style=\"color: #888888;\">Kaynak : GAZETEPORT<\/span><\/a><\/p>\n","protected":false},"excerpt":{"rendered":"<p style=\"text-align: center;\">\n<p style=\"text-align: justify;\">Ba\u015fbakan Recep Tayyip Erdo\u011fan, Hakimler ve Savc\u0131lar Y\u00fcksek Kurulu (HSYK) kararnamesinin y\u00fcr\u00fctmenin ya da yasaman\u0131n de\u011fil, HSYK&#8217;n\u0131n konusu oldu\u011funu belirterek, &#8221;Ben yarg\u0131n\u0131n i\u015fine kar\u0131\u015famam, yarg\u0131 da benim i\u015fime kar\u0131\u015fmamal\u0131&#8221; dedi.<\/p>\n","protected":false},"author":1,"featured_media":0,"comment_status":"open","ping_status":"closed","sticky":false,"template":"","format":"standard","meta":{"footnotes":""},"categories":[105],"tags":[],"class_list":["post-29997","post","type-post","status-publish","format-standard","hentry","category-gundem","odd"],"_links":{"self":[{"href":"http:\/\/www.korhanyilmaz.com\/index.php?rest_route=\/wp\/v2\/posts\/29997","targetHints":{"allow":["GET"]}}],"collection":[{"href":"http:\/\/www.korhanyilmaz.com\/index.php?rest_route=\/wp\/v2\/posts"}],"about":[{"href":"http:\/\/www.korhanyilmaz.com\/index.php?rest_route=\/wp\/v2\/types\/post"}],"author":[{"embeddable":true,"href":"http:\/\/www.korhanyilmaz.com\/index.php?rest_route=\/wp\/v2\/users\/1"}],"replies":[{"embeddable":true,"href":"http:\/\/www.korhanyilmaz.com\/index.php?rest_route=%2Fwp%2Fv2%2Fcomments&post=29997"}],"version-history":[{"count":0,"href":"http:\/\/www.korhanyilmaz.com\/index.php?rest_route=\/wp\/v2\/posts\/29997\/revisions"}],"wp:attachment":[{"href":"http:\/\/www.korhanyilmaz.com\/index.php?rest_route=%2Fwp%2Fv2%2Fmedia&parent=29997"}],"wp:term":[{"taxonomy":"category","embeddable":true,"href":"http:\/\/www.korhanyilmaz.com\/index.php?rest_route=%2Fwp%2Fv2%2Fcategories&post=29997"},{"taxonomy":"post_tag","embeddable":true,"href":"http:\/\/www.korhanyilmaz.com\/index.php?rest_route=%2Fwp%2Fv2%2Ftags&post=29997"}],"curies":[{"name":"wp","href":"https:\/\/api.w.org\/{rel}","templated":true}]}}