{"id":29993,"date":"2011-03-31T07:41:33","date_gmt":"2011-03-31T04:41:33","guid":{"rendered":"http:\/\/www.korhanyilmaz.com\/?p=29993"},"modified":"2011-03-31T07:41:33","modified_gmt":"2011-03-31T04:41:33","slug":"savci-oz-olayinda-ilginc-tesaduf","status":"publish","type":"post","link":"http:\/\/www.korhanyilmaz.com\/?p=29993","title":{"rendered":"Savc\u0131 \u00d6z olay\u0131nda ilgin\u00e7 tesad\u00fcf"},"content":{"rendered":"<p style=\"text-align: justify;\"><a href=\"http:\/\/www.korhanyilmaz.com\/wp-content\/uploads\/2011\/03\/3681.jpg\"  class=\"lightview\"><img loading=\"lazy\" decoding=\"async\" class=\"aligncenter size-full wp-image-29994\" src=\"http:\/\/www.korhanyilmaz.com\/wp-content\/uploads\/2011\/03\/3681.jpg\" alt=\"\" width=\"300\" height=\"225\" \/><\/a><\/p>\n<p style=\"text-align: justify;\">\u00d6zel yetkileri al\u0131nan Ergenekon davas\u0131 savc\u0131s\u0131 Zekeriya \u00d6z i\u00e7in HSYK\u2019da tart\u0131\u015fmalar ya\u015fand\u0131. Karar\u0131n \u2018\u2019Savc\u0131lar, 10 bin satacak kitab\u0131 100 bin satt\u0131racaklar\u2019\u2019 diyen Cumhurba\u015fkan\u0131 G\u00fcl\u2019\u00fcn ele\u015ftirileri ile ayn\u0131 g\u00fcne rastlamas\u0131 dikkat \u00e7ekti.<!--more--><\/p>\n<p style=\"text-align: justify;\">ANKARA- \u00d6zel yetkileri al\u0131nan ve \u0130stanbul Cumhuriyet Ba\u015fsavc\u0131 vekilli\u011fi g\u00f6revine getirilen Ergenekon davas\u0131 savc\u0131s\u0131 Zekeriya \u00d6z i\u00e7in HSYK\u2019da tart\u0131\u015fmalar ya\u015fand\u0131\u011f\u0131 \u00f6\u011frenildi.<\/p>\n<p style=\"text-align: justify;\">Karar\u0131n \u2018\u2019Savc\u0131lar, 10 bin satacak kitab\u0131 100 bin satt\u0131racaklar\u2019\u2019 diyen Cumhurba\u015fkan\u0131 Abdullah G\u00fcl\u2019\u00fcn ele\u015ftirileri ile ayn\u0131 g\u00fcne rastlamas\u0131 dikkat \u00e7ekti. TBMM Anayasa Komisyonu Ba\u015fkan\u0131 Burhan Kuzu\u2019nun, kitap operasyonunu i\u015faret ederek, &#8220;Kimi uygulamalar\u0131n etkisi olmu\u015f olabilir&#8221; s\u00f6z\u00fc de bu kan\u0131y\u0131 g\u00fc\u00e7lendirdi. HSYK karar\u0131 29 Mart\u2019ta ald\u0131 ve 30 Mart\u2019ta kamuoyuna duyurdu.<\/p>\n<p style=\"text-align: justify;\"><strong>G\u00dcNDEME SONRADAN GELD\u0130<\/strong><\/p>\n<p style=\"text-align: justify;\">HSYK g\u00fcndeminde \u2018\u2019Bo\u015f bulunan ba\u015fsavc\u0131l\u0131klara atamalar\u2019\u2019 maddesinin oldu\u011fu, Ergenekon savc\u0131lar\u0131n\u0131n durumlar\u0131n\u0131n bu kararname g\u00f6r\u00fc\u015f\u00fcl\u00fcrken ele al\u0131nd\u0131\u011f\u0131 \u00f6\u011frenildi. HSYK toplant\u0131s\u0131nda baz\u0131 \u00fcyeler, \u2018\u2019Bu atama Ergenekon davas\u0131n\u0131n uzamas\u0131na yol a\u00e7ar, yeni gelecek savc\u0131lar dosyaya vak\u0131f olmalar\u0131 vakit al\u0131r\u2019\u2019 diyerek \u00d6z\u2019\u00fcn g\u00f6rev yerinin de\u011fi\u015ftirilmesine kar\u015f\u0131 \u00e7\u0131kt\u0131lar.<\/p>\n<p style=\"text-align: justify;\">Baz\u0131 \u00fcyeler ise \u2018\u2019Bas\u0131lmam\u0131\u015f kitap\u2019\u2019 olay\u0131 nedeniyle gelen ele\u015ftirilerin dikkate al\u0131nmas\u0131n\u0131, savc\u0131lar\u0131n isimlerinin daha fazla y\u0131pranmamas\u0131 i\u00e7in de\u011fi\u015fikli\u011fin yararl\u0131 olaca\u011f\u0131n\u0131 savundular. Sonu\u00e7ta karar oy \u00e7oklu\u011fu ile al\u0131nd\u0131.<\/p>\n<p style=\"text-align: justify;\"><strong>YETK\u0130 KARARNAMES\u0130<\/strong><\/p>\n<p style=\"text-align: justify;\">HSYK\u2019da Ergenekon savc\u0131lar\u0131ndan Ercan \u015eafak\u2019\u0131n da atanmas\u0131 da ayn\u0131 tart\u0131\u015fmalara neden oldu. Ancak \u2018\u2019Atamalar davaya m\u00fcdahale de\u011fil, ayn\u0131 davan\u0131n savc\u0131s\u0131 Fikret Se\u00e7en\u2019in Ba\u015fsavc\u0131 vekilli\u011fine getirilmesi ve \u00f6zel yetkili k\u0131l\u0131nmas\u0131 bunun g\u00f6stergesi\u2019\u2019 g\u00f6r\u00fc\u015f\u00fc a\u011f\u0131r bast\u0131 ve oy \u00e7oklu\u011fu ile karara var\u0131ld\u0131.<\/p>\n<p style=\"text-align: justify;\">HSYK\u2019n\u0131n gelecek hafta Sal\u0131 g\u00fcn\u00fc yetki kararnamesi \u00e7\u0131karaca\u011f\u0131 \u00d6z ile \u015eafak\u2019\u0131n \u00f6zel yetkileri al\u0131n\u0131rken, Se\u00e7en\u2019in \u00f6zel yetkili olarak g\u00f6revlendirildi\u011finin a\u00e7\u0131klanaca\u011f\u0131 da \u00f6\u011frenildi. Ergenekon davas\u0131n\u0131 s\u00fcrd\u00fcrecek yeni savc\u0131lar\u0131 da Se\u00e7en belirleyecek.<\/p>\n<p style=\"text-align: justify;\"><strong>G\u00dcL\u2019DEN GELEN ELE\u015eT\u0130R\u0130<\/strong><\/p>\n<p style=\"text-align: justify;\">HSYK\u2019n\u0131n bu karar\u0131 Cumhurba\u015fkan\u0131 G\u00fcl\u2019den gelen ele\u015ftiriler ile ayn\u0131 g\u00fcn almas\u0131 da dikkat \u00e7ekti. G\u00fcl \u2018\u2019Bas\u0131lmam\u0131\u015f kitab\u0131 toplanmas\u0131\u2019\u2019 konusunda \u2018\u2019T\u00fcrkiye&#8217;nin g\u00f6r\u00fcnt\u00fcs\u00fcne g\u00f6lge d\u00fc\u015f\u00fcrece\u011fi kayg\u0131s\u0131 ta\u015f\u0131yorum. Benim a\u00e7\u0131mdan do\u011fru olmad\u0131\u011f\u0131 kanaatindeyim. Kitap yasaklama bug\u00fcnk\u00fc T\u00fcrkiye&#8217;ye hi\u00e7 yak\u0131\u015fmad\u0131. Savc\u0131lar herhalde 10 bin satacak kitab\u0131 \u015fimdi y\u00fcz binlerce satt\u0131racaklar&#8221; demi\u015fti. HSYK bu kararlar\u0131 G\u00fcl\u2019\u00fcn a\u00e7\u0131klama yapt\u0131\u011f\u0131 29 Mart g\u00fcn\u00fc ald\u0131 ve 30 Mart g\u00fcn\u00fc kamuoyuna duyurdu.<\/p>\n<p style=\"text-align: justify;\">HSYK\u2019n\u0131n g\u00fcndeminde \u2018\u2019Bo\u015f bulunan ba\u015fsavc\u0131l\u0131klara atama\u2019\u2019 kararnamesi oldu\u011fu, \u00d6z, \u015eafak ve Se\u00e7en\u2019in kararnameye sonradan eklendi\u011fi yorumlar\u0131 da yap\u0131l\u0131yor. Daha \u00f6nce Adalet Bakanl\u0131\u011f\u0131 kararname haz\u0131rlayarak HSYK\u2019ya g\u00f6nderiyordu. Anayasa de\u011fi\u015fikli\u011finin ard\u0131ndan ise HSYK\u2019n\u0131n kendi sekreteryas\u0131 oldu ve bu kararnameyi de HSYK haz\u0131rlayarak y\u00f6n verdi. Bu arada Ba\u015fsavc\u0131 vekilli\u011fi i\u00e7in 1. s\u0131n\u0131f savc\u0131 olma gereklili\u011finin team\u00fcl olarak uyguland\u0131\u011f\u0131 2.. s\u0131n\u0131f savc\u0131 olan \u00d6z\u2019\u00fcn bu g\u00f6reve atanmas\u0131na yasal bir engel bulunmad\u0131\u011f\u0131 da belirtildi.<\/p>\n<p style=\"text-align: justify;\"><a href=\"http:\/\/www.gazeteport.com.tr\/GUNCEL\/NEWS\/GP_878619\" target=\"_blank\">Kaynak : GAZETEPORT<\/a><\/p>\n","protected":false},"excerpt":{"rendered":"<p style=\"text-align: justify;\">\n<p style=\"text-align: justify;\">\u00d6zel yetkileri al\u0131nan Ergenekon davas\u0131 savc\u0131s\u0131 Zekeriya \u00d6z i\u00e7in HSYK\u2019da tart\u0131\u015fmalar ya\u015fand\u0131. Karar\u0131n \u2018\u2019Savc\u0131lar, 10 bin satacak kitab\u0131 100 bin satt\u0131racaklar\u2019\u2019 diyen Cumhurba\u015fkan\u0131 G\u00fcl\u2019\u00fcn ele\u015ftirileri ile ayn\u0131 g\u00fcne rastlamas\u0131 dikkat \u00e7ekti.<\/p>\n","protected":false},"author":1,"featured_media":0,"comment_status":"open","ping_status":"closed","sticky":false,"template":"","format":"standard","meta":{"footnotes":""},"categories":[105],"tags":[],"class_list":["post-29993","post","type-post","status-publish","format-standard","hentry","category-gundem","odd"],"_links":{"self":[{"href":"http:\/\/www.korhanyilmaz.com\/index.php?rest_route=\/wp\/v2\/posts\/29993","targetHints":{"allow":["GET"]}}],"collection":[{"href":"http:\/\/www.korhanyilmaz.com\/index.php?rest_route=\/wp\/v2\/posts"}],"about":[{"href":"http:\/\/www.korhanyilmaz.com\/index.php?rest_route=\/wp\/v2\/types\/post"}],"author":[{"embeddable":true,"href":"http:\/\/www.korhanyilmaz.com\/index.php?rest_route=\/wp\/v2\/users\/1"}],"replies":[{"embeddable":true,"href":"http:\/\/www.korhanyilmaz.com\/index.php?rest_route=%2Fwp%2Fv2%2Fcomments&post=29993"}],"version-history":[{"count":0,"href":"http:\/\/www.korhanyilmaz.com\/index.php?rest_route=\/wp\/v2\/posts\/29993\/revisions"}],"wp:attachment":[{"href":"http:\/\/www.korhanyilmaz.com\/index.php?rest_route=%2Fwp%2Fv2%2Fmedia&parent=29993"}],"wp:term":[{"taxonomy":"category","embeddable":true,"href":"http:\/\/www.korhanyilmaz.com\/index.php?rest_route=%2Fwp%2Fv2%2Fcategories&post=29993"},{"taxonomy":"post_tag","embeddable":true,"href":"http:\/\/www.korhanyilmaz.com\/index.php?rest_route=%2Fwp%2Fv2%2Ftags&post=29993"}],"curies":[{"name":"wp","href":"https:\/\/api.w.org\/{rel}","templated":true}]}}