{"id":29990,"date":"2011-03-31T07:53:50","date_gmt":"2011-03-31T04:53:50","guid":{"rendered":"http:\/\/www.korhanyilmaz.com\/?p=29990"},"modified":"2011-03-31T07:53:50","modified_gmt":"2011-03-31T04:53:50","slug":"atamanin-perde-arkasi","status":"publish","type":"post","link":"http:\/\/www.korhanyilmaz.com\/?p=29990","title":{"rendered":"Ataman\u0131n perde arkas\u0131"},"content":{"rendered":"<p style=\"text-align: justify;\"><a href=\"http:\/\/www.korhanyilmaz.com\/wp-content\/uploads\/2011\/03\/400.jpg\"  class=\"lightview\"><img loading=\"lazy\" decoding=\"async\" class=\"aligncenter size-full wp-image-30002\" src=\"http:\/\/www.korhanyilmaz.com\/wp-content\/uploads\/2011\/03\/400.jpg\" alt=\"\" width=\"414\" height=\"221\" \/><\/a><\/p>\n<p style=\"text-align: justify;\">Turgut Kazan, Zekeriya \u00d6z&#8217;\u00fcn \u0130stanbul Cumhuriyet Ba\u015fsavc\u0131 Vekilli\u011fi&#8217;ne atanmas\u0131n\u0131n ard\u0131ndan, \u00e7arp\u0131c\u0131 a\u00e7\u0131klamalarda bulundu. 12 g\u00fcn \u00f6nce Cumhurba\u015fkan\u0131 Abdullah G\u00fcl ile \u00f6zel bir g\u00f6r\u00fc\u015fme yapt\u0131\u011f\u0131n\u0131 ve G\u00fcl&#8217;\u00fcn de \u00f6zel yetkili savc\u0131l\u0131k ve DGM&#8217;lerin demokrasiyle ba\u011fda\u015fmad\u0131\u011f\u0131n\u0131 belirtti\u011fini s\u00f6yledi.<!--more--><\/p>\n<p style=\"text-align: justify;\">\u0130STANBUL &#8211;  Ergenekon soru\u015fturmas\u0131n\u0131 y\u00fcr\u00fcten emniyet m\u00fcd\u00fcr\u00fcnden sonra, savc\u0131 Zekeriya \u00d6z\u2019\u00fcn de bu g\u00f6revden al\u0131nmas\u0131 \u2018son operasyonlara tepki\u2019 olarak bizzat Cumhurba\u015fkan\u0131 Abdullah G\u00fcl taraf\u0131ndan ilk ad\u0131m\u0131n at\u0131ld\u0131\u011f\u0131 anla\u015f\u0131ld\u0131.<\/p>\n<p style=\"text-align: justify;\">\u0130stanbul Barosu Eski Ba\u015fkan\u0131 Turgut Kazan d\u00fcn ak\u015fam kat\u0131ld\u0131\u011f\u0131 Habert\u00fcrk TV&#8217;de \u00e7ok \u00e7arp\u0131c\u0131 a\u00e7\u0131klamalarda bulundu.<\/p>\n<p style=\"text-align: justify;\">Cumhurba\u015fkan\u0131 Abdullah G\u00fcl ile 12 g\u00fcn \u00f6nce Bas\u0131n Konseyi ile \u00f6zel bir g\u00f6r\u00fc\u015fme yapt\u0131g\u0131n\u0131 belirten Kazan, bu g\u00f6r\u00fc\u015fmenin t\u00fcm detaylar\u0131n\u0131 anlatt\u0131. Turgut Kazan, Ahmet \u015e\u0131k&#8217;\u0131n bas\u0131lmadan yasaklanan kitab\u0131 y\u00fcz\u00fcnden, T\u00fcrkiye&#8217;de bir hukuk skandal\u0131 ya\u015fand\u0131\u011f\u0131n\u0131, hukukun art\u0131k kalmad\u0131\u011f\u0131n\u0131 belirterek, Abdullah G\u00fcl&#8217;\u00fcn de kendisine hak verdi\u011fini ve gerekli ad\u0131mlar\u0131 ataca\u011f\u0131n\u0131 belirtti. Kazan &#8220;Art\u0131k bu g\u00f6r\u00fc\u015fmenin i\u00e7eri\u011fini anlatmakta sak\u0131nca g\u00f6rm\u00fcyorum. \u00c7\u00fcnk\u00fc s\u00fcre\u00e7 ger\u00e7ekle\u015fti&#8221; dedi.<\/p>\n<p style=\"text-align: justify;\">Hukuk devletinde \u00f6zel yetkili savc\u0131l\u0131k olamayaca\u011f\u0131na dikkat \u00e7eken Kazan, bu g\u00f6r\u00fc\u015flerini Abdullah G\u00fcl&#8217;e de anlatt\u0131\u011f\u0131n\u0131 ve destek g\u00f6rd\u00fc\u011f\u00fcn\u00fc s\u00f6yledi.<\/p>\n<p style=\"text-align: justify;\"><strong>G\u00dcL \u0130LE YAPTI\u011eI G\u00d6R\u00dc\u015eMEY\u0130 ANLATTI<\/strong><\/p>\n<p style=\"text-align: justify;\">Kazan, &#8220;Cumhurba\u015fkan\u0131&#8217;na 12 Mart askeri s\u0131k\u0131y\u00f6netim mahkemesi ile 12 Eyl\u00fcl s\u0131k\u0131y\u00f6netim d\u00f6nemlerinde verilen kararlar ne kadar adilse bug\u00fcnk\u00fc \u00f6zel yetkili mahkemelerde verilen kararlar\u0131nda o kadar etkili oldu\u011funu s\u00f6yledim. Bilinsin diye s\u00f6yl\u00fcyorum, o g\u00f6r\u00fc\u015fme kapal\u0131d\u0131r. Ama bu b\u00f6l\u00fcm\u00fc kapal\u0131 tutman\u0131n art\u0131k bir anlam\u0131 yoktur.&#8221; dedi.<\/p>\n<p style=\"text-align: justify;\"><strong>G\u00dcL: DEMOKRAS\u0130YLE BA\u011eDA\u015eMIYOR<\/strong><\/p>\n<p style=\"text-align: justify;\">Bu g\u00f6r\u00fc\u015flerine Abdullah G\u00fcl&#8217;\u00fcn de kat\u0131ld\u0131\u011f\u0131n\u0131 belirten Kazan, Abdullah G\u00fcl&#8217;\u00fcn &#8220;DGM&#8217;den yerine yeni d\u00fczenleme yap\u0131l\u0131rken sadece ad\u0131 de\u011fi\u015ftiriliyor. Bu yanl\u0131\u015ft\u0131r, bu yetkilerle donat\u0131lm\u0131\u015f bir savc\u0131l\u0131k ve bir mahkemenin demokrasiyle ba\u011fdamayaca\u011f\u0131n\u0131 s\u00f6yledim. Ancak ad\u0131 laz\u0131m de\u011fil baz\u0131 kurumlar\u0131n ilgileri bu maddeler olmazsa t\u00f6r\u00f6rle m\u00fccadele edilemez diye \u0131srar ettiler&#8221; dedi\u011fini s\u00f6yledi.<\/p>\n<p style=\"text-align: justify;\"><strong>ZEKER\u0130YA \u00d6Z, KORKU \u0130MPARATORLU\u011eU YARATTI<\/strong><\/p>\n<p style=\"text-align: justify;\">Zekeriya \u00d6z&#8217;\u00fcn yapt\u0131klar\u0131n\u0131n kural d\u0131\u015f\u0131 oldu\u011funu bir korku imparatorlu\u011fu yaratt\u0131\u011f\u0131n\u0131 o y\u00fczden be\u015finci operasyon s\u0131ras\u0131nda yapt\u0131klar\u0131ndan yola \u00e7\u0131karak derhal soru\u015fturma a\u00e7\u0131lmas\u0131 i\u00e7in bakanl\u0131\u011fa ba\u015fvurdu\u011funu da s\u00f6yledi.<\/p>\n<p style=\"text-align: justify;\"><strong>2&#8217;YE KAR\u015eI 5 OYLA<\/strong><\/p>\n<p style=\"text-align: justify;\">Ayr\u0131ca \u00d6z ile ilgili karar\u0131n 2\u2019ye kar\u015f\u0131 5 oyla, di\u011fer t\u00fcm isimlerle ilgili kararlar\u0131n oybirli\u011fiyle al\u0131nd\u0131\u011f\u0131 \u00f6\u011frenildi. 2 \u00fcye son tart\u0131\u015fmalar\u0131n ard\u0131ndan yap\u0131lacak g\u00f6revlendirmenin \u201cyanl\u0131\u015f de\u011ferlendirilece\u011fini\u201d belirtti\u011fi, di\u011fer 5 \u00fcyenin ise \u00d6z\u2019\u00fcn disiplin ve benzeri bir cezas\u0131n\u0131n bulunmad\u0131\u011f\u0131n\u0131 ve terfi ettirildi\u011fini savundu<\/p>\n<p style=\"text-align: justify;\">Kararda, \u00d6z\u2019\u00fcn son tart\u0131\u015fmalarla y\u0131pranmas\u0131, isminin s\u00fcrekli tart\u0131\u015fma konusu yap\u0131lmas\u0131n\u0131n etkili oldu\u011fu bildirildi.<\/p>\n<p style=\"text-align: justify;\"><strong>&#8220;\u0130LELEBET KALAMAZDI&#8221;<\/strong><\/p>\n<p style=\"text-align: justify;\">HSYK Birinci Daire Ba\u015fkan\u0131 \u0130brahim Okur da, \u00d6z\u2019\u00fcn atanmas\u0131 konusunda \u015funlar\u0131 s\u00f6yledi:<\/p>\n<p style=\"text-align: justify;\">\u201cEski HSYK\u2019n\u0131n yapmaya \u00e7al\u0131\u015ft\u0131\u011f\u0131 \u015fuydu; Ergenekon\u2019a kar\u0131\u015fan b\u00fct\u00fcn h\u00e2kimlerin, savc\u0131lar\u0131n bir bi\u00e7imde oradan al\u0131nmas\u0131n\u0131 istiyordu. Yani 12 ki\u015finin. Oysa \u015fu anda bu HSYK\u2019n\u0131n yapt\u0131\u011f\u0131 \u00f6yle de\u011fil. 7 savc\u0131 y\u00fcr\u00fct\u00fcyor bu soru\u015fturmay\u0131. \u00dc\u00e7 savc\u0131 ba\u015fsavc\u0131vekili atand\u0131, d\u00f6rd\u00fc g\u00f6revlerinin ba\u015f\u0131ndalar. Bu \u00fc\u00e7 arkada\u015f\u0131 ba\u015fsavc\u0131vekilli\u011fine ald\u0131k. Bir tanesini, Fikret Se\u00e7en\u2019i, Ergenekon\u2019a Zekeriya \u00d6z kadar eme\u011fi ge\u00e7en bu arkada\u015f\u0131 da \u00f6zel yetkili atad\u0131k. Ben \u00f6nerdim. \u0130lelebet orada g\u00f6rev yapmas\u0131 s\u00f6z konusu olmazd\u0131. Son olaylarla da ilgisi yok. Terfi etti.\u201d<\/p>\n<p style=\"text-align: justify;\"><a href=\"http:\/\/www.gazeteport.com.tr\/GUNCEL\/NEWS\/GP_878798\" target=\"_blank\">Kaynak : GAZETEPORT<\/a><\/p>\n","protected":false},"excerpt":{"rendered":"<p style=\"text-align: justify;\">\n<p style=\"text-align: justify;\">Turgut Kazan, Zekeriya \u00d6z&#8217;\u00fcn \u0130stanbul Cumhuriyet Ba\u015fsavc\u0131 Vekilli\u011fi&#8217;ne atanmas\u0131n\u0131n ard\u0131ndan, \u00e7arp\u0131c\u0131 a\u00e7\u0131klamalarda bulundu. 12 g\u00fcn \u00f6nce Cumhurba\u015fkan\u0131 Abdullah G\u00fcl ile \u00f6zel bir g\u00f6r\u00fc\u015fme yapt\u0131\u011f\u0131n\u0131 ve G\u00fcl&#8217;\u00fcn de \u00f6zel yetkili savc\u0131l\u0131k ve DGM&#8217;lerin demokrasiyle ba\u011fda\u015fmad\u0131\u011f\u0131n\u0131 belirtti\u011fini s\u00f6yledi.<\/p>\n","protected":false},"author":1,"featured_media":0,"comment_status":"open","ping_status":"closed","sticky":false,"template":"","format":"standard","meta":{"footnotes":""},"categories":[105],"tags":[],"class_list":["post-29990","post","type-post","status-publish","format-standard","hentry","category-gundem","odd"],"_links":{"self":[{"href":"http:\/\/www.korhanyilmaz.com\/index.php?rest_route=\/wp\/v2\/posts\/29990","targetHints":{"allow":["GET"]}}],"collection":[{"href":"http:\/\/www.korhanyilmaz.com\/index.php?rest_route=\/wp\/v2\/posts"}],"about":[{"href":"http:\/\/www.korhanyilmaz.com\/index.php?rest_route=\/wp\/v2\/types\/post"}],"author":[{"embeddable":true,"href":"http:\/\/www.korhanyilmaz.com\/index.php?rest_route=\/wp\/v2\/users\/1"}],"replies":[{"embeddable":true,"href":"http:\/\/www.korhanyilmaz.com\/index.php?rest_route=%2Fwp%2Fv2%2Fcomments&post=29990"}],"version-history":[{"count":0,"href":"http:\/\/www.korhanyilmaz.com\/index.php?rest_route=\/wp\/v2\/posts\/29990\/revisions"}],"wp:attachment":[{"href":"http:\/\/www.korhanyilmaz.com\/index.php?rest_route=%2Fwp%2Fv2%2Fmedia&parent=29990"}],"wp:term":[{"taxonomy":"category","embeddable":true,"href":"http:\/\/www.korhanyilmaz.com\/index.php?rest_route=%2Fwp%2Fv2%2Fcategories&post=29990"},{"taxonomy":"post_tag","embeddable":true,"href":"http:\/\/www.korhanyilmaz.com\/index.php?rest_route=%2Fwp%2Fv2%2Ftags&post=29990"}],"curies":[{"name":"wp","href":"https:\/\/api.w.org\/{rel}","templated":true}]}}