{"id":29977,"date":"2011-03-31T10:31:33","date_gmt":"2011-03-31T07:31:33","guid":{"rendered":"http:\/\/www.korhanyilmaz.com\/?p=29977"},"modified":"2011-03-31T10:31:33","modified_gmt":"2011-03-31T07:31:33","slug":"erdogani-kizdiran-ak-partili-vekil","status":"publish","type":"post","link":"http:\/\/www.korhanyilmaz.com\/?p=29977","title":{"rendered":"Erdo\u011fan&#8217;\u0131 k\u0131zd\u0131ran AK Partili vekil"},"content":{"rendered":"<p style=\"text-align: center;\"><a href=\"http:\/\/www.korhanyilmaz.com\/wp-content\/uploads\/2011\/03\/3641.jpg\"  class=\"lightview\"><img loading=\"lazy\" decoding=\"async\" class=\"aligncenter size-full wp-image-29978\" src=\"http:\/\/www.korhanyilmaz.com\/wp-content\/uploads\/2011\/03\/3641.jpg\" alt=\"\" width=\"398\" height=\"236\" \/><\/a><\/p>\n<p style=\"text-align: justify;\">Ergenekon Savc\u0131s\u0131 Zekeriya \u00d6z\u2019\u00fcn g\u00f6rev de\u011fi\u015fikli\u011fi AK Parti i\u00e7inde fikir ayr\u0131l\u0131\u011f\u0131na neden oldu.<\/p>\n<p style=\"text-align: justify;\">AK Parti Grup Ba\u015fkanvekili Bekir Bozda\u011f karar\u0131 yanl\u0131\u015f bulurken Ba\u015fbakan Erdo\u011fan Bozda\u011f&#8217;\u0131n yorumunu yanl\u0131\u015f buldu&#8230;<\/p>\n<p style=\"text-align: justify;\">Ba\u015fbakan Recep Tayyip Erdo\u011fan, Ergenekon Savc\u0131s\u0131 Zekeriya \u00d6z\u2019\u00fcn g\u00f6revinin de\u011fi\u015ftirilmesi ve bunun dava s\u00fcrecini uzataca\u011f\u0131na y\u00f6nelik ele\u015ftirilerle ilgili, &#8220;E\u011fer hukuk devletinin i\u00e7inde anayasan\u0131n belirlemi\u015f oldu\u011fu g\u00f6revleri hepimiz kendi \u00e7er\u00e7evesi i\u00e7erisinde y\u00fcr\u00fct\u00fcrsek hi\u00e7bir mesele kalmaz. Ben yarg\u0131n\u0131n i\u015fine kar\u0131\u015famam, yarg\u0131 da benim i\u015fime kar\u0131\u015fmamal\u0131&#8221; de\u011ferlendirmesinde bulundu. <!--more--><\/p>\n<p style=\"text-align: justify;\">Ba\u015fbakan Erdo\u011fan, iki g\u00fcnl\u00fck resmi ziyarette bulunmak \u00fczere \u0130ngiltere\u2019ye gitti. Hareketinden \u00f6nce Esenbo\u011fa Havaliman\u0131\u2019nda bir bas\u0131n toplant\u0131s\u0131 d\u00fczenleyen Erdo\u011fan, bas\u0131n mensuplar\u0131n\u0131n sorular\u0131n\u0131 cevapland\u0131rd\u0131.<\/p>\n<p style=\"text-align: justify;\">Erdo\u011fan, bug\u00fcn Hakimler ve Savc\u0131lar Y\u00fcksek Kurulu\u2019nun (HSYK) kararnamesi ile Ergenekon Savc\u0131s\u0131 Zekeriya \u00d6z\u2019\u00fcn g\u00f6revinin de\u011fi\u015ftirilmesi ve bu konuda AKP\u2019den gelen \u2019dava s\u00fcrecinin uzayabilece\u011fine\u2019 ili\u015fkin ele\u015ftirilerin hat\u0131rlat\u0131lmas\u0131 \u00fczerine, &#8220;Konu, bildi\u011finiz gibi y\u00fcr\u00fctmenin konusu de\u011fil. Konu, \u015fu anda yasaman\u0131n konusu da de\u011fil. Konu, HSYK\u2019n\u0131n bir konusudur.<\/p>\n<p style=\"text-align: justify;\"><strong>ERDO\u011eAN AK PART\u0130&#8217;L\u0130 BOZDA\u011e&#8217;IN YORUMUNU BE\u011eENMED\u0130 <\/strong><\/p>\n<p style=\"text-align: justify;\">\u015eunu a\u00e7\u0131k, net bilmeliyiz, bu \u00fclke bir hukuk devletidir. Her zaman s\u00f6yl\u00fcyoruz; demokratik, laik, sosyal bir hukuk devleti. E\u011fer hukuk devletinin i\u00e7inde anayasan\u0131n belirlemi\u015f oldu\u011fu g\u00f6revleri hepimiz kendi \u00e7er\u00e7evesi i\u00e7erisinde y\u00fcr\u00fct\u00fcrsek hi\u00e7bir mesele kalmaz. Ben yarg\u0131n\u0131n i\u015fine kar\u0131\u015famam, yarg\u0131 da benim i\u015fime kar\u0131\u015fmamal\u0131. E\u011fer hepimiz i\u015fimizi ba\u015far\u0131l\u0131 bir \u015fekilde s\u00fcrd\u00fcr\u00fcrsek zaten bu sorulara da gerek kalmayacakt\u0131r.<\/p>\n<p style=\"text-align: justify;\">Benim arkada\u015flar\u0131mdan kim bu t\u00fcr bir yorum yapm\u0131\u015f, onu bilemem. E\u011fer yapm\u0131\u015fsa, yanl\u0131\u015f yapm\u0131\u015f. Yani bunun gecikmesi, gecikmemesi&#8230; Bunu zaten s\u00f6yl\u00fcyoruz. \u2019Gecikmi\u015f adalet, adalet de\u011fildir\u2019 diyoruz. Bir an \u00f6nce bu ad\u0131mlar\u0131n at\u0131lmas\u0131 gerekir diyoruz. Ni\u00e7in Yarg\u0131tay\u2019da, Dan\u0131\u015ftay\u2019da dairelerin \u00e7o\u011falt\u0131lmas\u0131 ve \u00e7al\u0131\u015fanlar\u0131n adedinin art\u0131r\u0131lmas\u0131 noktas\u0131nda bizler yasal olarak ad\u0131m att\u0131k? Biz g\u00f6revimizi yapt\u0131k. Bundan sonra art\u0131k yine orada da yarg\u0131 g\u00f6revini yapacakt\u0131r. Art\u0131k yeterli eleman say\u0131s\u0131 vard\u0131r. \u0130n\u015fallah \u00fcst yarg\u0131da art\u0131k bu t\u00fcr gecikmeler de olmayacakt\u0131r&#8221; dedi. Erdo\u011fan, &#8220;Temennim odur ki; ilk ad\u0131m mahkemelerinde de daha s\u00fcratli neticeler al\u0131n\u0131r ve bu tutukluluk s\u00fcre\u00e7leri uzamaz, daha k\u0131sa s\u00fcrede biter. Bu bizim hep temennimizdir ve bunu bekleriz, arzumuz budur. Ama bunun daha \u00f6tesine gitmek&#8230; O bizim g\u00f6rev alan\u0131m\u0131z de\u011fil&#8221; diye konu\u015ftu.<\/p>\n<p style=\"text-align: justify;\"><strong>BOZDA\u011e NE DEM\u0130\u015eT\u0130 <\/strong><\/p>\n<p style=\"text-align: justify;\">AKP Grup Ba\u015fkanvekili Bekir Bozda\u011f, Ergenekon Savc\u0131s\u0131 Zekeriya \u00d6z\u2019\u00fcn elinden yetkilerinin al\u0131nmas\u0131na ili\u015fkin karar\u0131 de\u011ferlendirirken, &#8220;Yanl\u0131\u015f bir karard\u0131r. Anayasa\u2019n\u0131n HSYK\u2019ya yetki vermi\u015f olmas\u0131 bu yetkinin soru\u015fturma ve yarg\u0131lamay\u0131 olumsuz etkileme hakk\u0131n\u0131 vermez&#8221; dedi.<\/p>\n<p style=\"text-align: justify;\">ANKA\u2019n\u0131n sorular\u0131n\u0131 yan\u0131tlayan Bozda\u011f, karar\u0131 &#8220;yanl\u0131\u015f&#8221; olarak yorumlad\u0131. Bozda\u011f \u015f\u00f6yle dedi:<\/p>\n<p style=\"text-align: justify;\">&#8220;E\u011fer HSYK g\u00f6rev s\u00fcresi dolmam\u0131\u015fsa, mazereti veya kendi talebi yoksa, herhangi bir disiplin soru\u015fturmas\u0131 yoksa, g\u00f6rev s\u00fcresi dolmam\u0131\u015fsa, talep olmaks\u0131z\u0131n g\u00f6revini de\u011fi\u015ftirmeleri yanl\u0131\u015f olmu\u015ftur. Bu karar devam eden soru\u015fturma ve kovu\u015fturmalar\u0131 olumsuz uzatacakt\u0131r. \u00c7\u00fcnk\u00fc; yeni getirilen ve yetkilendirilen cumhuriyet savc\u0131lar\u0131n\u0131n dosya hakimiyeti zaman alacakt\u0131r. Bu da yarg\u0131lama soru\u015fturma ve yarg\u0131lama s\u00fcre\u00e7lerini olumsuz etkileyecektir.&#8221;<\/p>\n<p style=\"text-align: justify;\"><a href=\"http:\/\/www.milliyet.com.tr\/erdogan-i-kizdiran-ak-partili-vekil\/siyaset\/sondakika\/31.03.2011\/1371432\/default.htm\" target=\"_blank\"><span style=\"color: #888888;\">Kaynak : Milliyet<\/span><\/a><\/p>\n","protected":false},"excerpt":{"rendered":"<p style=\"text-align: center;\">\n<p style=\"text-align: justify;\">Ergenekon Savc\u0131s\u0131 Zekeriya \u00d6z\u2019\u00fcn g\u00f6rev de\u011fi\u015fikli\u011fi AK Parti i\u00e7inde fikir ayr\u0131l\u0131\u011f\u0131na neden oldu.<\/p>\n<p style=\"text-align: justify;\">AK Parti Grup Ba\u015fkanvekili Bekir Bozda\u011f karar\u0131 yanl\u0131\u015f bulurken Ba\u015fbakan Erdo\u011fan Bozda\u011f&#8217;\u0131n yorumunu yanl\u0131\u015f buldu&#8230;<\/p>\n<p style=\"text-align: justify;\">Ba\u015fbakan Recep Tayyip Erdo\u011fan, Ergenekon Savc\u0131s\u0131 Zekeriya \u00d6z\u2019\u00fcn g\u00f6revinin de\u011fi\u015ftirilmesi ve bunun dava s\u00fcrecini uzataca\u011f\u0131na y\u00f6nelik ele\u015ftirilerle ilgili, <\/p>\n","protected":false},"author":1,"featured_media":0,"comment_status":"open","ping_status":"closed","sticky":false,"template":"","format":"standard","meta":{"footnotes":""},"categories":[105],"tags":[],"class_list":["post-29977","post","type-post","status-publish","format-standard","hentry","category-gundem","odd"],"_links":{"self":[{"href":"http:\/\/www.korhanyilmaz.com\/index.php?rest_route=\/wp\/v2\/posts\/29977","targetHints":{"allow":["GET"]}}],"collection":[{"href":"http:\/\/www.korhanyilmaz.com\/index.php?rest_route=\/wp\/v2\/posts"}],"about":[{"href":"http:\/\/www.korhanyilmaz.com\/index.php?rest_route=\/wp\/v2\/types\/post"}],"author":[{"embeddable":true,"href":"http:\/\/www.korhanyilmaz.com\/index.php?rest_route=\/wp\/v2\/users\/1"}],"replies":[{"embeddable":true,"href":"http:\/\/www.korhanyilmaz.com\/index.php?rest_route=%2Fwp%2Fv2%2Fcomments&post=29977"}],"version-history":[{"count":0,"href":"http:\/\/www.korhanyilmaz.com\/index.php?rest_route=\/wp\/v2\/posts\/29977\/revisions"}],"wp:attachment":[{"href":"http:\/\/www.korhanyilmaz.com\/index.php?rest_route=%2Fwp%2Fv2%2Fmedia&parent=29977"}],"wp:term":[{"taxonomy":"category","embeddable":true,"href":"http:\/\/www.korhanyilmaz.com\/index.php?rest_route=%2Fwp%2Fv2%2Fcategories&post=29977"},{"taxonomy":"post_tag","embeddable":true,"href":"http:\/\/www.korhanyilmaz.com\/index.php?rest_route=%2Fwp%2Fv2%2Ftags&post=29977"}],"curies":[{"name":"wp","href":"https:\/\/api.w.org\/{rel}","templated":true}]}}