{"id":29973,"date":"2011-03-30T21:30:28","date_gmt":"2011-03-30T18:30:28","guid":{"rendered":"http:\/\/www.korhanyilmaz.com\/?p=29973"},"modified":"2011-03-30T21:30:28","modified_gmt":"2011-03-30T18:30:28","slug":"mecliste-fettullah-gulen-kavgasi","status":"publish","type":"post","link":"http:\/\/www.korhanyilmaz.com\/?p=29973","title":{"rendered":"Meclis&#8217;te Fettullah G\u00fclen kavgas\u0131!.."},"content":{"rendered":"<p style=\"text-align: justify;\"><a href=\"http:\/\/www.korhanyilmaz.com\/wp-content\/uploads\/2011\/03\/3631.jpg\"  class=\"lightview\"><img loading=\"lazy\" decoding=\"async\" class=\"aligncenter size-full wp-image-29974\" src=\"http:\/\/www.korhanyilmaz.com\/wp-content\/uploads\/2011\/03\/3631.jpg\" alt=\"\" width=\"307\" height=\"236\" \/><\/a><\/p>\n<p style=\"text-align: justify;\">TBMM Genel Kurulu&#8217;nda, CHP Mersin Milletvekili \u0130sa G\u00f6k&#8217;\u00fcn, Fethullah G\u00fclen ile ilgili s\u00f6zleri, tart\u0131\u015fmaya neden oldu.<\/p>\n<p style=\"text-align: justify;\">G\u00f6k, Genel Kurulda, Anayasa Mahkemesinin yeniden yap\u0131land\u0131r\u0131lmas\u0131n\u0131 \u00f6ng\u00f6ren kanun tasar\u0131s\u0131n\u0131n g\u00f6r\u00fc\u015fmelerinde, verdi\u011fi de\u011fi\u015fiklik \u00f6nergesi \u00fczerine s\u00f6z ald\u0131. <!--more--><\/p>\n<p style=\"text-align: justify;\">G\u00f6k, AK Parti h\u00fck\u00fcmeti d\u00f6neminde yarg\u0131n\u0131n farkl\u0131 bir duruma geldi\u011fini, hen\u00fcz bas\u0131lmayan bir kitap i\u00e7in &#8220;imha edile&#8221; karar\u0131 \u00e7\u0131kt\u0131\u011f\u0131n\u0131, ilahiyat\u00e7\u0131lar\u0131n evlerinin arand\u0131\u011f\u0131n\u0131 s\u00f6yledi.<\/p>\n<p style=\"text-align: justify;\">Prof. Dr. Zekeriya Beyaz&#8217;\u0131n evinde yap\u0131lan aramada misyonerlik konusundaki ara\u015ft\u0131rmalar\u0131n de\u011fil, Fethullah G\u00fclen&#8217;e ili\u015fkin kitapla ilgili belgelerin al\u0131nd\u0131\u011f\u0131n\u0131 belirten G\u00f6k, s\u00f6zlerini \u015f\u00f6yle s\u00fcrd\u00fcrd\u00fc:<\/p>\n<p style=\"text-align: justify;\">&#8220;Y\u00fcce dinimizi birilerinin tarikat\u0131na g\u00f6re yorumlatmay\u0131n bize. Dinimi kendim ya\u015far ve yorumlar\u0131m. Bu \u00fclkede milletvekilli\u011fi dokunulmazl\u0131\u011f\u0131 hikaye&#8230; Fethullah G\u00fclen dokunulmazl\u0131\u011f\u0131 var. Ona dokunan, konu\u015fan yanar. Bu nas\u0131l bir dokunulmazl\u0131k? Bunun \u00f6rne\u011fi yok. O adamca\u011f\u0131zdan ne istiyorsunuz da g\u00f6zalt\u0131na al\u0131yorsunuz.<\/p>\n<p style=\"text-align: justify;\">Atat\u00fcrk, &#8216;T\u00fcrkiye Cumhuriyeti \u015feyhler, dervi\u015fler ve m\u00fcritler \u00fclkesi olamaz&#8217; demi\u015fti. Onun kemiklerini s\u0131zlat\u0131yorsunuz. Bu \u00fclkeyi \u015feyh, dervi\u015f ve m\u00fcritler \u00fclkesi yapt\u0131n\u0131z. Gelin burada m\u00fcridi oldu\u011funuzu s\u00f6yleyin, G\u00fclen&#8217;i savunun, yerinizde durmay\u0131n. De ki &#8216;ben m\u00fcridiyim.&#8217; Unutmay\u0131n Mustafa Kemal&#8217;in kemiklerini s\u0131zlatan ama bu d\u00fcnyada ama \u00f6b\u00fcr d\u00fcnyada, faturas\u0131n\u0131 \u00f6deyecektir.&#8221;<\/p>\n<p style=\"text-align: justify;\"><strong>&#8220;K\u00fcrs\u00fcden karalama hakk\u0131&#8230;&#8221; <\/strong><\/p>\n<p style=\"text-align: justify;\">Sata\u015fma oldu\u011fu gerek\u00e7esiyle s\u00f6z alan AK Parti Grup Ba\u015fkanvekili Suat K\u0131l\u0131\u00e7, G\u00f6k&#8217;\u00fcn, yarg\u0131sal i\u015flemleri ve kolluk kuvvetlerinin aramalar\u0131n\u0131n do\u011frudan AK Parti talimat\u0131yla yap\u0131l\u0131yormu\u015f gibi g\u00f6stermek istedi\u011fini, ancak bunlar\u0131n yalan ve yanl\u0131\u015f oldu\u011funu ifade etti.<\/p>\n<p style=\"text-align: justify;\">K\u0131l\u0131\u00e7, \u015funlar\u0131 s\u00f6yledi:<\/p>\n<p style=\"text-align: justify;\">&#8220;Burada bulunmayan, burada kendisini savunma imkan\u0131na sahip olmayan, kamuoyunun \u015fu veya bu \u015fekilde de\u011ferlendirmesini yapmakta oldu\u011fu, takdir etmek ya da ele\u015ftirmekte oldu\u011fu isimler hakk\u0131nda buradan ifadelerde bulunulmas\u0131 son derece yanl\u0131\u015f.<\/p>\n<p style=\"text-align: justify;\">Kafas\u0131nda hayali birtak\u0131m tarikatlar, hayali birtak\u0131m cemaatler in\u015fa ederek, tarikatlar, cemaatler ve milletvekilleri aras\u0131nda bir m\u00fcrit ili\u015fkisi kurmak ve bunu da AK Parti&#8217;ye mal etmek suretiyle d\u00fc\u015f\u00fclen hatan\u0131n kabul edilebilir bir taraf\u0131 s\u00f6z konusu de\u011fildir. Yanl\u0131\u015f yap\u0131yorsunuz. Bu yakla\u015f\u0131m do\u011fru de\u011fil.<\/p>\n<p style=\"text-align: justify;\">&#8216;T\u00fcrkiye Cumhuriyeti Devleti \u015feyhler, m\u00fcritler memleketi olamaz.&#8217; Eyvallah. Gazi&#8217;nin bu s\u00f6z\u00fcn\u00fc benimsiyor ve kabulleniyoruz. Ama Gazi&#8217;nin tek eseri bu s\u00f6z de\u011fil. Gazi, bu millete, Cumhuriyet idaresini, zenginliklerini, kazan\u0131mlar\u0131n\u0131 da emanet etmi\u015ftir. Demokrasiyi, millet iradesini de emanet etmi\u015ftir. Milli iradeye, millet iradesine, milletin de\u011fer verdiklerine sayg\u0131 g\u00f6stermeyi, en az\u0131ndan sayg\u0131l\u0131 kalabilmeyi ba\u015farmakla m\u00fckellefsiniz. Olmayan \u015feyler \u00fczerinde iftiralar \u00fcreterek milletvekillerini de, AK Parti Grubu&#8217;nu da zan alt\u0131nda b\u0131rakamazs\u0131n\u0131z. Hele ki bir milletvekili sorumlulu\u011fu, burada kendini savunma hak ve imkan\u0131na sahip olmayanlar\u0131, bu k\u00fcrs\u00fcden karalama hakk\u0131n\u0131, yetkisini imkan\u0131n\u0131 hi\u00e7 kimseye vermez.&#8221;<\/p>\n<p style=\"text-align: justify;\"><strong>&#8220;K\u0131bleniz neresi?&#8221; <\/strong><\/p>\n<p style=\"text-align: justify;\">Yeniden s\u00f6z alan G\u00f6k ise h\u00fck\u00fcmete KHK yetkisi veren tasar\u0131n\u0131n Genel Kurula gelece\u011fini belirterek, &#8220;6 ayl\u0131\u011f\u0131na 19 kurumun her \u015feyi hakk\u0131nda, 9 ayr\u0131 kanunda Ba\u015fbakan Recep Tayyip Erdo\u011fan hazretlerinin karar\u0131yla kanunlar \u00e7\u0131kacak. Bunun ad\u0131 milli irade mi&#8221; dedi.<\/p>\n<p style=\"text-align: justify;\">Bu arada AK Partili milletvekilleri s\u0131ralara vurarak G\u00f6k&#8217;e tepki g\u00f6sterdi. G\u00f6k ise bunun \u00fczerine, &#8220;(Fethullah G\u00fclen) deyince AK Parti Grubu yerinden f\u0131rl\u0131yor. Neden gocunuyorsunuz? &#8216;Fethullah G\u00fclen&#8217; laf\u0131n\u0131 s\u00f6yle millet ayaklarda. Niye? K\u0131bleniz neresi sizin arkada\u015flar, e\u011fer Pensilvanya ise&#8230; Benim k\u0131blemin yeri belli&#8221; dedi.<\/p>\n<p style=\"text-align: justify;\">Bunun \u00fczerine AK Parti&#8217;li milletvekilleri k\u00fcrs\u00fcye geldi. CHP Zonguldak Milletvekili Ali \u0130hsan K\u00f6kt\u00fcrk de k\u00fcrs\u00fcde G\u00f6k&#8217;\u00fcn \u00fczerine y\u00fcr\u00fcyen AK Parti&#8217;li milletvekillerini engellemeye \u00e7al\u0131\u015ft\u0131. G\u00f6k&#8217;\u00fcn yerine oturmas\u0131 \u00fczerine, iktidar milletvekilleri CHP s\u0131ralar\u0131na y\u00f6nelerek, tepkilerini dile getirdi.<\/p>\n<p style=\"text-align: justify;\">Tart\u0131\u015fman\u0131n b\u00fcy\u00fcmesi \u00fczerine Ba\u015fkanvekili Meral Ak\u015fener, birle\u015fime ara verdi. Tart\u0131\u015fma, verilen arada da devam etti. \u0130sa G\u00f6k, arkada\u015flar\u0131 taraf\u0131ndan Genel Kurul salonundan \u00e7\u0131kar\u0131ld\u0131.<\/p>\n<p style=\"text-align: justify;\"><a href=\"http:\/\/www.cnnturk.com\/2011\/turkiye\/03\/30\/mecliste.fettullah.gulen.kavgasi\/611669.0\/index.html\" target=\"_blank\">CNN T\u00dcRK<\/a><\/p>\n","protected":false},"excerpt":{"rendered":"<p style=\"text-align: justify;\">\n<p style=\"text-align: justify;\">TBMM Genel Kurulu&#8217;nda, CHP Mersin Milletvekili \u0130sa G\u00f6k&#8217;\u00fcn, Fethullah G\u00fclen ile ilgili s\u00f6zleri, tart\u0131\u015fmaya neden oldu.<\/p>\n<p style=\"text-align: justify;\">G\u00f6k, Genel Kurulda, Anayasa Mahkemesinin yeniden yap\u0131land\u0131r\u0131lmas\u0131n\u0131 \u00f6ng\u00f6ren kanun tasar\u0131s\u0131n\u0131n g\u00f6r\u00fc\u015fmelerinde, verdi\u011fi de\u011fi\u015fiklik \u00f6nergesi \u00fczerine s\u00f6z ald\u0131. <\/p>\n","protected":false},"author":1,"featured_media":0,"comment_status":"open","ping_status":"closed","sticky":false,"template":"","format":"standard","meta":{"footnotes":""},"categories":[105],"tags":[],"class_list":["post-29973","post","type-post","status-publish","format-standard","hentry","category-gundem","odd"],"_links":{"self":[{"href":"http:\/\/www.korhanyilmaz.com\/index.php?rest_route=\/wp\/v2\/posts\/29973","targetHints":{"allow":["GET"]}}],"collection":[{"href":"http:\/\/www.korhanyilmaz.com\/index.php?rest_route=\/wp\/v2\/posts"}],"about":[{"href":"http:\/\/www.korhanyilmaz.com\/index.php?rest_route=\/wp\/v2\/types\/post"}],"author":[{"embeddable":true,"href":"http:\/\/www.korhanyilmaz.com\/index.php?rest_route=\/wp\/v2\/users\/1"}],"replies":[{"embeddable":true,"href":"http:\/\/www.korhanyilmaz.com\/index.php?rest_route=%2Fwp%2Fv2%2Fcomments&post=29973"}],"version-history":[{"count":0,"href":"http:\/\/www.korhanyilmaz.com\/index.php?rest_route=\/wp\/v2\/posts\/29973\/revisions"}],"wp:attachment":[{"href":"http:\/\/www.korhanyilmaz.com\/index.php?rest_route=%2Fwp%2Fv2%2Fmedia&parent=29973"}],"wp:term":[{"taxonomy":"category","embeddable":true,"href":"http:\/\/www.korhanyilmaz.com\/index.php?rest_route=%2Fwp%2Fv2%2Fcategories&post=29973"},{"taxonomy":"post_tag","embeddable":true,"href":"http:\/\/www.korhanyilmaz.com\/index.php?rest_route=%2Fwp%2Fv2%2Ftags&post=29973"}],"curies":[{"name":"wp","href":"https:\/\/api.w.org\/{rel}","templated":true}]}}