{"id":29967,"date":"2011-03-30T16:01:51","date_gmt":"2011-03-30T13:01:51","guid":{"rendered":"http:\/\/www.korhanyilmaz.com\/?p=29967"},"modified":"2011-03-30T16:01:51","modified_gmt":"2011-03-30T13:01:51","slug":"secim-icin-parmak-uyarisi","status":"publish","type":"post","link":"http:\/\/www.korhanyilmaz.com\/?p=29967","title":{"rendered":"Se\u00e7im i\u00e7in &#8220;parmak&#8221; uyar\u0131s\u0131"},"content":{"rendered":"<p style=\"text-align: center;\"><a href=\"http:\/\/www.korhanyilmaz.com\/wp-content\/uploads\/2011\/03\/3621.jpg\"  class=\"lightview\"><img loading=\"lazy\" decoding=\"async\" class=\"aligncenter size-full wp-image-29971\" src=\"http:\/\/www.korhanyilmaz.com\/wp-content\/uploads\/2011\/03\/3621.jpg\" alt=\"\" width=\"414\" height=\"219\" \/><\/a><\/p>\n<p style=\"text-align: justify;\">CHP&#8217;nin yaz\u0131l\u0131m uzman\u0131 Adana Milletvekili Tacidar Seyhan, 12 Haziran\u2019da yap\u0131lacak se\u00e7im sonu\u00e7lar\u0131n\u0131n d\u0131\u015far\u0131dan m\u00fcdahaleye \u00e7ok oldu\u011funu belirterek, m\u00fckerrer kay\u0131t ihtimaline kar\u015f\u0131l\u0131k, bu se\u00e7imde yeniden parmak boyama sisteminin uygulanmas\u0131 gerekti\u011fini s\u00f6yledi.<!--more--><\/p>\n<p style=\"text-align: justify;\">ANKARA- CHP Adana Milletvekili ve yaz\u0131l\u0131m uzman\u0131 Tacidar Seyhan, 12 Haziran\u2019da yap\u0131lacak se\u00e7imlerde sonu\u00e7lara d\u0131\u015far\u0131dan m\u00fcdahale olabilece\u011fi uyar\u0131s\u0131n\u0131 yaparak, \u201cSistem zay\u0131f, sonu\u00e7lar \u00fczerinde de\u011fi\u015fiklik yapmak m\u00fcmk\u00fcn. Ara toplamlara ve genel toplamlara m\u00fcdahale edilebilir. Partilerin oylar\u0131 yer de\u011fi\u015ftirilebilir, milletvekilleri de\u011fi\u015febilir\u201d dedi.<\/p>\n<p style=\"text-align: justify;\">Seyhan, yapt\u0131\u011f\u0131 a\u00e7\u0131klamada se\u00e7im sonu\u00e7lar\u0131na d\u0131\u015far\u0131dan m\u00fcdahale yap\u0131labilece\u011fini s\u00f6yledi. Y\u00fcksek Se\u00e7im Kurulu\u2019nun (YSK), Se\u00e7im Sistemi Otomasyonu Projesini (SE\u00c7S\u0130S) kulland\u0131\u011f\u0131n\u0131 belirten Seyhan, s\u00f6z konusu sistemin bilgisayar teknolojisinin niteli\u011fi gere\u011fi, sisteme her an d\u0131\u015far\u0131dan m\u00fcdahale edilebilece\u011fini belirterek, \u201cSe\u00e7im \u015faibeli olabilir\u201d diye uyard\u0131.<\/p>\n<p style=\"text-align: justify;\"><strong>\u201cBU S\u0130STEM M\u00dcDAHALEYE A\u00c7IK\u201d<\/strong><\/p>\n<p style=\"text-align: justify;\">Say\u0131m d\u00fczenleme sisteminde ciddi s\u0131k\u0131nt\u0131lar oldu\u011funa dikkat \u00e7eken ve sistemin de\u011fi\u015fmesi gerekti\u011fini belirten Seyhan, \u015f\u00f6yle dedi:<\/p>\n<p style=\"text-align: justify;\">\u201c\u0130l\u00e7e se\u00e7im kurullar\u0131 Windows ortam\u0131nda tutuyor, Windows ortam\u0131ndaki terminallere mutlaka m\u00fcdahale edilebilir. Bu nedenle d\u00fcnya Windows kullanmaktan vazge\u00e7ti. Bu sistemler m\u00fcdahaleye a\u00e7\u0131kt\u0131r. En zafiyeti y\u00fcksek sistemlerdir. Mutlaka sistemin de\u011fi\u015ftirilmesi gerekir. \u0130l\u00e7e se\u00e7im kurullar\u0131nda bu g\u00fcvenli\u011fin sa\u011flanabilmesi \u00e7ok zordur. S\u0131k\u0131nt\u0131lar buradan kaynaklanmaktad\u0131r. Buralara y\u00f6nelik tedbirlerin al\u0131nmas\u0131 laz\u0131m. E\u011fer al\u0131nmazsa se\u00e7imde \u015faibe tart\u0131\u015fmalar\u0131 se\u00e7imin bitti\u011fi g\u00fcnden itibaren yeniden ba\u015flayacak.\u201d<\/p>\n<p style=\"text-align: justify;\"><strong>\u201cAVRUPA\u2019DA YASAKLANDI\u201d<\/strong><\/p>\n<p style=\"text-align: justify;\">SE\u00c7S\u0130S projesinde i\u015fletim sistemi olarak, merkezde Unix-Linux ve il\u00e7elerde ise Microsoft \u00fcr\u00fcn\u00fc Windows XP y\u00fckl\u00fc Intel i\u015flemcili bilgisayarlar kullan\u0131ld\u0131\u011f\u0131na i\u015faret eden Seyhan, \u015f\u00f6yle dedi:<\/p>\n<p style=\"text-align: justify;\">\u201cBilgisayar teknolojisinin niteli\u011fi gere\u011fi sisteme her an d\u0131\u015far\u0131dan m\u00fcdahale edilebilmesi teknik olarak m\u00fcmk\u00fcnd\u00fcr. 5-6 y\u0131ldan beri Avrupa \u00fclkelerinde ve bir\u00e7ok b\u00fcy\u00fck \u00fclkede devlet kurumlar\u0131nda Microsoft\u2019un kullan\u0131m\u0131 yasaklanm\u0131\u015f ve Linux sistemlere ge\u00e7ilmi\u015ftir.\u201d<\/p>\n<p style=\"text-align: justify;\"><strong>\u201cPARMAK BOYAMA S\u0130STEM\u0130 UYGULANMALI\u201d<\/strong><\/p>\n<p style=\"text-align: justify;\">Seyhan, m\u00fckerrer kay\u0131t ihtimaline kar\u015f\u0131l\u0131k bu se\u00e7imde yeniden parmak boyama sisteminin g\u00fcncel hale getirilmesini isteyerek, \u015f\u00f6yle dedi:<\/p>\n<p style=\"text-align: justify;\">\u201cM\u00fckerrer kay\u0131t imkans\u0131z deniliyor. Ancak bo\u015f binalar da oturan ki\u015filer g\u00f6sterilmi\u015f, buralarda kay\u0131t var, baz\u0131 binalar da eksik kay\u0131t var. Dolay\u0131s\u0131yla bu se\u00e7im d\u00f6nemi de bir m\u00fckerrer fazla kay\u0131t ihtimalini ortaya \u00e7\u0131kar\u0131yor. Bu nedenle bu se\u00e7imde yeniden parmak boyama sisteminin g\u00fcncel hale getirilmesi laz\u0131m.\u201d<\/p>\n<p style=\"text-align: justify;\"><strong>\u201cM\u00dcKERRER OY OLAB\u0130L\u0130R, TOPLAMLARDA FARKLILIKLAR OLAB\u0130L\u0130R\u201d<\/strong><\/p>\n<p style=\"text-align: justify;\">Gerekli \u00f6nlemlerin al\u0131nmamas\u0131 halinde m\u00fckerrer oy olabilece\u011fini vurgulayan Seyhan, \u201cAra toplamlar al\u0131n\u0131rken toplamlarda farkl\u0131l\u0131klar g\u00f6sterilebilir. Genel toplamlar al\u0131rken farkl\u0131l\u0131klar g\u00f6sterebilir. Hi\u00e7bir siyasi partinin sand\u0131k sand\u0131k kay\u0131tlar\u0131n sonu\u00e7lar\u0131 al\u0131p bunlar\u0131 an\u0131nda denetleme imkan\u0131 yok\u201d dedi.<\/p>\n<p style=\"text-align: justify;\"><strong>\u201cG\u00dcNEYDO\u011eU\u2019DA HANG\u0130 SANDI\u011eA K\u0130M\u0130 G\u00d6NDERECEKS\u0130N\u0130Z?\u201d<\/strong><\/p>\n<p style=\"text-align: justify;\">\u201cG\u00fcneydo\u011fu\u2019da hangi sand\u0131\u011fa kimi g\u00f6ndereceksiniz? G\u00fcvenlik nedeniyle baz\u0131 girilemeyen mahalleler var\u201d diyen Seyhan, \u201cBuralar\u0131 denetleyebilmenin tek yolu sistem g\u00fcvenli\u011fini \u00f6nceden sa\u011flayabilmek, il\u00e7e se\u00e7im kurullar\u0131nda da bunun di\u011fer siyasi partiler taraf\u0131ndan denetlenmesini sa\u011flayabilmektir\u201d diye konu\u015ftu.<\/p>\n<p style=\"text-align: justify;\"><strong>\u201cS\u0130STEM ZAYIF, SE\u00c7\u0130M SONU\u00c7LARI \u00dcZER\u0130NDE DE\u011e\u0130\u015e\u0130KL\u0130K YAPILAB\u0130L\u0130R\u201d<\/strong><\/p>\n<p style=\"text-align: justify;\">D\u0131\u015far\u0131dan m\u00fcdahale ile se\u00e7im sonu\u00e7lar\u0131n\u0131n de\u011fi\u015febilece\u011fine dikkat \u00e7eken Seyhan, \u015f\u00f6yle dedi:<\/p>\n<p style=\"text-align: justify;\">\u201cK\u00fc\u00e7\u00fck oranlardaki oynamalar\u0131 d\u0131\u015far\u0131dan hissetmek m\u00fcmk\u00fcn olmayabilir. Sistem zay\u0131f, sonu\u00e7lar \u00fczerinde de\u011fi\u015fiklik yapmak m\u00fcmk\u00fcn. Y\u00fczde 1 dedi\u011fimiz iktidardan eder. B\u00f6lgeden b\u00f6lgeye bile oy kayd\u0131r\u0131ld\u0131\u011f\u0131nda milletvekilleri de\u011fi\u015fir, say\u0131lar\u0131 de\u011fi\u015fir. Y\u00fczde 1-2\u2019yi fark etmek zordur. D\u0131\u015far\u0131dan m\u00fcdahale olabilir. \u0130\u00e7eriden fark etmezler. Ara toplamlara m\u00fcdahale edilebilir. Genel toplamlara m\u00fcdahale edilebilir. Partilerin oylar\u0131 yer de\u011fi\u015ftirilebilir. Sand\u0131\u011f\u0131n oy say\u0131s\u0131 ayn\u0131d\u0131r ama A partinin oyunu B\u2019ye yazarsan\u0131z se\u00e7imin kaderini de\u011fi\u015ftirirsiniz. Sand\u0131k toplamlar\u0131n\u0131 kontrol etti\u011fimizde ayn\u0131 \u00e7\u0131kar, ama sand\u0131klarda partilerin oyunu kontrol etti\u011fimizde farkl\u0131 \u00e7\u0131kar. Ge\u00e7en se\u00e7imde g\u00f6rd\u00fck. CHP\u2019nin oyu ba\u011f\u0131ms\u0131za yaz\u0131lm\u0131\u015ft\u0131. Bir ba\u015fka sand\u0131kta ba\u011f\u0131ms\u0131z\u0131n oyunun AKP\u2019ye yaz\u0131ld\u0131\u011f\u0131n\u0131 g\u00f6rd\u00fck.\u201d<\/p>\n<p style=\"text-align: justify;\">\u0130ki y\u00f6nl\u00fc kontrol sisteminin olu\u015fturulmas\u0131n\u0131 isteyen Seyhan, \u201cE\u011fer siz giri\u015f an\u0131nda bunu ekrandan yay\u0131nlarsan\u0131z benim oyumun ba\u015fka partiye yaz\u0131ld\u0131\u011f\u0131n\u0131 g\u00f6rebilirim\u201d dedi.<\/p>\n<p style=\"text-align: justify;\"><a href=\"http:\/\/www.gazeteport.com.tr\/SIYASET\/NEWS\/GP_878568\" target=\"_blank\">Kaynak : GAZETEPORT<\/a><\/p>\n","protected":false},"excerpt":{"rendered":"<p style=\"text-align: center;\">\n<p style=\"text-align: justify;\">CHP&#8217;nin yaz\u0131l\u0131m uzman\u0131 Adana Milletvekili Tacidar Seyhan, 12 Haziran\u2019da yap\u0131lacak se\u00e7im sonu\u00e7lar\u0131n\u0131n d\u0131\u015far\u0131dan m\u00fcdahaleye \u00e7ok oldu\u011funu belirterek, m\u00fckerrer kay\u0131t ihtimaline kar\u015f\u0131l\u0131k, bu se\u00e7imde yeniden parmak boyama sisteminin uygulanmas\u0131 gerekti\u011fini s\u00f6yledi.<\/p>\n","protected":false},"author":1,"featured_media":0,"comment_status":"open","ping_status":"closed","sticky":false,"template":"","format":"standard","meta":{"footnotes":""},"categories":[105],"tags":[],"class_list":["post-29967","post","type-post","status-publish","format-standard","hentry","category-gundem","odd"],"_links":{"self":[{"href":"http:\/\/www.korhanyilmaz.com\/index.php?rest_route=\/wp\/v2\/posts\/29967","targetHints":{"allow":["GET"]}}],"collection":[{"href":"http:\/\/www.korhanyilmaz.com\/index.php?rest_route=\/wp\/v2\/posts"}],"about":[{"href":"http:\/\/www.korhanyilmaz.com\/index.php?rest_route=\/wp\/v2\/types\/post"}],"author":[{"embeddable":true,"href":"http:\/\/www.korhanyilmaz.com\/index.php?rest_route=\/wp\/v2\/users\/1"}],"replies":[{"embeddable":true,"href":"http:\/\/www.korhanyilmaz.com\/index.php?rest_route=%2Fwp%2Fv2%2Fcomments&post=29967"}],"version-history":[{"count":0,"href":"http:\/\/www.korhanyilmaz.com\/index.php?rest_route=\/wp\/v2\/posts\/29967\/revisions"}],"wp:attachment":[{"href":"http:\/\/www.korhanyilmaz.com\/index.php?rest_route=%2Fwp%2Fv2%2Fmedia&parent=29967"}],"wp:term":[{"taxonomy":"category","embeddable":true,"href":"http:\/\/www.korhanyilmaz.com\/index.php?rest_route=%2Fwp%2Fv2%2Fcategories&post=29967"},{"taxonomy":"post_tag","embeddable":true,"href":"http:\/\/www.korhanyilmaz.com\/index.php?rest_route=%2Fwp%2Fv2%2Ftags&post=29967"}],"curies":[{"name":"wp","href":"https:\/\/api.w.org\/{rel}","templated":true}]}}