{"id":29958,"date":"2011-03-30T12:42:20","date_gmt":"2011-03-30T09:42:20","guid":{"rendered":"http:\/\/www.korhanyilmaz.com\/?p=29958"},"modified":"2011-03-30T12:42:20","modified_gmt":"2011-03-30T09:42:20","slug":"zekeriya-oz-terfi-etti-ozel-yetkileri-alindi","status":"publish","type":"post","link":"http:\/\/www.korhanyilmaz.com\/?p=29958","title":{"rendered":"Zekeriya \u00d6z terfi etti \u00f6zel yetkileri al\u0131nd\u0131"},"content":{"rendered":"<p style=\"text-align: justify;\"><a href=\"http:\/\/www.korhanyilmaz.com\/wp-content\/uploads\/2011\/03\/3591.jpg\"  class=\"lightview\"><img loading=\"lazy\" decoding=\"async\" class=\"aligncenter size-full wp-image-29959\" src=\"http:\/\/www.korhanyilmaz.com\/wp-content\/uploads\/2011\/03\/3591.jpg\" alt=\"\" width=\"414\" height=\"220\" \/><\/a><\/p>\n<p style=\"text-align: justify;\">Ergenekon Savc\u0131s\u0131 Zekeriya \u00d6z, \u0130stanbul Cumhuriyet Ba\u015fsavc\u0131 Vekili oldu. Ancak Zekeriye \u00d6z&#8217;\u00fcn \u00f6zel yetkileri al\u0131nd\u0131. \u00d6zel Yetkili ba\u015fsavc\u0131 vekilli\u011fine ise Ergenekon, Askeri Casusluk ve Fuhu\u015f \u00c7etesi soru\u015fturmalar\u0131n\u0131 y\u00fcr\u00fcten Fikret Se\u00e7en atand\u0131.<!--more--><\/p>\n<p style=\"text-align: justify;\">ANKARA &#8211; \u0130stanbul Cumhuriyet Ba\u015fsavc\u0131 Vekili Turan \u00c7olakkad\u0131, \u0130stanbul Cumhuriyet Ba\u015fsavc\u0131s\u0131 oldu. \u00d6zel yetkili savc\u0131lar Zekeriya \u00d6z ve Fikret Se\u00e7en ise \u0130stanbul Ba\u015fsavc\u0131 Vekilli\u011fine getirildi.<\/p>\n<p style=\"text-align: justify;\">HSYK Birinci Dairesinin adli yarg\u0131 kararnamesi yay\u0131nland\u0131.<\/p>\n<p style=\"text-align: justify;\">128 hakim ve savc\u0131n\u0131n g\u00f6rev yerini de\u011fi\u015ftiren kararname ile \u0130stanbul Cumhuriyet Ba\u015fsavc\u0131 Vekili Turan \u00c7olakkad\u0131, \u0130stanbul Cumhuriyet Ba\u015fsavc\u0131s\u0131 oldu. \u00d6zel yetkili \u0130stanbul Cumhuriyet savc\u0131lar\u0131, Zekeriya \u00d6z ve Fikret Se\u00e7en ise \u0130stanbul Ba\u015fsavc\u0131 Vekilli\u011fine getirildi.<\/p>\n<p style=\"text-align: justify;\"><strong>\u00d6Z, ERGENEKON DAVASI&#8217;NA BAKACAK MI?<\/strong><\/p>\n<p style=\"text-align: justify;\">\u00d6z&#8217;\u00fcn bundan b\u00f6yle Ergenekon davas\u0131na bak\u0131p bakmayaca\u011f\u0131 hen\u00fcz netlik kazanmad\u0131.<\/p>\n<p style=\"text-align: justify;\"><strong>\u00d6Z: BU KARARI BEKLEM\u0130YORDUM<\/strong><\/p>\n<p style=\"text-align: justify;\">Ba\u015fsavc\u0131 Vekilli\u011fi&#8217;ne ise Ergenekon Davas\u0131&#8217;na bakan \u00d6zel Yetkili savc\u0131 Zekeriya \u00d6z getirildi. Karar\u0131 \u015fa\u015fk\u0131nl\u0131kla kar\u015f\u0131layan \u00d6z, &#8221;Yorgundum. Herhangi bir talebim olmad\u0131. Bu karar\u0131 beklemiyordum. S\u00fcrpriz oldu&#8221; dedi.<\/p>\n<p style=\"text-align: justify;\"><strong>SE\u00c7EN \u00d6ZEL YETK\u0130L\u0130<\/strong><\/p>\n<p style=\"text-align: justify;\">(HSYK) kararnamesiyle \u0130stanbul Cumhuriyet Ba\u015fsavc\u0131vekilli\u011fine atanan Fikret Se\u00e7en, \u00d6zel Yetkili \u0130stanbul Cumhuriyet Ba\u015fsavc\u0131vekili olarak g\u00f6revlendirildi.<\/p>\n<p style=\"text-align: justify;\">Al\u0131nan bilgiye g\u00f6re, HSYK&#8217;n\u0131n kararnamesiyle \u0130stanbul Cumhuriyet Ba\u015fsavc\u0131vekili olan Fikret Se\u00e7en, Be\u015fikta\u015f&#8217;taki \u0130stanbul Adliyesinde bulunan \u00d6zel Yetkili \u0130stanbul Cumhuriyet Ba\u015fsavc\u0131vekilli\u011fi g\u00f6revine getirildi.<\/p>\n<p style=\"text-align: justify;\">Ayn\u0131 kararnameyle \u0130stanbul Cumhuriyet Ba\u015fsavc\u0131vekilli\u011fine atanan Zekeriya \u00d6z ile Ercan \u015eafak&#8217;\u0131n ise g\u00f6revlerini Sultanahmet&#8217;teki \u0130stanbul Adliyesinde s\u00fcrd\u00fcrecekleri \u00f6\u011frenildi.<\/p>\n<p style=\"text-align: justify;\"><strong>\u00d6Z, BU SORU\u015eTURMALARI DEVREDECEK<\/strong><\/p>\n<p style=\"text-align: justify;\">Ergenekon savc\u0131s\u0131 Zekeriya \u00d6z\u2019\u00fcn, CMK\u2019n\u0131n 250. maddesi kapsam\u0131nda belirlenen \u00f6zel yetkileri kalkt\u0131. \u00d6zel yetkileri kalkan Savc\u0131 \u00d6z\u2019\u00fcn halen y\u00fcr\u00fctmekte oldu\u011fu soru\u015fturmalar\u0131 ise ba\u015fka savc\u0131lara devredecek. \u0130\u015fte Savc\u0131 \u00d6z\u2019\u00fcn y\u00fcr\u00fctt\u00fc\u011f\u00fc soru\u015fturmalar:<\/p>\n<p style=\"text-align: justify;\">&#8211; Emekli Orgeneral Hasan I\u011fs\u0131z ile Korgeneral ile Korgeneral Mehmet Otuzbiro\u011flu\u2019nun ifadesinin al\u0131nd\u0131\u011f\u0131, Genelkurmay\u2019da haz\u0131rland\u0131\u011f\u0131 iddia edilen ve h\u00fck\u00fcmet aleyhine kara propaganda yapt\u0131\u011f\u0131 belirtilen internet siteleri ile ilgili y\u00fcr\u00fct\u00fclen &#8216;\u0130nternet And\u0131c\u0131&#8217; soru\u015fturmas\u0131<\/p>\n<p style=\"text-align: justify;\">&#8211; Eski Adalet Bakan\u0131 Seyfi Oktay\u2019\u0131n da \u015f\u00fcphelileri aras\u0131nda bulundu\u011fu &#8216;Adil Yarg\u0131lamay\u0131 Etkileme&#8217; soru\u015fturmas\u0131<\/p>\n<p style=\"text-align: justify;\">&#8211; &#8216;Adil Yarg\u0131lamay\u0131 Etkileme&#8217; soru\u015fturmas\u0131 kapsam\u0131nda CHP Antalya Milletvekili Deniz Baykal hakk\u0131nda \u2018fezleke\u2019 haz\u0131rlanmas\u0131<\/p>\n<p style=\"text-align: justify;\">Emekli Orgeneral \u015eener Eruygur\u2019un \u015f\u00fcphelileri aras\u0131nda bulundu\u011fu &#8216;\u00d6rt\u00fcl\u00fc \u00d6denek&#8217; soru\u015fturmas\u0131<\/p>\n<p style=\"text-align: justify;\">&#8211; Soner Yal\u00e7\u0131n, Yal\u00e7\u0131n K\u00fc\u00e7\u00fck, Ahmet \u015e\u0131k, Nedim \u015eener gibi gazetecilerin tutukland\u0131\u011f\u0131 &#8216;Oda Tv&#8217; soru\u015fturmas\u0131<\/p>\n<p style=\"text-align: justify;\">&#8211; Emekli Albay Mehmet \u00dclger, \u00f6\u011fretim g\u00f6revlisi Ruhi Abat, Binba\u015f\u0131 Haydar Ye\u015fil gibi isimlerin tutukland\u0131\u011f\u0131 \u2018Zirve Yay\u0131nevi Katliam\u0131&#8217; soru\u015fturmas\u0131. Bu soru\u015fturma kapsam\u0131nda da bug\u00fcn Prof. Dr. Zekeriya Beyaz\u2019\u0131n evinde de arama yap\u0131ld\u0131.<\/p>\n<p style=\"text-align: justify;\"><strong>BOZDA\u011e&#8217;DAN TEPK\u0130<\/strong><\/p>\n<p style=\"text-align: justify;\">AK Parti Grup Ba\u015fkanvekili Bekir Bozda\u011f, Ergenekon Savc\u0131s\u0131 Zekeriya \u00d6z&#8217;\u00fcn \u00f6zel yetkileri al\u0131narak Ba\u015fsavc\u0131 Vekilli\u011fi&#8217;ne getirilmesini de\u011ferlendirdi. AK Partili Bozda\u011f, &#8221;R\u0131zas\u0131 olmadan yetkisinin kald\u0131r\u0131lmas\u0131 yanl\u0131\u015ft\u0131r. Yeni savc\u0131lar\u0131n davaya hakim olmas\u0131 zaman al\u0131r. Kendisinin Ergenekon davas\u0131na bakmas\u0131 gerekiyordu. E\u011fer art\u0131k bakmayacaksa yanl\u0131\u015ft\u0131r. Dava s\u00fcreci daha da uzayacakt\u0131r. Bu s\u00fcrece m\u00fcdahaledir&#8221; dedi. Bozda\u011f s\u00f6zlerini \u015f\u00f6yle s\u00fcrd\u00fcrd\u00fc:<\/p>\n<p style=\"text-align: justify;\">&#8220;Yarg\u0131lama s\u00fcre\u00e7lerini uzatacakt\u0131r. \u015eimdi hakim ve savc\u0131lar bir yerde g\u00f6rev yaparken, onlar\u0131n atamalar\u0131 belli bir s\u00fcreyi kaps\u0131yor. Bunun d\u0131\u015f\u0131nda atamalar oldu\u011fu zaman, mazeretler dikkate alarak atamalar yap\u0131l\u0131yor. Bu s\u00fcre dolmu\u015f de\u011fil benim bildi\u011fim. Kendilerinin talebi var m\u0131 onu da bilmiyoruz. E\u011fer Savc\u0131 \u00d6z\u2019\u00fcn herhangi bir talebi yoksa, o zaman bu atama talebe ra\u011fmen, herhangi bir olmaks\u0131z\u0131n yap\u0131lm\u0131\u015f bir atamad\u0131r.<\/p>\n<p style=\"text-align: justify;\">Terfi etmi\u015f olsalar bile, ba\u015fka bir g\u00f6reve gelmi\u015f olsalar bile ben devam eden s\u00fcrece m\u00fcdahale anlam\u0131 oldu\u011funu d\u00fc\u015f\u00fcnd\u00fc\u011f\u00fcmden, bu kararnamenin do\u011fru olmad\u0131\u011f\u0131n\u0131 d\u00fc\u015f\u00fcn\u00fcyorum.&#8221;<\/p>\n<p style=\"text-align: justify;\"><strong>\u015e\u0130KAYETLER \u00dcZER\u0130NE YAPILDI<\/strong><\/p>\n<p style=\"text-align: justify;\">Ergenekon davas\u0131n\u0131n 20 y\u0131l s\u00fcrece\u011fini savunan CHP&#8217;li \u015eehin Meng\u00fc, tepkisini \u015fu s\u00f6zlerle ifade etti: &#8220;Bu savc\u0131lar 20 y\u0131l ayn\u0131 yerde mi g\u00f6rev yapacak?&#8221;<\/p>\n<p style=\"text-align: justify;\">Savc\u0131 Zekeriya \u00d6z&#8217;\u00fcn g\u00f6rev yerinin de\u011fi\u015ftirilmesinin ve \u00f6zel yetkilerinin kald\u0131r\u0131lmas\u0131n\u0131n Ergenekon Davas\u0131&#8217;na y\u00f6nelik \u015fikayetler \u00fczerine yap\u0131ld\u0131\u011f\u0131n\u0131 iddia eden Meng\u00fc, &#8220;Bekir Bozda\u011f, bizlerin dosyay\u0131 bilmedi\u011fimizi s\u00f6yl\u00fcyor. Kendisi biliyor mu? Bu davan\u0131n hukuka uygun oldu\u011funu s\u00f6ylemek m\u00fcmk\u00fcn m\u00fc?&#8221; diye konu\u015ftu.<\/p>\n<p style=\"text-align: justify;\"><a href=\"http:\/\/www.gazeteport.com.tr\/GUNCEL\/NEWS\/GP_878429\" target=\"_blank\">Kaynak : GAZETEPORT<\/a><\/p>\n","protected":false},"excerpt":{"rendered":"<p style=\"text-align: justify;\">\n<p style=\"text-align: justify;\">Ergenekon Savc\u0131s\u0131 Zekeriya \u00d6z, \u0130stanbul Cumhuriyet Ba\u015fsavc\u0131 Vekili oldu. Ancak Zekeriye \u00d6z&#8217;\u00fcn \u00f6zel yetkileri al\u0131nd\u0131. \u00d6zel Yetkili ba\u015fsavc\u0131 vekilli\u011fine ise Ergenekon, Askeri Casusluk ve Fuhu\u015f \u00c7etesi soru\u015fturmalar\u0131n\u0131 y\u00fcr\u00fcten Fikret Se\u00e7en atand\u0131.<\/p>\n","protected":false},"author":1,"featured_media":0,"comment_status":"open","ping_status":"closed","sticky":false,"template":"","format":"standard","meta":{"footnotes":""},"categories":[105],"tags":[],"class_list":["post-29958","post","type-post","status-publish","format-standard","hentry","category-gundem","odd"],"_links":{"self":[{"href":"http:\/\/www.korhanyilmaz.com\/index.php?rest_route=\/wp\/v2\/posts\/29958","targetHints":{"allow":["GET"]}}],"collection":[{"href":"http:\/\/www.korhanyilmaz.com\/index.php?rest_route=\/wp\/v2\/posts"}],"about":[{"href":"http:\/\/www.korhanyilmaz.com\/index.php?rest_route=\/wp\/v2\/types\/post"}],"author":[{"embeddable":true,"href":"http:\/\/www.korhanyilmaz.com\/index.php?rest_route=\/wp\/v2\/users\/1"}],"replies":[{"embeddable":true,"href":"http:\/\/www.korhanyilmaz.com\/index.php?rest_route=%2Fwp%2Fv2%2Fcomments&post=29958"}],"version-history":[{"count":0,"href":"http:\/\/www.korhanyilmaz.com\/index.php?rest_route=\/wp\/v2\/posts\/29958\/revisions"}],"wp:attachment":[{"href":"http:\/\/www.korhanyilmaz.com\/index.php?rest_route=%2Fwp%2Fv2%2Fmedia&parent=29958"}],"wp:term":[{"taxonomy":"category","embeddable":true,"href":"http:\/\/www.korhanyilmaz.com\/index.php?rest_route=%2Fwp%2Fv2%2Fcategories&post=29958"},{"taxonomy":"post_tag","embeddable":true,"href":"http:\/\/www.korhanyilmaz.com\/index.php?rest_route=%2Fwp%2Fv2%2Ftags&post=29958"}],"curies":[{"name":"wp","href":"https:\/\/api.w.org\/{rel}","templated":true}]}}