{"id":29954,"date":"2011-03-30T12:02:20","date_gmt":"2011-03-30T09:02:20","guid":{"rendered":"http:\/\/www.korhanyilmaz.com\/?p=29954"},"modified":"2011-03-30T12:02:20","modified_gmt":"2011-03-30T09:02:20","slug":"ergenekonda-son-dalga-ilahiyatcilari-vurdu","status":"publish","type":"post","link":"http:\/\/www.korhanyilmaz.com\/?p=29954","title":{"rendered":"Ergenekon&#8217;da son dalga \u0130lahiyat\u00e7\u0131lar\u0131 vurdu!"},"content":{"rendered":"<p style=\"text-align: justify;\"><a href=\"http:\/\/www.korhanyilmaz.com\/wp-content\/uploads\/2011\/03\/3581.jpg\"  class=\"lightview\"><img loading=\"lazy\" decoding=\"async\" class=\"aligncenter size-full wp-image-29955\" src=\"http:\/\/www.korhanyilmaz.com\/wp-content\/uploads\/2011\/03\/3581.jpg\" alt=\"\" width=\"307\" height=\"236\" \/><\/a><\/p>\n<p style=\"text-align: justify;\">Ergenekon Zirve Yay\u0131nevi soru\u015fturmas\u0131 kapsam\u0131nda 7 ilde arama yap\u0131l\u0131yor. Evi arananlar aras\u0131nda \u0130stanbul&#8217;da \u0130lahiyat\u00e7\u0131 Prof. Dr. Zekeriya Beyaz, Ankara&#8217;da \u0130lahiyat\u00e7\u0131 Prof. Dr. Abdurrahman K\u00fc\u00e7\u00fck ile Antalya&#8217;da Prof. Dr. \u015eahin Filiz de var. T\u00fcrkiye Dinler Tarihi Derne\u011fi&#8217;nde de arama yap\u0131ld\u0131\u011f\u0131 belirtiliyor. \u0130stanbul Valisi H\u00fcseyin Avni Mutlu, yap\u0131lan \u00e7al\u0131\u015fmalar\u0131n arama mahiyetinde oldu\u011funu belirterek, &#8220;G\u00f6zalt\u0131 \u015feklinde de\u011fil&#8221; dedi.<!--more--><\/p>\n<p style=\"text-align: justify;\">\u0130stanbul \u00d6zel Yetkili Cumhuriyet Savc\u0131l\u0131\u011f\u0131 talimat\u0131yla polis \u0130stanbul, Ankara, Adana, Konya, Malatya, Trabzon ve Antalya&#8217;da harekete ge\u00e7ti.<\/p>\n<p style=\"text-align: justify;\"><strong>\u0130STANBUL:<\/strong><\/p>\n<p style=\"text-align: justify;\">Prof. Dr. Zekeriya Beyaz&#8217;\u0131n Esenler Fevzi \u00c7akmak Mahallesi&#8217;ndeki evine gelen polisler arama ba\u015flatt\u0131.<\/p>\n<p style=\"text-align: justify;\">CNN T\u00dcRK&#8217;\u00fcn ula\u015ft\u0131\u011f\u0131 Prof. Beyaz, &#8220;Arama misyonerlikle ilgili \u00e7al\u0131\u015fmalar\u0131m hakk\u0131nda&#8221; dedi.<\/p>\n<p style=\"text-align: justify;\">Prof. Beyaz, SKY T\u00dcRK&#8217;e yapt\u0131\u011f\u0131 a\u00e7\u0131klamada ise sabah saatlerinde polisin evine geldi\u011fini s\u00f6yledi.<\/p>\n<p style=\"text-align: justify;\">Polislerin daha \u00f6nce yapt\u0131\u011f\u0131 misyonerlik kar\u015f\u0131t\u0131 konu\u015fma ve konferanslar hakk\u0131nda sorular sordu\u011funu s\u00f6yleyen Prof. Beyaz, araman\u0131n halen devam etti\u011fini ifade etti.<\/p>\n<p style=\"text-align: justify;\">Fethullah G\u00fclen ve Said-i Nursi&#8217;nin politik etkileri ve T\u00fcrkiye&#8217;ye zararlar\u0131 hakk\u0131nda bir kitap yazd\u0131\u011f\u0131n\u0131 belirten Prof. Beyaz, &#8220;\u015eimdi bu kitab\u0131n belge ve dok\u00fcmanlar\u0131n\u0131 topluyorlar'&#8221; dedi.<\/p>\n<p style=\"text-align: justify;\"><strong>Prof. Beyaz&#8217;\u0131n k\u0131z\u0131 aramay\u0131 anlatt\u0131 <\/strong><\/p>\n<p style=\"text-align: justify;\">Prof. Beyaz&#8217;\u0131n k\u0131z\u0131 G\u00f6k\u00e7en Beyaz ise, &#8220;Sabah erken saatlerinde bir arama karar\u0131yla birlikte geldi polis arkada\u015flar. Kararda Ergenekon operasyonu kapsam\u0131nda Do\u011fu Perin\u00e7ek ve Hur\u015fit Tolon&#8217;un misyonerlikle ilgili, k\u0131\u015fk\u0131rt\u0131c\u0131 s\u00f6ylemlerde bulunduklar\u0131 ve babam\u0131n da bunun i\u00e7inde oldu\u011funa dair arama karar\u0131 vard\u0131. Evden misyonerlikle ilgili hi\u00e7bir belge al\u0131nmad\u0131. Evden sadece babam\u0131n Said- i Nursi ve Nurculukla ilgili \u00e7\u0131kacak olan bir kitab\u0131 vard\u0131. Polis arkada\u015flar sadece onunla ilgili bilgileri incelediler ve belgeleri ald\u0131lar&#8221; diye konu\u015ftu.<\/p>\n<p style=\"text-align: justify;\"><strong>EVLER\u0130 ARANAN \u0130LAH\u0130YAT\u00c7ILAR K\u0130M? <\/strong><\/p>\n<p style=\"text-align: justify;\"><strong>ANKARA:<\/strong><\/p>\n<p style=\"text-align: justify;\">Soru\u015fturma kapsam\u0131nda Ankara \u00dcniversitesi \u0130lahiyat Fak\u00fcltesi \u00d6\u011fretim \u00dcyesi Prof. Dr. Abdurrahman K\u00fc\u00e7\u00fck&#8217;\u00fcn evinde ve ba\u015fkan\u0131 oldu\u011fu belirtilen T\u00fcrkiye Dinler Tarihi Derne\u011fi&#8217;nde arama yap\u0131ld\u0131.<\/p>\n<p style=\"text-align: justify;\">Aramayla ilgili konu\u015fan Prof. Dr. K\u00fc\u00e7\u00fck, &#8220;Benim bu t\u00fcr olaylarla ilgili uzaktan yak\u0131ndan ilgim yok&#8221; dedi.<\/p>\n<p style=\"text-align: justify;\">\u0130stanbul 13. A\u011f\u0131r Ceza Mahkemesi&#8217;nin karar\u0131 do\u011frultusunda evinde arama yap\u0131ld\u0131\u011f\u0131n\u0131 belirten K\u00fc\u00e7\u00fck, &#8220;Malatya&#8217;daki cinayetle ilgili olarak arama karar\u0131 var. Kitaplara, dergilere, bilgisayar kay\u0131tlar\u0131na bak\u0131yorlar. Benim bu t\u00fcr olaylarla ilgili uzaktan yak\u0131ndan ilgim yok&#8221; diye konu\u015ftu.<\/p>\n<p style=\"text-align: justify;\">Kendisinin bilim adam\u0131 olarak misyonerlik konusunda ara\u015ft\u0131rmalar yapt\u0131\u011f\u0131n\u0131 ve kitaplar yazd\u0131\u011f\u0131n\u0131 s\u00f6yleyen K\u00fc\u00e7\u00fck, &#8220;Zirve Yay\u0131nevi cinayetinde ad\u0131 ge\u00e7enlerle bir ilgim yok. Onlar\u0131 ne tan\u0131r\u0131m ne de telefonla konu\u015ftum&#8221; ifadelerini kulland\u0131.<\/p>\n<p style=\"text-align: justify;\"><strong>ANTALYA:<\/strong><\/p>\n<p style=\"text-align: justify;\">Akdeniz \u00dcniversitesi Fen Edebiyat Fak\u00fcltesi Felsefe B\u00f6l\u00fcm\u00fc \u00d6\u011fretim \u00dcyesi Prof. Dr. \u015eahin Filiz&#8217;in kamp\u00fcsteki lojman\u0131nda da arama yap\u0131ld\u0131.<\/p>\n<p style=\"text-align: justify;\">Sel\u00e7uk \u00dcniversitesi&#8217;nde do\u00e7ent oldu\u011fu d\u00f6nemde ba\u015f\u00f6rt\u00fcs\u00fcn\u00fcn Kuran&#8217;da yer almad\u0131\u011f\u0131n\u0131 savunan \u015eahin Filiz, &#8220;Kuran-\u0131 Kerim&#8217;de sadce &#8216;H\u0131mar&#8217; kelimesi gi\u00e7iyor. &#8216;H\u0131mar&#8217; kelimesi, normal bir \u00f6rt\u00fcy\u00fc ifade etmektedir. Ba\u015f\u00f6rt\u00fcs\u00fcn\u00fc de\u011fil. Giysi s\u0131k\u0131nt\u0131s\u0131n\u0131n \u00e7ekildi\u011fi, hatta \u00e7\u0131plak ibadet edildi\u011fi d\u00f6nemde, Kuran&#8217;\u0131 Kerim&#8217;in s\u00f6yledi\u011fi \u015fuydu: &#8216;Nas\u0131l Hz. Adem ile Havva&#8217;n\u0131n cennet a\u00e7\u0131ld\u0131\u011f\u0131nda \u00f6n ve arkalar\u0131 a\u00e7\u0131l\u0131nca, do\u011fal olarak, kendi yarat\u0131l\u0131\u015flar\u0131 icab\u0131 \u00f6rt\u00fcnd\u00fclerse, siz de \u00f6yle \u00f6rt\u00fcn\u00fcn&#8217; demektedir. Yoksa ba\u015f\u0131n\u0131z\u0131, sa\u00e7\u0131n\u0131z\u0131 \u00f6rt\u00fcn, \u00f6rtmedi\u011finiz takdirde yapt\u0131\u011f\u0131n\u0131z haramd\u0131r anlam\u0131na gelmez&#8221; demi\u015fti.<\/p>\n<p style=\"text-align: justify;\"><strong>KONYA:<\/strong><\/p>\n<p style=\"text-align: justify;\">Prof. Dr. Mehmet Ayd\u0131n&#8217; \u0131n Konya&#8217;daki evinde de arama yap\u0131ld\u0131. Ayd\u0131n, \u00e7e\u015fitli kentlerde misyonerlik ile ilgili d\u00fczenlenen panellere kat\u0131lm\u0131\u015ft\u0131.<\/p>\n<p style=\"text-align: justify;\"><strong>MALATYA:<\/strong><\/p>\n<p style=\"text-align: justify;\">\u0130n\u00f6n\u00fc \u00dcniversitesi Fen-Edebiyat Fak\u00fcltesi Tarih B\u00f6l\u00fcm Ba\u015fkan\u0131 Prof. Dr. Salim C\u00f6hce\u2019nin ev ve ofisinde de aramalar\u0131n yap\u0131ld\u0131\u011f\u0131 \u00f6\u011frenildi.<\/p>\n<p style=\"text-align: justify;\">Bu arada Tarih B\u00f6l\u00fcm Ba\u015fkan\u0131 Prof.Dr. Salim C\u00f6hce\u2019nin ders s\u0131ras\u0131nda Alevilere ve K\u00fcrtlere hakeret etti\u011fi gerek\u00e7esiyle hakk\u0131nda rekt\u00f6rl\u00fck\u00e7e soru\u015fturma a\u00e7\u0131ld\u0131\u011f\u0131 bildirilirken, ge\u00e7ti\u011fimiz g\u00fcnlerde BDP Milletvekili S\u0131rr\u0131 Sak\u0131k da Meclis&#8217;te Milli E\u011fitim Bakan\u0131 Nimet \u00c7ucuk\u00e7u\u2019nun yan\u0131tlamas\u0131 i\u00e7in soru \u00f6nergesi vererek, \u201c\u0130n\u00f6n\u00fc \u00dcniversitesi Tarih B\u00f6l\u00fcm Ba\u015fkan\u0131 Dr. Salim C\u00f6hce sene ba\u015f\u0131nda yapt\u0131\u011f\u0131 konu\u015fmalar\u0131nda partimiz milletvekillerine ve K\u00fcrt ve Alevi \u00f6\u011frencilere y\u00f6nelik hakaret i\u00e7eren fa\u015fizan ifadelerde bulunmu\u015ftur&#8221; demi\u015fti.<\/p>\n<p style=\"text-align: justify;\">Zirve Yay\u0131nevi&#8217;ne y\u00f6nelik ilk d\u00fczenlenen ilk Ergenekon dalgas\u0131nda 9 ki\u015fi g\u00f6zalt\u0131na al\u0131nm\u0131\u015f, bu ki\u015filerden 7&#8217;si tutuklanm\u0131\u015ft\u0131.<\/p>\n<p style=\"text-align: justify;\"><a href=\"http:\/\/www.cnnturk.com\/2011\/turkiye\/03\/30\/ergenekonda.son.dalga.ilahiyatcilari.vurdu\/611562.0\/index.html\" target=\"_blank\">CNN T\u00dcRK<\/a><\/p>\n","protected":false},"excerpt":{"rendered":"<p style=\"text-align: justify;\">\n<p style=\"text-align: justify;\">Ergenekon Zirve Yay\u0131nevi soru\u015fturmas\u0131 kapsam\u0131nda 7 ilde arama yap\u0131l\u0131yor. Evi arananlar aras\u0131nda \u0130stanbul&#8217;da \u0130lahiyat\u00e7\u0131 Prof. Dr. Zekeriya Beyaz, Ankara&#8217;da \u0130lahiyat\u00e7\u0131 Prof. Dr. Abdurrahman K\u00fc\u00e7\u00fck ile Antalya&#8217;da Prof. Dr. \u015eahin Filiz de var. T\u00fcrkiye Dinler Tarihi Derne\u011fi&#8217;nde de arama yap\u0131ld\u0131\u011f\u0131 belirtiliyor. \u0130stanbul Valisi H\u00fcseyin Avni Mutlu, yap\u0131lan \u00e7al\u0131\u015fmalar\u0131n arama mahiyetinde oldu\u011funu <\/p>\n","protected":false},"author":1,"featured_media":0,"comment_status":"open","ping_status":"closed","sticky":false,"template":"","format":"standard","meta":{"footnotes":""},"categories":[105],"tags":[],"class_list":["post-29954","post","type-post","status-publish","format-standard","hentry","category-gundem","odd"],"_links":{"self":[{"href":"http:\/\/www.korhanyilmaz.com\/index.php?rest_route=\/wp\/v2\/posts\/29954","targetHints":{"allow":["GET"]}}],"collection":[{"href":"http:\/\/www.korhanyilmaz.com\/index.php?rest_route=\/wp\/v2\/posts"}],"about":[{"href":"http:\/\/www.korhanyilmaz.com\/index.php?rest_route=\/wp\/v2\/types\/post"}],"author":[{"embeddable":true,"href":"http:\/\/www.korhanyilmaz.com\/index.php?rest_route=\/wp\/v2\/users\/1"}],"replies":[{"embeddable":true,"href":"http:\/\/www.korhanyilmaz.com\/index.php?rest_route=%2Fwp%2Fv2%2Fcomments&post=29954"}],"version-history":[{"count":0,"href":"http:\/\/www.korhanyilmaz.com\/index.php?rest_route=\/wp\/v2\/posts\/29954\/revisions"}],"wp:attachment":[{"href":"http:\/\/www.korhanyilmaz.com\/index.php?rest_route=%2Fwp%2Fv2%2Fmedia&parent=29954"}],"wp:term":[{"taxonomy":"category","embeddable":true,"href":"http:\/\/www.korhanyilmaz.com\/index.php?rest_route=%2Fwp%2Fv2%2Fcategories&post=29954"},{"taxonomy":"post_tag","embeddable":true,"href":"http:\/\/www.korhanyilmaz.com\/index.php?rest_route=%2Fwp%2Fv2%2Ftags&post=29954"}],"curies":[{"name":"wp","href":"https:\/\/api.w.org\/{rel}","templated":true}]}}