{"id":29928,"date":"2011-03-29T20:05:10","date_gmt":"2011-03-29T17:05:10","guid":{"rendered":"http:\/\/www.korhanyilmaz.com\/?p=29928"},"modified":"2011-03-29T20:05:10","modified_gmt":"2011-03-29T17:05:10","slug":"gulenli-kapak","status":"publish","type":"post","link":"http:\/\/www.korhanyilmaz.com\/?p=29928","title":{"rendered":"&#8216;G\u00fclen&#8217;li kapak"},"content":{"rendered":"<p style=\"text-align: justify;\"><a href=\"http:\/\/www.korhanyilmaz.com\/wp-content\/uploads\/2011\/03\/3541.jpg\"  class=\"lightview\"><img loading=\"lazy\" decoding=\"async\" class=\"size-full wp-image-29935 aligncenter\" src=\"http:\/\/www.korhanyilmaz.com\/wp-content\/uploads\/2011\/03\/3541.jpg\" alt=\"\" width=\"193\" height=\"102\" \/><\/a><\/p>\n<p style=\"text-align: justify;\">G\u0131rg\u0131r, \u0130mam\u0131n Ordusu kitab\u0131na yap\u0131lan bask\u0131nlar\u0131n ard\u0131ndan Fethullah G\u00fclen&#8217;i kapa\u011f\u0131na ta\u015f\u0131d\u0131.<\/p>\n<p style=\"text-align: justify;\">Haftal\u0131k mizah dergisi G\u0131rg\u0131r, Ahmet \u015e\u0131k&#8217;\u0131n \u0130mam\u0131n Ordusu kitab\u0131na yap\u0131lan bask\u0131nlar\u0131n ard\u0131ndan Fethullah G\u00fclen&#8217;i kapa\u011f\u0131na ta\u015f\u0131d\u0131.<!--more--><\/p>\n<p style=\"text-align: justify;\"><strong>\u0130\u015fte o kapak&#8230;<\/strong><\/p>\n<p><a href=\"http:\/\/www.korhanyilmaz.com\/wp-content\/uploads\/2011\/03\/3531.jpg\"  class=\"lightview\"><img loading=\"lazy\" decoding=\"async\" class=\"size-full wp-image-29929 aligncenter\" src=\"http:\/\/www.korhanyilmaz.com\/wp-content\/uploads\/2011\/03\/3531.jpg\" alt=\"\" width=\"487\" height=\"660\" \/><\/a><a href=\"http:\/\/haber.gazetevatan.com\/gulenli-kapak\/368035\/8\/Magazin\" target=\"_blank\">Kaynak : VATAN Gazetesi<\/a><\/p>\n","protected":false},"excerpt":{"rendered":"<p style=\"text-align: justify;\">\n<p style=\"text-align: justify;\">G\u0131rg\u0131r, \u0130mam\u0131n Ordusu kitab\u0131na yap\u0131lan bask\u0131nlar\u0131n ard\u0131ndan Fethullah G\u00fclen&#8217;i kapa\u011f\u0131na ta\u015f\u0131d\u0131.<\/p>\n<p style=\"text-align: justify;\">Haftal\u0131k mizah dergisi G\u0131rg\u0131r, Ahmet \u015e\u0131k&#8217;\u0131n \u0130mam\u0131n Ordusu kitab\u0131na yap\u0131lan bask\u0131nlar\u0131n ard\u0131ndan Fethullah G\u00fclen&#8217;i kapa\u011f\u0131na ta\u015f\u0131d\u0131.<\/p>\n","protected":false},"author":1,"featured_media":0,"comment_status":"open","ping_status":"closed","sticky":false,"template":"","format":"standard","meta":{"footnotes":""},"categories":[105],"tags":[],"class_list":["post-29928","post","type-post","status-publish","format-standard","hentry","category-gundem","odd"],"_links":{"self":[{"href":"http:\/\/www.korhanyilmaz.com\/index.php?rest_route=\/wp\/v2\/posts\/29928","targetHints":{"allow":["GET"]}}],"collection":[{"href":"http:\/\/www.korhanyilmaz.com\/index.php?rest_route=\/wp\/v2\/posts"}],"about":[{"href":"http:\/\/www.korhanyilmaz.com\/index.php?rest_route=\/wp\/v2\/types\/post"}],"author":[{"embeddable":true,"href":"http:\/\/www.korhanyilmaz.com\/index.php?rest_route=\/wp\/v2\/users\/1"}],"replies":[{"embeddable":true,"href":"http:\/\/www.korhanyilmaz.com\/index.php?rest_route=%2Fwp%2Fv2%2Fcomments&post=29928"}],"version-history":[{"count":0,"href":"http:\/\/www.korhanyilmaz.com\/index.php?rest_route=\/wp\/v2\/posts\/29928\/revisions"}],"wp:attachment":[{"href":"http:\/\/www.korhanyilmaz.com\/index.php?rest_route=%2Fwp%2Fv2%2Fmedia&parent=29928"}],"wp:term":[{"taxonomy":"category","embeddable":true,"href":"http:\/\/www.korhanyilmaz.com\/index.php?rest_route=%2Fwp%2Fv2%2Fcategories&post=29928"},{"taxonomy":"post_tag","embeddable":true,"href":"http:\/\/www.korhanyilmaz.com\/index.php?rest_route=%2Fwp%2Fv2%2Ftags&post=29928"}],"curies":[{"name":"wp","href":"https:\/\/api.w.org\/{rel}","templated":true}]}}