{"id":29916,"date":"2011-03-29T13:57:31","date_gmt":"2011-03-29T10:57:31","guid":{"rendered":"http:\/\/www.korhanyilmaz.com\/?p=29916"},"modified":"2011-03-29T13:57:31","modified_gmt":"2011-03-29T10:57:31","slug":"firati-oldururken-vahsette-sinir-tanimamislar","status":"publish","type":"post","link":"http:\/\/www.korhanyilmaz.com\/?p=29916","title":{"rendered":"F\u0131rat&#8217;\u0131 \u00f6ld\u00fcr\u00fcrken vah\u015fette s\u0131n\u0131r tan\u0131mam\u0131\u015flar"},"content":{"rendered":"<p style=\"text-align: center;\"><a href=\"http:\/\/www.korhanyilmaz.com\/wp-content\/uploads\/2011\/03\/3481.jpg\"  class=\"lightview\"><img loading=\"lazy\" decoding=\"async\" class=\"aligncenter size-full wp-image-29917\" src=\"http:\/\/www.korhanyilmaz.com\/wp-content\/uploads\/2011\/03\/3481.jpg\" alt=\"\" width=\"384\" height=\"254\" \/><\/a><\/p>\n<p style=\"text-align: justify;\">Sultangazi&#8217;de \u00f6ld\u00fcr\u00fcld\u00fckten sonra par\u00e7alar\u0131 soka\u011fa at\u0131lan 9 ya\u015f\u0131ndaki F\u0131rat sezer&#8217;in \u00fcvey annesi ve anneannesinin efadeleri deh\u015fet verici.<\/p>\n<p style=\"text-align: justify;\">\u0130STANBUL &#8211; Sultangazi\u2019de t\u00fcyler \u00fcrperten bir cinayete kurban giden 9 ya\u015f\u0131ndaki F\u0131rat Sezer cinayetinin g\u00f6zalt\u0131na al\u0131nan \u00fcvey annesi Ekatherina Ochkhikide ile \u00fcvey anneannesi Viyola Ochkhikide\u2019in polis taraf\u0131ndan yeminli terc\u00fcman arac\u0131l\u0131\u011f\u0131 ile ifadeleri al\u0131nd\u0131. <!--more--><\/p>\n<p style=\"text-align: justify;\">Ekatharina Ochkhikide 9 ya\u015f\u0131ndaki F\u0131rat Sezer\u2019i annesi \u0130yola Ochkhikide \u2019in \u00f6ld\u00fcrd\u00fc\u011f\u00fcn\u00fc s\u00f6ylerken &#8220;\u00c7ok yaramaz bir \u00e7ocuktu. Sorunlar\u0131 vard\u0131. Olay sabah\u0131 bize b\u0131\u00e7ak \u00e7ekti. O s\u0131rada ben d\u0131\u015far\u0131 ka\u00e7t\u0131m.&#8221; Dedi. \u00dcvey anneanne Viyola Ochkhikide ise &#8220;B\u0131\u00e7ak \u00e7ektikten sonra yata\u011f\u0131na yatm\u0131\u015ft\u0131. Mutfaktan ald\u0131\u011f\u0131m \u00e7eki\u00e7le ba\u015f\u0131na vurdum. Sonra banyoya g\u00f6t\u00fcrd\u00fcm. \u00d6lmedi\u011fini g\u00f6r\u00fcnce \u00f6nce b\u0131\u00e7aklad\u0131m. Sonra kestim.&#8221; dedi.<\/p>\n<p style=\"text-align: justify;\">Sultangazi il\u00e7esinde 66 ya\u015f\u0131ndaki \u0130yola O\u00e7hidrel\u2019in bebek arabas\u0131na koydu\u011fu ceset par\u00e7alar\u0131 ile yakalamas\u0131yla korkun\u00e7 cinayet ortaya \u00e7\u0131km\u0131\u015ft\u0131. T\u00fcrk\u00e7e bilmedi\u011fi i\u00e7in karakola g\u00f6t\u00fcr\u00fclerek rus\u00e7a bilen bir terc\u00fcman arac\u0131l\u0131\u011f\u0131 ile ifadesi al\u0131nan \u0130yola Ochkhikide\u2019in cesedin \u00fcvey torunu oldu\u011funu s\u00f6ylemesi \u00fczerine ba\u015flat\u0131lan soru\u015fturmada k\u0131z\u0131 Ekatherina Ochkhikide\u2019de g\u00f6zalt\u0131na al\u0131nm\u0131\u015ft\u0131. Polis zanl\u0131lar\u0131n evinde yapt\u0131\u011f\u0131 incelemede cesedin banyosunda bir b\u0131\u00e7ak yard\u0131m\u0131yla kesildi\u011fini zanl\u0131lar\u0131n cesedi par\u00e7alara ay\u0131rd\u0131ktan sonra evde temizlik yapt\u0131\u011f\u0131n\u0131n\u0131 belirlemi\u015fti. Polis eve gitti\u011finde yeni y\u0131kanan hal\u0131dan halen kan damlad\u0131\u011f\u0131n\u0131 fark etmi\u015fti.<\/p>\n<p style=\"text-align: justify;\">Cinayet B\u00fcro Amirli\u011fine getirilen \u00fcvey anne Ekatherina Ochkhikide ile anneanne Viyola \u2019in t\u00fcyler \u00fcrpertici cinayeti anlatt\u0131klar\u0131 belirtildi. Cinayet B\u00fcro Amirli\u011fine \u00e7a\u011f\u0131r\u0131lan yeminli terc\u00fcman ve avukat yard\u0131m\u0131yla ifade veren zanl\u0131lardan G\u00fcrcistan Teknik \u00dcnirvesitesi, Klasik M\u00fczik B\u00f6l\u00fcm\u00fc mezunu \u00fcvey anne Ekatherina Ochkhikide &#8220;2007 y\u0131l\u0131nda T\u00fcrkiye\u2019ye geldim. \u00c7ocuk bak\u0131c\u0131l\u0131\u011f\u0131 ve lokantalarda \u00e7al\u0131\u015ft\u0131m. E\u015fimle\u2019de Zeytirburnu\u2019nda bir lokantada \u00e7al\u0131\u015f\u0131rken tan\u0131\u015ft\u0131m. Ben garsonluk o ise f\u0131r\u0131nc\u0131l\u0131k yap\u0131yordu. Bana ilk tan\u0131\u015ft\u0131\u011f\u0131m\u0131zda bo\u015fand\u0131\u011f\u0131n\u0131 ve bir k\u0131z\u0131 oldu\u011funu s\u00f6yledi. Birlikte ya\u015famaya \u00e7al\u0131\u015ft\u0131m. Daha sonradan o\u011flu oldu\u011funu \u00f6\u011frendim. Dedesinin yan\u0131nda kalan o\u011flunun yan\u0131m\u0131za gelmesine izin verdim. F\u0131rat sorunlu bir \u00e7o\u00e7uktu. Babas\u0131 ara s\u0131ra onu d\u00f6v\u00fcyordu. 2009 y\u0131l\u0131nda kendi o\u011flumuz Talha d\u00fcnyaya geldi. F\u0131rat s\u00fcrekli d\u0131\u015far\u0131 \u00e7\u0131kmak istiyordu. Biz onu d\u0131\u015far\u0131 salmad\u0131\u011f\u0131m\u0131zda aram\u0131zda tart\u0131\u015fmalar \u00e7\u0131k\u0131yordu. Bir s\u00fcredir sokaklarda peri\u015fan olmamas\u0131 i\u00e7in amcas\u0131n\u0131n yan\u0131daki f\u0131r\u0131nda \u00e7al\u0131\u015fmaya ba\u015flam\u0131\u015ft\u0131.&#8221; dedi.<\/p>\n<p style=\"text-align: justify;\"><strong>&#8220;ANNEM \u00d6LD\u00dcRD\u00dc&#8221; <\/strong><\/p>\n<p style=\"text-align: justify;\">Ecataranina Ochkhikide olay g\u00fcn\u00fcn\u00fc anlat\u0131rken &#8220;Olay g\u00fcn\u00fc annem sabah 07.00 de kalkt\u0131. Ben de 09.00 da kalkt\u0131m. Kalk\u0131nca \u00e7ocu\u011fumu bakmas\u0131 i\u00e7in anneme verdim. Bu s\u0131rada F\u0131rat uyand\u0131. Banyoya girdikten sonra elbiselerini giydi. Ona eski ve pis elbiselerle d\u0131\u015far\u0131 \u00e7\u0131kmamas\u0131n\u0131 s\u00f6yledim. O da bana kar\u0131\u015fmamam gerekti\u011fini s\u00f6yledi. Tart\u0131\u015fman\u0131n ard\u0131ndan yar\u0131 \u00e7\u0131plak vaziyette d\u0131\u015far\u0131 \u00e7\u0131kmaya \u00e7al\u0131\u015ft\u0131. Ben yine izin vermeyince mutfaktan b\u0131\u00e7a\u011f\u0131 ald\u0131. Annemin \u00fczerine y\u00fcr\u00fcd\u00fc. Ben \u00e7ocu\u011fumu alarak d\u0131\u015far\u0131 \u00e7\u0131kt\u0131m. 45 dakika sonra geri d\u00f6nd\u00fc\u011f\u00fcmde bebek arabas\u0131 kap\u0131dayd\u0131. \u0130\u00e7inde ceset oldu\u011funu anlad\u0131m. Annem bana evi temizlememi s\u00f6yleyerek evden ayr\u0131ld\u0131.&#8221; dedi.<\/p>\n<p style=\"text-align: justify;\"><strong>&#8220;\u00d6NCE \u00c7EK\u0130\u00c7LE VURDUM \u00d6LMEY\u0130NCE BI\u00c7AKLADIM&#8221; <\/strong><\/p>\n<p style=\"text-align: justify;\">\u00d6te yandan anneanne Viyola Ochkhikide poliste verdi\u011fi ifadesinde cinayeti i\u015fledi\u011fini kabul ederken &#8220;T\u00fcrkiye\u2019ye ilk defa k\u0131z\u0131m\u0131 ziyarete 2007 y\u0131l\u0131nda geldim. Daha sonra G\u00fcrcistan\u2019daki evimi satarak k\u0131z\u0131mla damad\u0131m\u0131n oturmas\u0131 i\u00e7in onlara bir ev ald\u0131m. Babas\u0131n\u0131n \u015f\u0131martmas\u0131 y\u00fcz\u00fcnden F\u0131rat kontrol edilmez bir hal alm\u0131\u015ft\u0131. Bizi hi\u00e7 dinlemiyordu. Onu d\u0131\u015far\u0131 b\u0131rakmad\u0131\u011f\u0131m\u0131zda cama \u00e7\u0131karak \u00e7\u0131\u011fl\u0131k at\u0131yordu. Olay g\u00fcn\u00fc elinde b\u0131\u00e7akla \u00fczerimize y\u00fcr\u00fcyerek evdeki di\u011fer \u00e7ocuklar\u0131 kesece\u011fini s\u00f6yledi. Daha \u00f6ncede b\u00f6yle tehditleri vard\u0131 ancak hi\u00e7 b\u0131\u00e7ak \u00e7ekmemi\u015fti. \u00c7ocuklara bir \u015fey olacak diye hemen f\u0131rlad\u0131m. Sonra b\u0131\u00e7a\u011f\u0131 b\u0131rak\u0131p yata\u011f\u0131na yatt\u0131. Kendi kendime sen beni \u00f6ld\u00fcrece\u011fini ben seni \u00f6ld\u00fcreyim diyerek mutfa\u011fa gittim. Mutfaktan \u00e7eki\u00e7i alarak yata\u011f\u0131nda yatan F\u0131rat\u2019\u0131n ba\u015f\u0131na vurmaya ba\u015flad\u0131m. A\u011fz\u0131ndan burnundan kan gelmeye ba\u015flad\u0131. Onu ku\u00e7aklayarak banyoya g\u00f6t\u00fcrd\u00fcm. \u00d6lmedi\u011fini anlay\u0131nca birka\u00e7 kez b\u0131\u00e7aklad\u0131m. Daha sonra cesedi par\u00e7alara ay\u0131rarak bebek arabas\u0131na yerle\u015ftirdim. K\u0131z\u0131ma evi temizlemesini s\u00f6yleyerek par\u00e7alar\u0131 \u00e7\u00f6pe atmak \u00fczere evden ayr\u0131ld\u0131m.&#8221; dedi.<\/p>\n<p style=\"text-align: justify;\"><a href=\"http:\/\/www.radikal.com.tr\/Radikal.aspx?aType=RadikalDetayV3&amp;ArticleID=1044500&amp;Date=29.03.2011&amp;CategoryID=77\" target=\"_blank\"><span style=\"color: #888888;\">Kaynak : Radikal<\/span><\/a><\/p>\n","protected":false},"excerpt":{"rendered":"<p style=\"text-align: center;\">\n<p style=\"text-align: justify;\">Sultangazi&#8217;de \u00f6ld\u00fcr\u00fcld\u00fckten sonra par\u00e7alar\u0131 soka\u011fa at\u0131lan 9 ya\u015f\u0131ndaki F\u0131rat sezer&#8217;in \u00fcvey annesi ve anneannesinin efadeleri deh\u015fet verici.<\/p>\n<p style=\"text-align: justify;\">\u0130STANBUL &#8211; Sultangazi\u2019de t\u00fcyler \u00fcrperten bir cinayete kurban giden 9 ya\u015f\u0131ndaki F\u0131rat Sezer cinayetinin g\u00f6zalt\u0131na al\u0131nan \u00fcvey annesi Ekatherina Ochkhikide ile \u00fcvey anneannesi Viyola Ochkhikide\u2019in polis taraf\u0131ndan yeminli terc\u00fcman arac\u0131l\u0131\u011f\u0131 ile <\/p>\n","protected":false},"author":1,"featured_media":0,"comment_status":"open","ping_status":"closed","sticky":false,"template":"","format":"standard","meta":{"footnotes":""},"categories":[105],"tags":[],"class_list":["post-29916","post","type-post","status-publish","format-standard","hentry","category-gundem","odd"],"_links":{"self":[{"href":"http:\/\/www.korhanyilmaz.com\/index.php?rest_route=\/wp\/v2\/posts\/29916","targetHints":{"allow":["GET"]}}],"collection":[{"href":"http:\/\/www.korhanyilmaz.com\/index.php?rest_route=\/wp\/v2\/posts"}],"about":[{"href":"http:\/\/www.korhanyilmaz.com\/index.php?rest_route=\/wp\/v2\/types\/post"}],"author":[{"embeddable":true,"href":"http:\/\/www.korhanyilmaz.com\/index.php?rest_route=\/wp\/v2\/users\/1"}],"replies":[{"embeddable":true,"href":"http:\/\/www.korhanyilmaz.com\/index.php?rest_route=%2Fwp%2Fv2%2Fcomments&post=29916"}],"version-history":[{"count":0,"href":"http:\/\/www.korhanyilmaz.com\/index.php?rest_route=\/wp\/v2\/posts\/29916\/revisions"}],"wp:attachment":[{"href":"http:\/\/www.korhanyilmaz.com\/index.php?rest_route=%2Fwp%2Fv2%2Fmedia&parent=29916"}],"wp:term":[{"taxonomy":"category","embeddable":true,"href":"http:\/\/www.korhanyilmaz.com\/index.php?rest_route=%2Fwp%2Fv2%2Fcategories&post=29916"},{"taxonomy":"post_tag","embeddable":true,"href":"http:\/\/www.korhanyilmaz.com\/index.php?rest_route=%2Fwp%2Fv2%2Ftags&post=29916"}],"curies":[{"name":"wp","href":"https:\/\/api.w.org\/{rel}","templated":true}]}}