{"id":29913,"date":"2011-03-29T12:30:21","date_gmt":"2011-03-29T09:30:21","guid":{"rendered":"http:\/\/www.korhanyilmaz.com\/?p=29913"},"modified":"2011-03-29T12:30:21","modified_gmt":"2011-03-29T09:30:21","slug":"idam-cezasi-bir-kenarda-dursun-uygularsin-veya-uygulamazsin","status":"publish","type":"post","link":"http:\/\/www.korhanyilmaz.com\/?p=29913","title":{"rendered":"&#8216;\u0130dam cezas\u0131 bir kenarda dursun, uygulars\u0131n veya uygulamazs\u0131n&#8217;"},"content":{"rendered":"<p style=\"text-align: center;\"><a href=\"http:\/\/www.korhanyilmaz.com\/wp-content\/uploads\/2011\/03\/3471.jpg\"  class=\"lightview\"><img loading=\"lazy\" decoding=\"async\" class=\"aligncenter size-full wp-image-29914\" src=\"http:\/\/www.korhanyilmaz.com\/wp-content\/uploads\/2011\/03\/3471.jpg\" alt=\"\" width=\"384\" height=\"254\" \/><\/a><\/p>\n<p style=\"text-align: justify;\">TBMM Anayasa Komisyonu Ba\u015fkan\u0131 Burhan Kuzu, idam cezas\u0131n\u0131n yasalarda olmas\u0131 gerekti\u011fini her zaman savundu\u011funu belirterek, &#8220;Bir kenarda durur, uygulars\u0131n veya uygulamazs\u0131n. Toplumsal tatmin bazen gerektiriyor&#8221; dedi.<!--more--><\/p>\n<p style=\"text-align: justify;\">TBMM &#8211; Komisyon toplant\u0131s\u0131 \u00f6ncesinde gazetecilerle sohbet eden Kuzu, Kayseri&#8217;de kaybolan \u00e7ocuklar\u0131n ve \u0130stanbul&#8217;da bir \u00e7ocu\u011fun \u00f6ld\u00fcr\u00fclmesinin kamu vicdan\u0131nda rahats\u0131zl\u0131k yaratt\u0131\u011f\u0131 ifade edilerek, \u201ctoplumda \u00e7ocuklar\u0131 \u00f6ld\u00fcren ki\u015filerin af ya da ba\u015fka \u015fekilde d\u0131\u015far\u0131ya \u00e7\u0131kabilece\u011fi d\u00fc\u015f\u00fcncesinin oldu\u011fu, bunun ard\u0131ndan idam cezas\u0131yla ilgili tart\u0131\u015fmalar\u0131n geldi\u011finin\u201d belirtilmesi \u00fczerine, yasalarda idam cezas\u0131n\u0131n olmas\u0131n\u0131 her zaman savundu\u011funu s\u00f6yledi.<\/p>\n<p style=\"text-align: justify;\">Kuzu, \u201cZaman zaman bu insanlar\u0131n idam edilmesi gerekti\u011fi sizin i\u00e7inizden de ge\u00e7ti mi?\u201d sorusuna kar\u015f\u0131l\u0131k, \u015f\u00f6yle konu\u015ftu:<\/p>\n<p style=\"text-align: justify;\">\u201cBunlar bir kenarda durur ama uygulars\u0131n ama uygulamazs\u0131n. O ba\u015fka bir \u015fey. \u00c7ok s\u0131n\u0131rl\u0131 da olsa&#8230; Ama AB s\u00fcrecinde s\u0131n\u0131r\u0131 da kabul etmiyor. Dolay\u0131s\u0131yla T\u00fcrkiye Birlik i\u00e7inde olmak istiyorsa, bu yoldan ge\u00e7mek durumunda. \u015eahsi kanaatimi sorarsan\u0131z, idam cezas\u0131n\u0131n olmas\u0131n\u0131 her zaman savundum. \u0130dam edilmeyi savunmad\u0131m, o ba\u015fka bir \u015fey. Ama bir kenarda dursun diye her zaman s\u00f6yledim. Hukuk\u00e7u olarak verdi\u011fim beyanat tonlarca, yazd\u0131\u011f\u0131m yaz\u0131lar \u00e7ok say\u0131da bu konuda. Ama benim \u015fahsi kanaatimle olan bir \u015fey de\u011fil. Toplumsal tatmin bazen gerektiriyor. Ama yayg\u0131n uygulamas\u0131 do\u011fru olmaz. \u00c7ok dikkatli, \u00e7ok hassas bir konu. Yeniden gelme \u015fans\u0131 yok.\u201d<\/p>\n<p style=\"text-align: justify;\">Kuzu, AK Parti d\u00f6neminde af yasas\u0131 \u00e7\u0131kmayaca\u011f\u0131n\u0131 savunarak, \u201cBizim d\u00f6nemimizde af \u00e7\u0131kmaz. Bu d\u00f6nem, ba\u015fka d\u00f6nem. AK Parti oldu\u011fu s\u00fcrece af \u00e7\u0131kmaz\u201d dedi.<\/p>\n<p style=\"text-align: justify;\"><strong>\u201cDEL\u0130L OLARAK BAKARSANIZ&#8230;\u201d<\/strong><\/p>\n<p style=\"text-align: justify;\">Kuzu, \u201cGazeteci Ahmet \u015e\u0131k&#8217;\u0131n roman\u0131na ili\u015fkin y\u00fcr\u00fct\u00fclen s\u00fcre\u00e7le ilgili ele\u015ftiriler var. D\u00fc\u015f\u00fcnce ne kadar radikal olsa da ifade \u00f6zg\u00fcrl\u00fc\u011f\u00fc \u00e7er\u00e7evesinde de\u011ferlendirilmesi gerekti\u011fi s\u00f6yleniyor\u201d denilmesi \u00fczerine, \u201cBen o konuda hi\u00e7bir \u015fey s\u00f6ylemem. \u00c7\u00fcnk\u00fc dosyay\u0131 bilmiyorum. Dosya hakk\u0131nda hi\u00e7bir bilgim yok\u201d dedi.<\/p>\n<p style=\"text-align: justify;\">Bir gazetecinin \u201cYay\u0131nlanmam\u0131\u015f bir kitap&#8230;\u201d demesi \u00fczerine Kuzu, \u201cYay\u0131nlanm\u0131\u015f, yay\u0131nlanmam\u0131\u015f meselesi de\u011fil. Bu eldeki su\u00e7 \u00f6rg\u00fct\u00fcyle ne kadar ba\u011f\u0131 var, ona bakmak laz\u0131m. Konuya kitap olarak bakarsan\u0131z, hakl\u0131s\u0131n\u0131z. Ama kitap olarak bakmay\u0131p da bir delil olarak bakarsan\u0131z, farkl\u0131 noktaya var\u0131rs\u0131n\u0131z. O y\u00fczden bilmedi\u011fim i\u00e7in, dosyay\u0131 g\u00f6rmeden bir \u015fey diyemeyece\u011fiz\u201d diye konu\u015ftu.<\/p>\n<p style=\"text-align: justify;\"><a href=\"http:\/\/www.radikal.com.tr\/Radikal.aspx?aType=RadikalDetayV3&amp;ArticleID=1044493&amp;Date=29.03.2011&amp;CategoryID=78\" target=\"_blank\">Kaynak : Radikal<\/a><\/p>\n","protected":false},"excerpt":{"rendered":"<p style=\"text-align: center;\">\n<p style=\"text-align: justify;\">TBMM Anayasa Komisyonu Ba\u015fkan\u0131 Burhan Kuzu, idam cezas\u0131n\u0131n yasalarda olmas\u0131 gerekti\u011fini her zaman savundu\u011funu belirterek, &#8220;Bir kenarda durur, uygulars\u0131n veya uygulamazs\u0131n. Toplumsal tatmin bazen gerektiriyor&#8221; dedi.<\/p>\n","protected":false},"author":1,"featured_media":0,"comment_status":"open","ping_status":"closed","sticky":false,"template":"","format":"standard","meta":{"footnotes":""},"categories":[105],"tags":[],"class_list":["post-29913","post","type-post","status-publish","format-standard","hentry","category-gundem","odd"],"_links":{"self":[{"href":"http:\/\/www.korhanyilmaz.com\/index.php?rest_route=\/wp\/v2\/posts\/29913","targetHints":{"allow":["GET"]}}],"collection":[{"href":"http:\/\/www.korhanyilmaz.com\/index.php?rest_route=\/wp\/v2\/posts"}],"about":[{"href":"http:\/\/www.korhanyilmaz.com\/index.php?rest_route=\/wp\/v2\/types\/post"}],"author":[{"embeddable":true,"href":"http:\/\/www.korhanyilmaz.com\/index.php?rest_route=\/wp\/v2\/users\/1"}],"replies":[{"embeddable":true,"href":"http:\/\/www.korhanyilmaz.com\/index.php?rest_route=%2Fwp%2Fv2%2Fcomments&post=29913"}],"version-history":[{"count":0,"href":"http:\/\/www.korhanyilmaz.com\/index.php?rest_route=\/wp\/v2\/posts\/29913\/revisions"}],"wp:attachment":[{"href":"http:\/\/www.korhanyilmaz.com\/index.php?rest_route=%2Fwp%2Fv2%2Fmedia&parent=29913"}],"wp:term":[{"taxonomy":"category","embeddable":true,"href":"http:\/\/www.korhanyilmaz.com\/index.php?rest_route=%2Fwp%2Fv2%2Fcategories&post=29913"},{"taxonomy":"post_tag","embeddable":true,"href":"http:\/\/www.korhanyilmaz.com\/index.php?rest_route=%2Fwp%2Fv2%2Ftags&post=29913"}],"curies":[{"name":"wp","href":"https:\/\/api.w.org\/{rel}","templated":true}]}}