{"id":29906,"date":"2011-03-29T11:47:29","date_gmt":"2011-03-29T08:47:29","guid":{"rendered":"http:\/\/www.korhanyilmaz.com\/?p=29906"},"modified":"2011-03-29T11:47:29","modified_gmt":"2011-03-29T08:47:29","slug":"cakma-kaderin-liderlere-fotomontaj-oyunu","status":"publish","type":"post","link":"http:\/\/www.korhanyilmaz.com\/?p=29906","title":{"rendered":"\u00c7akma &#8216;KADER&#8217;in liderlere fotomontaj oyunu"},"content":{"rendered":"<p style=\"text-align: justify;\"><a href=\"http:\/\/www.korhanyilmaz.com\/wp-content\/uploads\/2011\/03\/3461.jpg\"  class=\"lightview\"><img loading=\"lazy\" decoding=\"async\" class=\"aligncenter size-full wp-image-29907\" src=\"http:\/\/www.korhanyilmaz.com\/wp-content\/uploads\/2011\/03\/3461.jpg\" alt=\"\" width=\"384\" height=\"254\" \/><\/a><\/p>\n<p style=\"text-align: justify;\">KA-DER&#8217;in \u00f6n\u00fcm\u00fczdeki genel se\u00e7imlerde daha fazla kad\u0131n milletvekilinin TBMM&#8217;ye girmesi i\u00e7in kamuoyu yaratmak amac\u0131yla ba\u015flatt\u0131\u011f\u0131 &#8216;275 Kad\u0131n&#8217; kampanyas\u0131nda, parti liderlerinin kad\u0131n olarak g\u00f6sterildi\u011fi fotomontajlar internette dola\u015f\u0131yor.<!--more--><\/p>\n\n<p style=\"text-align: justify;\">\u0130STANBUL &#8211; \u0130nternette afi\u015f olarak belirtilen fotomontaj g\u00f6r\u00fcnt\u00fclerde Ba\u015fbakan Tayyip Erdo\u011fan i\u00e7in &#8216;Ya kad\u0131n olsayd\u0131n Tayyip Bey, misafir a\u011f\u0131rlayacakt\u0131n, siyaset yerine b\u00f6rek yapacakt\u0131n&#8221;; CHP Genel Ba\u015fkan\u0131 Kemal K\u0131l\u0131\u00e7daro\u011flu i\u00e7in &#8216;Ya kad\u0131n olsayd\u0131n Kemal bey, \u00e7ocuk bakacakt\u0131n muhalefet yerine mama yapacakt\u0131n&#8221;;  MHP Genel Ba\u015fkan\u0131 Devlet Bah\u00e7eli i\u00e7in de &#8216;Ya kad\u0131n olsayd\u0131n Devlet Bey \u00f6rg\u00fc \u00f6recektin Meclis&#8217;i r\u00fcyanda g\u00f6recektin&#8217; yaz\u0131s\u0131n\u0131 dikkat \u00e7ekiyor.<\/p>\n<p style=\"text-align: justify;\"><strong>KADER: B\u0130ZE A\u0130T DE\u011e\u0130L <\/strong><\/p>\n<p style=\"text-align: justify;\">Ancak KADER Genel Ba\u015fkan\u0131 \u00c7i\u011fdem Ayd\u0131n, internette dola\u015fan bu fotomontaj afi\u015flerin kendi kampanyalar\u0131na ait olmad\u0131\u011f\u0131n\u0131 belirtti. (dha)<\/p>\n<p style=\"text-align: justify;\"><a href=\"http:\/\/www.radikal.com.tr\/Radikal.aspx?aType=RadikalDetayV3&amp;ArticleID=1044488&amp;Date=29.03.2011&amp;CategoryID=78\" target=\"_blank\">Kaynak : Radikal<\/a><\/p>\n","protected":false},"excerpt":{"rendered":"<p style=\"text-align: justify;\">\n<p style=\"text-align: justify;\">KA-DER&#8217;in \u00f6n\u00fcm\u00fczdeki genel se\u00e7imlerde daha fazla kad\u0131n milletvekilinin TBMM&#8217;ye girmesi i\u00e7in kamuoyu yaratmak amac\u0131yla ba\u015flatt\u0131\u011f\u0131 &#8216;275 Kad\u0131n&#8217; kampanyas\u0131nda, parti liderlerinin kad\u0131n olarak g\u00f6sterildi\u011fi fotomontajlar internette dola\u015f\u0131yor.<\/p>\n","protected":false},"author":1,"featured_media":0,"comment_status":"open","ping_status":"closed","sticky":false,"template":"","format":"standard","meta":{"footnotes":""},"categories":[105],"tags":[],"class_list":["post-29906","post","type-post","status-publish","format-standard","hentry","category-gundem","odd"],"_links":{"self":[{"href":"http:\/\/www.korhanyilmaz.com\/index.php?rest_route=\/wp\/v2\/posts\/29906","targetHints":{"allow":["GET"]}}],"collection":[{"href":"http:\/\/www.korhanyilmaz.com\/index.php?rest_route=\/wp\/v2\/posts"}],"about":[{"href":"http:\/\/www.korhanyilmaz.com\/index.php?rest_route=\/wp\/v2\/types\/post"}],"author":[{"embeddable":true,"href":"http:\/\/www.korhanyilmaz.com\/index.php?rest_route=\/wp\/v2\/users\/1"}],"replies":[{"embeddable":true,"href":"http:\/\/www.korhanyilmaz.com\/index.php?rest_route=%2Fwp%2Fv2%2Fcomments&post=29906"}],"version-history":[{"count":0,"href":"http:\/\/www.korhanyilmaz.com\/index.php?rest_route=\/wp\/v2\/posts\/29906\/revisions"}],"wp:attachment":[{"href":"http:\/\/www.korhanyilmaz.com\/index.php?rest_route=%2Fwp%2Fv2%2Fmedia&parent=29906"}],"wp:term":[{"taxonomy":"category","embeddable":true,"href":"http:\/\/www.korhanyilmaz.com\/index.php?rest_route=%2Fwp%2Fv2%2Fcategories&post=29906"},{"taxonomy":"post_tag","embeddable":true,"href":"http:\/\/www.korhanyilmaz.com\/index.php?rest_route=%2Fwp%2Fv2%2Ftags&post=29906"}],"curies":[{"name":"wp","href":"https:\/\/api.w.org\/{rel}","templated":true}]}}