{"id":29902,"date":"2011-03-29T11:12:33","date_gmt":"2011-03-29T08:12:33","guid":{"rendered":"http:\/\/www.korhanyilmaz.com\/?p=29902"},"modified":"2011-03-29T11:12:33","modified_gmt":"2011-03-29T08:12:33","slug":"bir-gunde-profesor-oldular","status":"publish","type":"post","link":"http:\/\/www.korhanyilmaz.com\/?p=29902","title":{"rendered":"Bir g\u00fcnde profes\u00f6r oldular!"},"content":{"rendered":"<p style=\"text-align: justify;\"><a href=\"http:\/\/www.korhanyilmaz.com\/wp-content\/uploads\/2011\/03\/3421.jpg\"  class=\"lightview\"><img loading=\"lazy\" decoding=\"async\" class=\"aligncenter size-full wp-image-29903\" src=\"http:\/\/www.korhanyilmaz.com\/wp-content\/uploads\/2011\/03\/3421.jpg\" alt=\"\" width=\"320\" height=\"100\" \/><\/a><\/p>\n<p style=\"text-align: justify;\">Do\u00e7entlikte be\u015f y\u0131l\u0131n\u0131 dolduran 50 hoca yeni kurulan \u00fcniversitelere atan\u0131p bir g\u00fcnde Profes\u00f6r oldu. Yeni kurumlar\u0131nda bir saat bile ders vermeden eski \u00fcniversitelerine geri d\u00f6nd\u00fcler. Ayn\u0131 anda bir \u00fcniversitede Prof., ba\u015fka bir hastanede ba\u015fhekim olanlar var.<!--more--><\/p>\n<p style=\"text-align: justify;\">T\u0131p d\u00fcnyas\u0131 do\u00e7entlikte be\u015f y\u0131l\u0131n\u0131 tamamlayan ve yeni kurulan \u00fcniversitelerden profes\u00f6rl\u00fck kadrosuna atananlar\u0131 tart\u0131\u015f\u0131yor. Ankara Tabip Odas\u0131 (ATO) ile Sa\u011fl\u0131k ve Sosyal Hizmet Emek\u00e7ileri Sendikas\u0131 (SES), dedektif gibi iz s\u00fcrerek, profes\u00f6rl\u00fck kadrosunu ald\u0131klar\u0131 \u00fcniversitelerin kap\u0131s\u0131na dahi u\u011framayan veya ayda sadece birka\u00e7 kez giden isimlerin pe\u015fine d\u00fc\u015ft\u00fc ve 50 ki\u015filik bir liste olu\u015fturdu.<\/p>\n<p style=\"text-align: justify;\">Ak\u015fam gazetesinden Dilek Gedik&#8217;in haberine g\u00f6re, listede, ayn\u0131 anda bir \u00fcniversitede profes\u00f6r, ba\u015fka bir hastanede ba\u015fhekim, iki e\u011fitim ara\u015ft\u0131rma hastanesinde de klinik \u015fefi olarak \u00e7al\u0131\u015fan hekimler de var. Y\u00d6K Kanunu&#8217;na g\u00f6re bir \u00fcniversitenin kadrosunda profes\u00f6r olarak atananlar\u0131n, o \u00fcniversitede en az iki y\u0131l fiili hizmet vermesi gerekiyor.<\/p>\n<p style=\"text-align: justify;\">\u00d6te yandan bu durum, akademik d\u00fcnyada kanayan \u00e7ok ciddi bir ba\u015fka yaray\u0131 daha ortaya koydu. Y\u0131llarca do\u00e7ent olarak g\u00f6rev yapan bir \u00e7ok akademisyen, hak etti\u011fi halde yaln\u0131zca kadro mevcut olmad\u0131\u011f\u0131 ve a\u00e7\u0131lmad\u0131\u011f\u0131 i\u00e7in profes\u00f6r olamamaktan dolay\u0131 hayli s\u0131k\u0131nt\u0131l\u0131.<\/p>\n<p style=\"text-align: justify;\"><strong>50 HEK\u0130ML\u0130K L\u0130STE <\/strong><\/p>\n<p style=\"text-align: justify;\">ATO ile SES, &#8216;u\u00e7an profes\u00f6rler&#8217; olarak adland\u0131rd\u0131klar\u0131 hekimlerin tespiti i\u00e7in adeta dedektif gibi bir \u00e7al\u0131\u015fma y\u00fcr\u00fctt\u00fc.<\/p>\n<p style=\"text-align: justify;\">&#8216;H\u00fclle&#8217; diye yorumlad\u0131klar\u0131 bu y\u00f6ntemle prof. olan isimleri ara\u015ft\u0131ran ATO ve SES, \u00f6nce Y\u00d6K&#8217;e ve Sa\u011fl\u0131k Bakanl\u0131\u011f\u0131&#8217;na ba\u015fvurarak Bilgi Edinme Kanunu \u00e7er\u00e7evesinde isim istedi. Her iki kurumdan da olumsuz yan\u0131t alan ATO ve SES, kendi imkanlar\u0131yla ara\u015ft\u0131rma yaparak &#8216;u\u00e7an profes\u00f6r&#8217; olarak tan\u0131mlad\u0131klar\u0131 50 ismi belirlemeyi ba\u015fard\u0131.<\/p>\n<p style=\"text-align: justify;\">ATO Ba\u015fkan\u0131 Dr. Bayaz\u0131t \u0130lhan olu\u015fturduklar\u0131 50 ki\u015filik listeyi \u015f\u00f6yle konu\u015ftu: &#8220;Bu y\u00f6ntemi kullanarak profes\u00f6r olup, hi\u00e7bir \u00fcniversitede bir saat bile ders vermeden rekt\u00f6rl\u00fc\u011fe getirilen var. Bu y\u00f6ntemle profes\u00f6r olan t\u0131p fak\u00fcltesi dekan\u0131, Sa\u011fl\u0131k Bakanl\u0131\u011f\u0131 Tedavi Hizmetleri Genel M\u00fcd\u00fcr\u00fc, \u0130ll Sa\u011fl\u0131k M\u00fcd\u00fcr\u00fc ve \u00e7ok say\u0131da e\u011fitim ve ara\u015ft\u0131rma hastanesi ba\u015fhekimi var. Ayn\u0131 ki\u015finin ayn\u0131 anda bir yerde profes\u00f6r, bir yerde ba\u015fhekim, iki farkl\u0131 e\u011fitim hastanesinde klinik \u015fefi oldu\u011fu bilinmektedir ki bunca \u00f6nemli, emek ve zaman isteyen g\u00f6revi tek ki\u015finin nas\u0131l yapt\u0131\u011f\u0131 hekimler aras\u0131nda merak konusudur.&#8221;<\/p>\n<p style=\"text-align: justify;\"><strong>HEM\u015e\u0130REL\u0130KTEN PROFES\u00d6R \u00dcROLOG <\/strong><\/p>\n<p style=\"text-align: justify;\">Haz\u0131rlad\u0131klar\u0131 listede \u00e7arp\u0131c\u0131 bir \u00e7ok \u00f6rnek bulundu\u011funu da belirten Dr. \u0130lhan, \u015funlar\u0131 s\u00f6yledi: &#8220;Hem\u015firelik y\u00fcksek okulundan profes\u00f6rl\u00fck alan genel cerrah ve \u00fcrolog mevcut. \u00d6rne\u011fin \u00fcrolog \u00c7etin Din\u00e7el. Sa\u011fl\u0131k y\u00fcksek okulundan profes\u00f6rl\u00fck alan genel cerrah, kad\u0131n do\u011fum ve kulak burun bo\u011faz hekimleri mevcut. \u00dcstelik hem devlet hem de vak\u0131f \u00fcniversitelerinin bu ama\u00e7la kullan\u0131ld\u0131\u011f\u0131 g\u00f6r\u00fcl\u00fcyor ki akademik y\u00fckseltmelerde ne derece s\u0131k\u0131nt\u0131l\u0131 bir durumda oldu\u011fumuzun a\u00e7\u0131k bir g\u00f6stergesi. Hekimler aras\u0131nda her t\u00fcrl\u00fc liyakat ve akademik kriterin dolamba\u00e7l\u0131 yollarla a\u015f\u0131nd\u0131r\u0131ld\u0131\u011f\u0131 d\u00fc\u015f\u00fcncesi maalesef ki \u00e7ok yayg\u0131n.&#8221;<\/p>\n<p style=\"text-align: justify;\"><strong>PROFES\u00d6R MAA\u015eI \u00dcN\u0130VERS\u0130TEDEN <\/strong><\/p>\n<p style=\"text-align: justify;\">Bu \u015fekilde atamas\u0131 yap\u0131lan hocalar, maa\u015flar\u0131n\u0131, profes\u00f6r kadrosuna dahil olduklar\u0131 \u00fcniversiteden al\u0131rken Sa\u011fl\u0131k Bakanl\u0131\u011f\u0131&#8217;na ba\u011fl\u0131 atand\u0131klar\u0131 devlet hastanelerin de d\u00f6ner sermaye gelirlerinden yararlan\u0131yorlar. Emekli olmalar\u0131 durumunda da maa\u015flar\u0131 kendilerine emekli profes\u00f6r maa\u015f\u0131 olarak \u00f6deniyor.<\/p>\n<p style=\"text-align: justify;\"><strong>B\u0130RB\u0130R\u0130NDEN \u0130LG\u0130N\u00c7 \u0130S\u0130MLER <\/strong><\/p>\n<p style=\"text-align: justify;\">ATO Ba\u015fkan\u0131 Dr. Bayaz\u0131t \u0130lhan&#8217;\u0131n a\u00e7\u0131klad\u0131\u011f\u0131 50 ki\u015filik listedeki isimler aras\u0131nda Sakarya \u00fcniversitesi T\u0131p Fak\u00fcltesi&#8217;nden Prof.&#8217;luk unvan\u0131 alan Sa\u011fl\u0131k Bakanl\u0131\u011f\u0131 Tedavi Hizmetleri Genel M\u00fcd\u00fcr\u00fc Prof. \u0130rfan \u015eencan, \u0130stanbul Bilim \u00dcniversitesi T\u0131p Fak\u00fcltesi&#8217;nden prof. unvan\u0131 alan \u0130stanbul \u0130l Sa\u011fl\u0131k M\u00fcd\u00fcr\u00fc Ali \u0130hsan Dokucu ve \u0130stanbul \u00dcniversitesi Florence N. Hem\u015firelik Y\u00fcksek Okulu&#8217;ndan prof&#8217;luk unvan\u0131 bulunan Ankara Ke\u00e7i\u00f6ren Hastanesi Ba\u015fhekimi \u00fcrolog Prof. Ali Co\u015fkun da bulunuyor.<\/p>\n<p style=\"text-align: justify;\"><span style=\"text-decoration: underline;\">Listedeki di\u011fer isimler de \u015funlar: <\/span><\/p>\n<p style=\"text-align: justify;\">Nurullah Zengin<\/p>\n<p style=\"text-align: justify;\">\u00dcmit Topalo\u011flu<\/p>\n<p style=\"text-align: justify;\">Mustafa \u00d6ncel<\/p>\n<p style=\"text-align: justify;\">Mahir \u00d6zmen<\/p>\n<p style=\"text-align: justify;\">A. Yaser M\u00fcsl\u00fcmano\u011flu<\/p>\n<p style=\"text-align: justify;\">Ali \u0130hsan Dokucu<\/p>\n<p style=\"text-align: justify;\">Burhan Dada\u015f<\/p>\n<p style=\"text-align: justify;\">Suat Turgut<\/p>\n<p style=\"text-align: justify;\">Y\u00fcksel Altunta\u015f<\/p>\n<p style=\"text-align: justify;\">Ali Co\u015fkun<\/p>\n<p style=\"text-align: justify;\">\u00c7etin Din\u00e7el<\/p>\n<p style=\"text-align: justify;\">M. Fatih Av\u015far<\/p>\n<p style=\"text-align: justify;\">Ahmet Kutluhan<\/p>\n<p style=\"text-align: justify;\">Mehmet Bilge<\/p>\n<p style=\"text-align: justify;\">Adil Ery\u0131lmaz<\/p>\n<p style=\"text-align: justify;\">M. Cem Turan<\/p>\n<p style=\"text-align: justify;\">Orhan Gedikli<\/p>\n<p style=\"text-align: justify;\">Sefa Sayg\u0131l\u0131<\/p>\n<p style=\"text-align: justify;\">\u015eaban \u015eim\u015fek<\/p>\n<p style=\"text-align: justify;\">H\u00fcseyin Kat\u0131lm\u0131\u015f<\/p>\n<p style=\"text-align: justify;\">M. Derya Balbay<\/p>\n<p style=\"text-align: justify;\">M. Zafer Berkman<\/p>\n<p style=\"text-align: justify;\">Osman G\u00fcler<\/p>\n<p style=\"text-align: justify;\">A. Filiz Av\u015far<\/p>\n<p style=\"text-align: justify;\">Ahmet Metin<\/p>\n<p style=\"text-align: justify;\">Ali \u00c7ayk\u00f6yl\u00fc<\/p>\n<p style=\"text-align: justify;\">Bekir \u00c7ak\u0131r<\/p>\n<p style=\"text-align: justify;\">Ekrem Alg\u00fcl<\/p>\n<p style=\"text-align: justify;\">Engin Bozkurt<\/p>\n<p style=\"text-align: justify;\">Erhan Reis<\/p>\n<p style=\"text-align: justify;\">Erol \u015eener<\/p>\n<p style=\"text-align: justify;\">Faik \u00d6zveren<\/p>\n<p style=\"text-align: justify;\">Hakan Kula\u00e7o\u011flu<\/p>\n<p style=\"text-align: justify;\">M\u00fcnir Demirci<\/p>\n<p style=\"text-align: justify;\">\u00d6mer Anlar<\/p>\n<p style=\"text-align: justify;\">Erdal Birol Bostanc\u0131<\/p>\n<p style=\"text-align: justify;\">\u0130lknur Bostanc\u0131<\/p>\n<p style=\"text-align: justify;\">\u0130rfan \u015eencan<\/p>\n<p style=\"text-align: justify;\">Metin Do\u011fan<\/p>\n<p style=\"text-align: justify;\">Murat Bozkurt<\/p>\n<p style=\"text-align: justify;\">Musa Ako\u011flu<\/p>\n<p style=\"text-align: justify;\">Erol G\u00f6ka<\/p>\n<p style=\"text-align: justify;\">Selami Akku\u015f<\/p>\n<p style=\"text-align: justify;\">F. T\u00fclin Kayhan<\/p>\n<p style=\"text-align: justify;\">Selami Albayrak<\/p>\n<p style=\"text-align: justify;\">Turhan Ca\u015fkurlu<\/p>\n<p style=\"text-align: justify;\">Vedide Tavl\u0131<\/p>\n<p style=\"text-align: justify;\">Nurettin Karao\u011flano\u011flu<\/p>\n<p style=\"text-align: justify;\">Halil Arslan<\/p>\n<p style=\"text-align: justify;\">\u0130hsan Karaman<\/p>\n<p style=\"text-align: justify;\"><a href=\"http:\/\/haber.gazetevatan.com\/bir-gunde-profesor-oldular\/367942\/41\/Saglik\" target=\"_blank\">Kaynak : VATAN Gazetesi<\/a><\/p>\n","protected":false},"excerpt":{"rendered":"<p style=\"text-align: justify;\">\n<p style=\"text-align: justify;\">Do\u00e7entlikte be\u015f y\u0131l\u0131n\u0131 dolduran 50 hoca yeni kurulan \u00fcniversitelere atan\u0131p bir g\u00fcnde Profes\u00f6r oldu. Yeni kurumlar\u0131nda bir saat bile ders vermeden eski \u00fcniversitelerine geri d\u00f6nd\u00fcler. Ayn\u0131 anda bir \u00fcniversitede Prof., ba\u015fka bir hastanede ba\u015fhekim olanlar var.<\/p>\n","protected":false},"author":1,"featured_media":0,"comment_status":"open","ping_status":"closed","sticky":false,"template":"","format":"standard","meta":{"footnotes":""},"categories":[105],"tags":[],"class_list":["post-29902","post","type-post","status-publish","format-standard","hentry","category-gundem","odd"],"_links":{"self":[{"href":"http:\/\/www.korhanyilmaz.com\/index.php?rest_route=\/wp\/v2\/posts\/29902","targetHints":{"allow":["GET"]}}],"collection":[{"href":"http:\/\/www.korhanyilmaz.com\/index.php?rest_route=\/wp\/v2\/posts"}],"about":[{"href":"http:\/\/www.korhanyilmaz.com\/index.php?rest_route=\/wp\/v2\/types\/post"}],"author":[{"embeddable":true,"href":"http:\/\/www.korhanyilmaz.com\/index.php?rest_route=\/wp\/v2\/users\/1"}],"replies":[{"embeddable":true,"href":"http:\/\/www.korhanyilmaz.com\/index.php?rest_route=%2Fwp%2Fv2%2Fcomments&post=29902"}],"version-history":[{"count":0,"href":"http:\/\/www.korhanyilmaz.com\/index.php?rest_route=\/wp\/v2\/posts\/29902\/revisions"}],"wp:attachment":[{"href":"http:\/\/www.korhanyilmaz.com\/index.php?rest_route=%2Fwp%2Fv2%2Fmedia&parent=29902"}],"wp:term":[{"taxonomy":"category","embeddable":true,"href":"http:\/\/www.korhanyilmaz.com\/index.php?rest_route=%2Fwp%2Fv2%2Fcategories&post=29902"},{"taxonomy":"post_tag","embeddable":true,"href":"http:\/\/www.korhanyilmaz.com\/index.php?rest_route=%2Fwp%2Fv2%2Ftags&post=29902"}],"curies":[{"name":"wp","href":"https:\/\/api.w.org\/{rel}","templated":true}]}}