{"id":29892,"date":"2011-03-29T09:32:51","date_gmt":"2011-03-29T06:32:51","guid":{"rendered":"http:\/\/www.korhanyilmaz.com\/?p=29892"},"modified":"2011-03-29T09:32:51","modified_gmt":"2011-03-29T06:32:51","slug":"abdnin-chp-heyetine-sordugu-soru-bu-nasil-is","status":"publish","type":"post","link":"http:\/\/www.korhanyilmaz.com\/?p=29892","title":{"rendered":"ABD&#8217;nin CHP heyetine sordu\u011fu soru: Bu nas\u0131l i\u015f?"},"content":{"rendered":"<p style=\"text-align: justify;\"><a href=\"http:\/\/www.korhanyilmaz.com\/wp-content\/uploads\/2011\/03\/3391.jpg\"  class=\"lightview\"><img loading=\"lazy\" decoding=\"async\" class=\"aligncenter size-full wp-image-29893\" src=\"http:\/\/www.korhanyilmaz.com\/wp-content\/uploads\/2011\/03\/3391.jpg\" alt=\"\" width=\"420\" height=\"210\" \/><\/a><\/p>\n<p style=\"text-align: justify;\">CHP Genel Ba\u015fkan Yard\u0131mc\u0131s\u0131 Osman Korut\u00fcrk, parti heyeti olarak ABD\u2019nin ba\u015fkenti Washington\u2019daki temaslar\u0131nda, &#8220;en fazla, T\u00fcrkiye\u2019nin demokrasisinin geriye gitti\u011fi yolundaki alg\u0131lama oldu\u011funu&#8221; g\u00f6rmenin dikkatlerini \u00e7ekti\u011fini belirterek, &#8220;G\u00f6r\u00fc\u015fmelerimizde, Ortado\u011fu\u2019daki halk hareketleri konusunda T\u00fcrkiye\u2019nin biraz daha lider rol\u00fc oynamas\u0131 bekleniyormu\u015f ama o rol\u00fcn oynand\u0131\u011f\u0131 g\u00f6r\u00fclmemi\u015f izlenimini ald\u0131k. T\u00fcrkiye\u2019nin bu olaylar\u0131n gerisinde kald\u0131\u011f\u0131 izlenimini edindik&#8221; dedi. <!--more--><\/p>\n<p style=\"text-align: justify;\">CHP Genel Ba\u015fkan Yard\u0131mc\u0131lar\u0131 Osman Korut\u00fcrk, G\u00fcls\u00fcn Bilgehan, Umut Oranve Faik \u00d6ztrak ile Genel Ba\u015fkan Dan\u0131\u015fman\u0131 ve Parti Meclisi \u00fcyesi Faruk Lo\u011fo\u011flu\u2019dan olu\u015fan heyet, Washington\u2019daki temaslar\u0131n\u0131n ilk g\u00fcn\u00fcn\u00fcn ard\u0131ndan,kald\u0131klar\u0131 otelde T\u00fcrk gazetecilere y\u00f6nelik bas\u0131n toplant\u0131s\u0131 d\u00fczenledi.<\/p>\n<p style=\"text-align: justify;\">Korut\u00fcrk, toplant\u0131da, ilk g\u00fcnk\u00fc temaslar\u0131n\u0131n yo\u011fun ge\u00e7ti\u011fini, g\u00f6r\u00fc\u015fmelerde kendilerine y\u00f6nelik &#8220;\u00e7ok yo\u011fun ilgi&#8221; bulundu\u011funu belirterek, &#8220;CHP\u2019nin b\u00f6yle \u00fcst d\u00fczey heyet g\u00f6ndermi\u015f olmas\u0131na y\u00f6nelik b\u00fcy\u00fck bir ilgi vard\u0131, bunu her yerde hissettik&#8221; dedi.<\/p>\n<p style=\"text-align: justify;\">T\u00fcrkiye\u2019den yap\u0131lan bu t\u00fcr ziyaretlerde genellikle Ermeni iddialar\u0131,K\u0131br\u0131s, T\u00fcrk-Yunan ili\u015fkileri ve b\u00f6lgedeki olaylarla ilgili sorular geldi\u011fini ve kendilerinin de g\u00f6r\u00fc\u015fmeleri \u00f6ncesinde bu t\u00fcr sorular gelmesini beklediklerini ifade eden Korut\u00fcrk, &#8220;Ancak bunlardan ziyade, T\u00fcrkiye\u2019deki bas\u0131n \u00f6zg\u00fcrl\u00fc\u011f\u00fcne getirilen k\u0131s\u0131tlamalar, \u00f6zg\u00fcrl\u00fckler ve bunlara y\u00f6nelik k\u0131s\u0131tlamalar, medyaya yap\u0131lan bask\u0131lar, kitap silinmesi gibi sorular \u00e7ok geldi&#8221; diye konu\u015ftu.<\/p>\n<p style=\"text-align: justify;\">Korut\u00fcrk, &#8220;CHP olarak bu ya\u015fananlara \u015fiddetle kar\u015f\u0131 olduklar\u0131n\u0131 ve bunlarla m\u00fccadele etmek istediklerini&#8221; ifade ederek, &#8220;Ama burada da T\u00fcrkiye ile ilgili olarak bu sorular\u0131n kar\u015f\u0131m\u0131za gelmesi \u00e7ok da ho\u015fumuza gitmedi. T\u00fcrkiye\u2019nin burada en fazla dikkati \u00e7eken taraf\u0131n\u0131n, T\u00fcrkiye\u2019de demokrasinin geriye gitti\u011fi yolundaki alg\u0131lama,ki do\u011fru bir alg\u0131lama, oldu\u011funu g\u00f6rd\u00fck. Her yerde bu sorularla kar\u015f\u0131la\u015ft\u0131k&#8221; ifadesini kulland\u0131.<\/p>\n<p style=\"text-align: justify;\"><strong>&#8220;YEN\u0130 CHP \u00c7OK \u0130LG\u0130 UYANDIRIYOR&#8221;<\/strong><\/p>\n<p style=\"text-align: justify;\">Korut\u00fcrk, T\u00fcrkiye\u2019nin b\u00f6lgesinde olu\u015fan halk hareketlerinin de temaslar\u0131nda g\u00fcndeme geldi\u011fini kaydederek, &#8220;Muhataplar\u0131m\u0131z\u0131n bize izlenim olarak aktard\u0131klar\u0131 \u015fu; Sanki burada T\u00fcrkiye\u2019nin biraz daha lider rol\u00fc oynamas\u0131 bekleniyormu\u015f ve o rol\u00fcn oynand\u0131\u011f\u0131 g\u00f6r\u00fclmemi\u015f izlenimini ald\u0131k. T\u00fcrkiye\u2019nin bu olaylar\u0131n gerisinde kald\u0131\u011f\u0131 \u015feklinde izlenim ald\u0131k&#8221; dedi.<\/p>\n<p style=\"text-align: justify;\">&#8220;Bu edindikleri izlenimlere, ABD D\u0131\u015fi\u015fleri Bakanl\u0131\u011f\u0131n\u0131n da dahil olup olmad\u0131\u011f\u0131n\u0131n&#8221; sorulmas\u0131 \u00fczerine Korut\u00fcrk, &#8220;B\u00fct\u00fcn g\u00f6r\u00fc\u015ft\u00fc\u011f\u00fcm\u00fcz yerlerde \u00fc\u00e7 a\u015fa\u011f\u0131 be\u015f yukar\u0131 bu alg\u0131lama ve izlenimi g\u00f6rd\u00fck&#8221; diye konu\u015ftu.<\/p>\n<p style=\"text-align: justify;\">&#8220;Onun d\u0131\u015f\u0131nda yeni CHP \u00e7ok ilgi uyand\u0131r\u0131yor&#8221; de\u011ferlendirmesinde bulunan Korut\u00fcrk, &#8220;yeni CHP&#8221;nin d\u0131\u015far\u0131ya a\u00e7\u0131k, temaslar\u0131n\u0131 geli\u015ftiren, uluslararas\u0131 ili\u015fkilerde ilerleyen g\u00f6r\u00fcn\u00fcm arz etti\u011fini ve t\u00fcm muhataplar\u0131n\u0131n bundan memnuniyet duyduklar\u0131n\u0131 g\u00f6rd\u00fcklerini&#8221; anlatt\u0131.<\/p>\n<p style=\"text-align: justify;\">Korut\u00fcrk, bir soru \u00fczerine, kendilerine &#8220;yeni CHP, d\u00fcnya g\u00f6r\u00fc\u015f\u00fc, d\u0131\u015f politika, i\u00e7 politika vizyonu, \u00f6zg\u00fcrl\u00fcklere nas\u0131l bakt\u0131\u011f\u0131 ve referanslar\u0131n\u0131n ne oldu\u011fu&#8221; gibi sorular\u0131n geldi\u011fini s\u00f6yledi.<\/p>\n<p style=\"text-align: justify;\">CHP Genel Ba\u015fkan\u0131 Kemal K\u0131l\u0131\u00e7daro\u011flu ile ilgili soru gelip gelmedi\u011finin sorulmas\u0131 \u00fczerine Korut\u00fcrk, &#8220;Kemal Beyi yak\u0131ndan tan\u0131yorlar, takip ediyorlar ve f\u0131rsat buldu\u011funda buray\u0131 ziyaret etmesinden b\u00fcy\u00fck memnuniyet duyacaklar\u0131n\u0131 ve b\u00f6yle bir ziyaretle \u00e7ok ilgilendiklerini s\u00f6ylediler&#8221; dedi.<\/p>\n<p style=\"text-align: justify;\">Korut\u00fcrk, se\u00e7im takvimi yakla\u015ft\u0131\u011f\u0131 i\u00e7in K\u0131l\u0131\u00e7daro\u011flu yerine kendilerinin Washington\u2019a geldiklerini hat\u0131rlatt\u0131.<\/p>\n<p style=\"text-align: justify;\"><strong>&#8220;(\u0130\u00c7ER\u0130DE 60\u2019IN \u00dcZER\u0130NDE GAZETEC\u0130 VARMI\u015e, BU NASIL \u0130\u015e) DED\u0130LER&#8221;<\/strong><\/p>\n<p style=\"text-align: justify;\">CHP Genel Ba\u015fkan Yard\u0131mc\u0131s\u0131 Korut\u00fcrk, &#8220;AK Partili yetkililer buraya geldi\u011fi zaman bas\u0131n \u00f6zg\u00fcrl\u00fc\u011f\u00fc konusunda, bu insanlar\u0131n gazetecilik faaliyeti<\/p>\n<p style=\"text-align: justify;\">nedeniyle de\u011fil, yasa d\u0131\u015f\u0131 bir \u00f6rg\u00fcte \u00fcye olduklar\u0131 i\u00e7in i\u00e7eride olduklar\u0131 y\u00f6n\u00fcnde savunma yap\u0131yor. Siz h\u00fck\u00fcmetin bu a\u00e7\u0131klamalar\u0131n\u0131 ABD taraf\u0131n\u0131n nas\u0131l ald\u0131\u011f\u0131n\u0131 d\u00fc\u015f\u00fcn\u00fcyorsunuz&#8221; sorusuna \u015fu yan\u0131t\u0131 verdi: &#8220;H\u00fck\u00fcmetin bu a\u00e7\u0131klamalar\u0131 bize hi\u00e7 intikal ettirilmedi. Bize, \u2019Bu insanlar gazetecilik faaliyetleri dolay\u0131s\u0131yla i\u00e7eride de\u011filmi\u015f, siz buna ne diyorsunuz\u2019 demediler. \u2019\u0130\u00e7eride 60\u2019\u0131n \u00fczerinde gazeteci varm\u0131\u015f, bu nas\u0131l i\u015f\u2019 dediler. Herhalde o a\u00e7\u0131klamalar \u00e7ok fazla \u00fczerinde durulan a\u00e7\u0131klamalar de\u011fil ki, bunu hi\u00e7bir \u015fekilde bize yans\u0131tmad\u0131lar.&#8221;<\/p>\n<p style=\"text-align: justify;\">&#8220;Ergenekon davalar\u0131yla ilgili kendilerine soru gelip gelmedi\u011finin&#8221; sorulmas\u0131 \u00fczerine Korut\u00fcrk, \u015funlar\u0131 kaydetti:&#8221;T\u00fcrkiye\u2019deki \u00f6zg\u00fcrl\u00fcklerin bast\u0131r\u0131lmas\u0131 gibi konulardan bahsederken, bu davalar\u0131n bizatihi i\u00e7eri\u011fi konusunda de\u011fil de tutuklama yap\u0131l\u0131p, su\u00e7laman\u0131n hen\u00fcz yap\u0131lmad\u0131\u011f\u0131, \u00e7ok uzun iddianamelerin okutulmas\u0131yla vakit ge\u00e7irilip tutuklulu\u011fun devam etti\u011fi, bunun yarg\u0131 konusunda baz\u0131 teredd\u00fctler uyand\u0131rd\u0131\u011f\u0131 \u015feklinde bize bunu yans\u0131tt\u0131lar. \u2019Adil bir yarg\u0131lama olacak m\u0131 olmayacak m\u0131\u2019, bunun \u00fczerinde durdular.<\/p>\n<p style=\"text-align: justify;\">\u0130lgin\u00e7 bir konu olarak, bir\u00e7ok yerde, \u2019se\u00e7imlerde sizin \u00fczerinizde bask\u0131 olur mu\u2019 diye sordular. Bunu sorarken, se\u00e7im g\u00fcvenli\u011finden bahsederek, \u2019se\u00e7imler d\u00fczg\u00fcn yap\u0131l\u0131r m\u0131, siz ne d\u00fc\u015f\u00fcn\u00fcyorsunuz\u2019 dediler.&#8221;<\/p>\n<p style=\"text-align: justify;\">Korut\u00fcrk, bu sorular\u0131n daha \u00f6nce \u00e7ok duyduklar\u0131 sorular olmad\u0131\u011f\u0131n\u0131 belirterek, se\u00e7imlerde sorun olmamas\u0131 i\u00e7in parti olarak ellerinden gelen her t\u00fcrl\u00fc \u00f6nlemi alacaklar\u0131n\u0131, sand\u0131k ve elektronik g\u00fcvenli\u011fi sa\u011flayacaklar\u0131n\u0131 ve &#8220;i\u015fi \u015fansa b\u0131rakmayacaklar\u0131n\u0131&#8221; s\u00f6yledi.<\/p>\n<p style=\"text-align: justify;\"><strong>&#8220;B\u0130R\u00c7OK KURULU\u015eUN B\u0130Z\u0130MLE G\u00d6R\u00dc\u015eMEK \u0130STEMES\u0130 \u00c7OK D\u0130KKAT\u0130M\u0130Z\u0130 \u00c7EKT\u0130&#8221; <\/strong><\/p>\n<p style=\"text-align: justify;\">Osman Korut\u00fcrk, &#8220;T\u00fcrkiye\u2019nin bat\u0131 rotas\u0131ndan \u00e7\u0131kt\u0131\u011f\u0131 gibi bir konu g\u00fcndeme geldi mi&#8221; sorusuna, &#8220;T\u00fcrkiye\u2019nin bat\u0131 rotas\u0131ndan \u00e7\u0131kt\u0131\u011f\u0131, \u00e7\u0131k\u0131yor gibi oldu\u011fu, bu konuda alg\u0131lamalar oldu\u011fu baz\u0131 yerlerden baz\u0131 noktalarda geldi&#8221; dedi.<\/p>\n<p style=\"text-align: justify;\">Umut Oran da &#8220;O rotan\u0131n da teminat\u0131 CHP\u2019dir&#8221; diye konu\u015ftu. Korut\u00fcrk, g\u00f6r\u00fc\u015fmelerinde en \u00e7ok dikkatlerini \u00e7eken durumun sorulmas\u0131 \u00fczerine, &#8220;Bize en \u00e7arp\u0131c\u0131 gelen, bize g\u00f6sterilen ilgi oldu. Bizi en fazla memnun eden ve en fazla ilgimizi \u00e7eken, bir\u00e7ok kurulu\u015fun bizimle g\u00f6r\u00fc\u015fmek istemesi, \u00e7ok a\u00e7\u0131k \u015fekilde bizim g\u00f6r\u00fc\u015fme taleplerimizi kabul etmesi, bizim akl\u0131m\u0131za gelmeyen baz\u0131 kurulu\u015flar\u0131n da bizden g\u00f6r\u00fc\u015fme talep edip, g\u00f6r\u00fc\u015fmeleri oldu&#8221; dedi.<\/p>\n<p style=\"text-align: justify;\">\u0130kinci olarak ifade \u00f6zg\u00fcrl\u00fc\u011f\u00fc konusunun g\u00fcndemi kaplad\u0131\u011f\u0131n\u0131 ifade eden Korut\u00fcrk, &#8220;As\u0131l g\u00fcndeme eskiden beri gelen geleneksel konular\u0131n yerine bunlar\u0131n gelmi\u015f olmas\u0131 da ilgi \u00e7ekici oldu. Se\u00e7im g\u00fcvenli\u011fi, bize se\u00e7imlerde bask\u0131 gelip gelmeyece\u011fine dair sorular da ilgin\u00e7 sorular&#8221; ifadesini kulland\u0131.<\/p>\n<p style=\"text-align: justify;\">CHP heyeti, ilk g\u00fcn temaslar\u0131 kapsam\u0131nda, ABD D\u0131\u015fi\u015fleri Bakanl\u0131\u011f\u0131n\u0131n Avrupa ve Avrasya Dairesinden \u00fcst d\u00fczey yetkililer Tina Kaidanow ve Nancy McEldowney\u2019in yan\u0131 s\u0131ra ABD\u2019deki son ba\u015fkanl\u0131k se\u00e7imlerinde Cumhuriyet\u00e7ilerin ba\u015fkan aday\u0131 olan, Cumhuriyet\u00e7i Parti Arizona Senat\u00f6r\u00fc John McCain ile de Kongre\u2019de bir araya gelmi\u015fti.<\/p>\n<p style=\"text-align: justify;\">Ayr\u0131ca Amerikan-T\u00fcrk Konseyi Ba\u015fkan\u0131 James Holmes ile bir g\u00f6r\u00fc\u015fme yapan heyet, kar\u015f\u0131 taraf\u0131n talebi \u00fczerine baz\u0131 Yahudi kurulu\u015flar\u0131n\u0131n temsilcileriyle de g\u00f6r\u00fc\u015fmede bulundu.<\/p>\n<p style=\"text-align: justify;\"><a href=\"http:\/\/haber.gazetevatan.com\/abdnin-chp-heyetine-sordugu-soru-bu-nasil-is\/367912\/1\/Gundem\" target=\"_blank\">Kaynak : VATAN Gazetesi<\/a><\/p>\n","protected":false},"excerpt":{"rendered":"<p style=\"text-align: justify;\">\n<p style=\"text-align: justify;\">CHP Genel Ba\u015fkan Yard\u0131mc\u0131s\u0131 Osman Korut\u00fcrk, parti heyeti olarak ABD\u2019nin ba\u015fkenti Washington\u2019daki temaslar\u0131nda, &#8220;en fazla, T\u00fcrkiye\u2019nin demokrasisinin geriye gitti\u011fi yolundaki alg\u0131lama oldu\u011funu&#8221; g\u00f6rmenin dikkatlerini \u00e7ekti\u011fini belirterek, &#8220;G\u00f6r\u00fc\u015fmelerimizde, Ortado\u011fu\u2019daki halk hareketleri konusunda T\u00fcrkiye\u2019nin biraz daha lider rol\u00fc oynamas\u0131 bekleniyormu\u015f ama o rol\u00fcn oynand\u0131\u011f\u0131 g\u00f6r\u00fclmemi\u015f izlenimini ald\u0131k. T\u00fcrkiye\u2019nin bu olaylar\u0131n gerisinde kald\u0131\u011f\u0131 <\/p>\n","protected":false},"author":1,"featured_media":0,"comment_status":"open","ping_status":"closed","sticky":false,"template":"","format":"standard","meta":{"footnotes":""},"categories":[105],"tags":[],"class_list":["post-29892","post","type-post","status-publish","format-standard","hentry","category-gundem","odd"],"_links":{"self":[{"href":"http:\/\/www.korhanyilmaz.com\/index.php?rest_route=\/wp\/v2\/posts\/29892","targetHints":{"allow":["GET"]}}],"collection":[{"href":"http:\/\/www.korhanyilmaz.com\/index.php?rest_route=\/wp\/v2\/posts"}],"about":[{"href":"http:\/\/www.korhanyilmaz.com\/index.php?rest_route=\/wp\/v2\/types\/post"}],"author":[{"embeddable":true,"href":"http:\/\/www.korhanyilmaz.com\/index.php?rest_route=\/wp\/v2\/users\/1"}],"replies":[{"embeddable":true,"href":"http:\/\/www.korhanyilmaz.com\/index.php?rest_route=%2Fwp%2Fv2%2Fcomments&post=29892"}],"version-history":[{"count":0,"href":"http:\/\/www.korhanyilmaz.com\/index.php?rest_route=\/wp\/v2\/posts\/29892\/revisions"}],"wp:attachment":[{"href":"http:\/\/www.korhanyilmaz.com\/index.php?rest_route=%2Fwp%2Fv2%2Fmedia&parent=29892"}],"wp:term":[{"taxonomy":"category","embeddable":true,"href":"http:\/\/www.korhanyilmaz.com\/index.php?rest_route=%2Fwp%2Fv2%2Fcategories&post=29892"},{"taxonomy":"post_tag","embeddable":true,"href":"http:\/\/www.korhanyilmaz.com\/index.php?rest_route=%2Fwp%2Fv2%2Ftags&post=29892"}],"curies":[{"name":"wp","href":"https:\/\/api.w.org\/{rel}","templated":true}]}}