{"id":29886,"date":"2011-03-28T21:03:25","date_gmt":"2011-03-28T18:03:25","guid":{"rendered":"http:\/\/www.korhanyilmaz.com\/?p=29886"},"modified":"2011-03-28T21:03:25","modified_gmt":"2011-03-28T18:03:25","slug":"erdogan-ozal-yetkisi-istedi","status":"publish","type":"post","link":"http:\/\/www.korhanyilmaz.com\/?p=29886","title":{"rendered":"Erdo\u011fan &#8216;\u00d6zal yetkisi&#8217; istedi"},"content":{"rendered":"<p style=\"text-align: center;\"><a href=\"http:\/\/www.korhanyilmaz.com\/wp-content\/uploads\/2011\/03\/3371.jpg\"  class=\"lightview\"><img loading=\"lazy\" decoding=\"async\" class=\"aligncenter size-full wp-image-29888\" src=\"http:\/\/www.korhanyilmaz.com\/wp-content\/uploads\/2011\/03\/3371.jpg\" alt=\"\" width=\"420\" height=\"210\" \/><\/a><\/p>\n<p style=\"text-align: justify;\">Kamuyu yeniden yap\u0131land\u0131rmay\u0131 planlayan h\u00fck\u00fcmet Kanun H\u00fckm\u00fcnde Kararname \u00e7\u0131karmak i\u00e7in Meclis\u2019ten yetki istedi. KHK\u2019larla Spor, Kad\u0131n, Sosyal Yard\u0131m ve Ekonomi bakanl\u0131klar\u0131n\u0131n kurulmas\u0131 g\u00fcndemde, baz\u0131 bakanl\u0131klar da kald\u0131rabilecek, kamu personeliyle ilgili her t\u00fcrl\u00fc tasarrufta da bulunabilecek.<!--more--><\/p>\n<p style=\"text-align: justify;\">Muhalefetin Ba\u015fbakan Erdo\u011fan\u2019a y\u00f6nelik \u201ctek adaml\u0131k\u201d ve \u201cpadi\u015fahl\u0131k\u201d ele\u015ftirileri s\u00fcrerken, h\u00fck\u00fcmet, kamunun yeniden yap\u0131land\u0131r\u0131lmas\u0131 konusunda TBMM\u2019yi \u201cdevre d\u0131\u015f\u0131 b\u0131rakacak\u201d yasa tasar\u0131s\u0131n\u0131 d\u00fcn TBMM Ba\u015fkanl\u0131\u011f\u0131\u2019na sundu. Tasar\u0131 ile, kamu hizmetlerinin d\u00fczenli, etkin ve verimli bir \u015fekilde y\u00fcr\u00fct\u00fclmesini sa\u011flamak i\u00e7in kamu kurum ve kurulu\u015flar\u0131n\u0131n te\u015fkilat, g\u00f6rev ve yetkileri ile kamu g\u00f6revlilerine ili\u015fkin konularda h\u00fck\u00fcmete 6 ay s\u00fcreyle KHK \u00e7\u0131karma yetkisi verilmesi \u00f6ng\u00f6r\u00fcl\u00fcyor.<\/p>\n<p style=\"text-align: justify;\">Tasar\u0131 uyar\u0131nca, h\u00fck\u00fcmet Meclis\u2019ten alaca\u011f\u0131 yetkiyi \u201cKamu hizmetlerinin bakanl\u0131klar aras\u0131ndaki da\u011f\u0131l\u0131m\u0131n\u0131n yeniden belirlenmesi, mevcut bakanl\u0131klar\u0131n birle\u015ftirilmesi veya kald\u0131r\u0131lmas\u0131, yeni bakanl\u0131klar kurulmas\u0131, bakanl\u0131klar\u0131n ba\u011fl\u0131, ilgili ve ili\u015fkili kurulu\u015flar\u0131yla hiyerar\u015fik ili\u015fkilerinin yeniden d\u00fczenlenmesi, yeni bakanl\u0131klar\u0131n te\u015fkilat, yetki ve kadrolar\u0131 ile ta\u015fra ve yurtd\u0131\u015f\u0131 \u00f6rg\u00fctlenmelerinin esaslar\u0131n\u0131n belirlenmesi\u201d amac\u0131yla ald\u0131\u011f\u0131 KHK \u00e7\u0131karma yetkisini kullanabilecek.<\/p>\n<p style=\"text-align: justify;\"><strong>Personel konusunda yetki <\/strong><\/p>\n<p style=\"text-align: justify;\">H\u00fck\u00fcmet yetkisi \u00e7er\u00e7evesinde ayr\u0131ca, \u201cKamu kurum ve kurulu\u015flar\u0131nda istihdam edilen memurlar, i\u015f\u00e7iler, s\u00f6zle\u015fmeli personel ile di\u011fer kamu g\u00f6revlilerinin \u00e7ah\u015fmalannda etkinli\u011fi art\u0131rmak \u00fczere, bunlar\u0131n atanma, nakil, g\u00f6revlendirilme, se\u00e7ilme, terfi, y\u00fckselme, g\u00f6revden al\u0131nma ve emekliye sevk edilme us\u00fbl ve esaslar\u0131na, ili\u015fkin konularda d\u00fczenlemelerde bulunmak \u00fczere\u201d KHK \u00e7\u0131kartabilecek.<\/p>\n<p style=\"text-align: justify;\">H\u00fck\u00fcmetin talep etti\u011fi yetkinin amac\u0131 do\u011frultusunda, KHK\u2019lar yoluyla de\u011fi\u015fiklik yapabilece\u011fi kanunlar aras\u0131nda T\u00fcrk Silahl\u0131 Kuvvetleri Personel Kanunu da yer al\u0131yor.<\/p>\n<p style=\"text-align: justify;\"><strong>Yeni bakanl\u0131klar geliyor <\/strong><\/p>\n<p style=\"text-align: justify;\">Tasar\u0131 ile \u201cDevlet Bakanl\u0131\u011f\u0131\u201d say\u0131s\u0131n\u0131n m\u00fcmk\u00fcn oldu\u011funca asgari tutulmas\u0131 \u00f6ng\u00f6r\u00fcld\u00fc. Tasar\u0131ya g\u00f6re, \u201cBa\u011fl\u0131, ilgili ve ili\u015fkili kurulu\u015flar\u0131n Devlet Bakanlar\u0131na ba\u011flanmas\u0131 ve ilgilendirilmesi uygulamas\u0131na hizmetlerin \u00f6zelli\u011finden kaynaklanan zorunluluklar d\u0131\u015f\u0131nda yer verilmeyecek.\u201d Tasar\u0131 ile \u015fu anda \u201cDevlet Bakanl\u0131\u011f\u0131\u201d eliyle y\u00fcr\u00fct\u00fclen aile ve sosyal yard\u0131mlar, ekonominin koordinasyonu, i\u00e7 ve d\u0131\u015f ticaret ile gen\u00e7lik spor alanlar\u0131nda yeni bakanl\u0131klar kurulmas\u0131\u201d da \u00f6ng\u00f6r\u00fcl\u00fcyor. \u0130\u00e7i\u015fleri Bakanl\u0131\u011f\u0131\u2019n\u0131n ikiye ayr\u0131lmas\u0131 ve Kamu G\u00fcvenli\u011fi Bakanl\u0131\u011f\u0131\u2019n\u0131n kurulmas\u0131 da g\u00fcndemde. K\u00fclt\u00fcr ve Turizm Bakanl\u0131\u011f\u0131ile Sanayi ve Ticaret Bakanl\u0131\u011f\u0131\u2019n\u0131n da ikiye ayr\u0131laca\u011f\u0131 konu\u015fuluyor. Tasar\u0131n\u0131n yasala\u015fmas\u0131 halinde h\u00fck\u00fcmet Meclis\u2019ten ald\u0131\u011f\u0131 yetki ile 6 ay KHK \u00e7\u0131kartabilecek. Bu s\u00fcre\u00e7te \u00e7\u0131kart\u0131lacak KHK say\u0131s\u0131 a\u00e7\u0131s\u0131ndan herhangi bir s\u0131n\u0131rlama da olmayacak.<\/p>\n<p style=\"text-align: justify;\"><strong>Se\u00e7imden \u00f6nce \u00e7\u0131kar\u0131lacak <\/strong><\/p>\n<p style=\"text-align: justify;\">Yetki tasar\u0131s\u0131 AK Parti\u2019nin, 7 Nisan\u2019dan itibaren tatile sokmay\u0131 planlad\u0131\u011f\u0131 Meclis\u2019in \u00f6ncelikli g\u00fcndemine de al\u0131nd\u0131. Buna g\u00f6re, mini torba kanun teklifi, bir maddesi Genel Kurul\u2019dan geri \u00e7ekilen AYM\u2019nin (Anayasa Mahkemesi) yeniden yap\u0131land\u0131r\u0131lmas\u0131na ili\u015fkin tasar\u0131, yasa d\u0131\u015f\u0131 dinleme ve bas\u0131nla ilgili su\u00e7larla ilgili TCK de\u011fi\u015fikli\u011fi \u00f6ng\u00f6ren tasar\u0131, sporda \u015fiddetin \u00f6nlenmesine ili\u015fkin tasar\u0131, sa\u011fl\u0131k hizmetlerini h\u0131zland\u0131rmay\u0131 \u00f6ng\u00f6ren tasar\u0131 ile birlikte yetki kanunu da tatil \u00f6ncesi Meclis\u2018ten \u00e7\u0131kart\u0131lacak d\u00fczenlemeler aras\u0131nda.<\/p>\n<p style=\"text-align: justify;\"><a href=\"http:\/\/www.korhanyilmaz.com\/wp-content\/uploads\/2011\/03\/3381.jpg\"  class=\"lightview\"><img loading=\"lazy\" decoding=\"async\" class=\"aligncenter size-full wp-image-29887\" src=\"http:\/\/www.korhanyilmaz.com\/wp-content\/uploads\/2011\/03\/3381.jpg\" alt=\"\" width=\"320\" height=\"100\" \/><\/a><strong>\u00d6zal&#8217;\u0131n y\u00f6ntemi<\/strong><\/p>\n<p style=\"text-align: justify;\">Belli konularda h\u00fck\u00fcmetlere Meclis\u2019i by-pass ederek KHK yoluyla i\u015flem yapma imkan\u0131 tan\u0131yan Yetki Yasas\u0131 uygulamas\u0131, Turgut \u00d6zal\u2019\u0131n Ba\u015fbakanl\u0131\u011f\u0131 d\u00f6neminde s\u0131k\u00e7a ba\u015fvudu\u011fu bir y\u00f6ntemdi. Meclis\u2019ten son olarak \u00fc\u00e7l\u00fc koalisyon h\u00fck\u00fcmeti 2001 y\u0131l\u0131nda yetki alm\u0131\u015ft\u0131.<\/p>\n<p style=\"text-align: justify;\"><strong>30. YETK\u0130 YASASI OLACAK <\/strong><\/p>\n<p style=\"text-align: justify;\">TBMM taraf\u0131ndan bug\u00fcne kadar h\u00fck\u00fcmetlere KHK \u00e7\u0131kartabilmeleri i\u00e7in toplam 29 kez yetki verildi. Bunlar\u0131n 22\u2019si 1983\u2019ten bu yana \u00e7\u0131kart\u0131lan yetki yasalar\u0131yla oldu. 1983\u2019ten sonra \u00e7\u0131kart\u0131lan 22 yetki kanunundan 10\u2019u Anayasa Mahkemesi\u2019nce tamamen, 2\u2018si ise k\u0131smen iptal edildi. 2 yetki kanunuyla ilgili a\u00e7\u0131lan iptal davas\u0131 reddedildi.<\/p>\n<p style=\"text-align: justify;\"><a href=\"http:\/\/haber.gazetevatan.com\/erdogan-ozal-yetkisi-istedi\/367849\/9\/Siyaset\" target=\"_blank\">Kaynak : VATAN Gazetesi<\/a><\/p>\n","protected":false},"excerpt":{"rendered":"<p style=\"text-align: center;\">\n<p style=\"text-align: justify;\">Kamuyu yeniden yap\u0131land\u0131rmay\u0131 planlayan h\u00fck\u00fcmet Kanun H\u00fckm\u00fcnde Kararname \u00e7\u0131karmak i\u00e7in Meclis\u2019ten yetki istedi. KHK\u2019larla Spor, Kad\u0131n, Sosyal Yard\u0131m ve Ekonomi bakanl\u0131klar\u0131n\u0131n kurulmas\u0131 g\u00fcndemde, baz\u0131 bakanl\u0131klar da kald\u0131rabilecek, kamu personeliyle ilgili her t\u00fcrl\u00fc tasarrufta da bulunabilecek.<\/p>\n","protected":false},"author":1,"featured_media":0,"comment_status":"open","ping_status":"closed","sticky":false,"template":"","format":"standard","meta":{"footnotes":""},"categories":[105],"tags":[],"class_list":["post-29886","post","type-post","status-publish","format-standard","hentry","category-gundem","odd"],"_links":{"self":[{"href":"http:\/\/www.korhanyilmaz.com\/index.php?rest_route=\/wp\/v2\/posts\/29886","targetHints":{"allow":["GET"]}}],"collection":[{"href":"http:\/\/www.korhanyilmaz.com\/index.php?rest_route=\/wp\/v2\/posts"}],"about":[{"href":"http:\/\/www.korhanyilmaz.com\/index.php?rest_route=\/wp\/v2\/types\/post"}],"author":[{"embeddable":true,"href":"http:\/\/www.korhanyilmaz.com\/index.php?rest_route=\/wp\/v2\/users\/1"}],"replies":[{"embeddable":true,"href":"http:\/\/www.korhanyilmaz.com\/index.php?rest_route=%2Fwp%2Fv2%2Fcomments&post=29886"}],"version-history":[{"count":0,"href":"http:\/\/www.korhanyilmaz.com\/index.php?rest_route=\/wp\/v2\/posts\/29886\/revisions"}],"wp:attachment":[{"href":"http:\/\/www.korhanyilmaz.com\/index.php?rest_route=%2Fwp%2Fv2%2Fmedia&parent=29886"}],"wp:term":[{"taxonomy":"category","embeddable":true,"href":"http:\/\/www.korhanyilmaz.com\/index.php?rest_route=%2Fwp%2Fv2%2Fcategories&post=29886"},{"taxonomy":"post_tag","embeddable":true,"href":"http:\/\/www.korhanyilmaz.com\/index.php?rest_route=%2Fwp%2Fv2%2Ftags&post=29886"}],"curies":[{"name":"wp","href":"https:\/\/api.w.org\/{rel}","templated":true}]}}