{"id":29878,"date":"2011-03-29T07:47:15","date_gmt":"2011-03-29T04:47:15","guid":{"rendered":"http:\/\/www.korhanyilmaz.com\/?p=29878"},"modified":"2011-03-29T07:47:15","modified_gmt":"2011-03-29T04:47:15","slug":"imamin-ordusunda-neler-var","status":"publish","type":"post","link":"http:\/\/www.korhanyilmaz.com\/?p=29878","title":{"rendered":"&#8216;\u0130mam\u0131n Ordusu&#8217;nda neler var?"},"content":{"rendered":"<p style=\"text-align: center;\"><a href=\"http:\/\/www.korhanyilmaz.com\/wp-content\/uploads\/2011\/03\/3351.jpg\"  class=\"lightview\"><img loading=\"lazy\" decoding=\"async\" class=\"aligncenter size-full wp-image-29879\" src=\"http:\/\/www.korhanyilmaz.com\/wp-content\/uploads\/2011\/03\/3351.jpg\" alt=\"\" width=\"384\" height=\"254\" \/><\/a><\/p>\n<p style=\"text-align: justify;\">Ahmet \u015e\u0131k&#8217;\u0131n kitab\u0131 G\u00fclen cemaatinin devlet i\u00e7inde, \u00f6zellikle de polis te\u015fkilat\u0131nda \u00f6rg\u00fctlendi\u011fi tezini belge ve anlat\u0131mlarla aktar\u0131yor.<\/p>\n<p style=\"text-align: justify;\">\u2018\u0130mam\u0131n Ordusu\u2019 adl\u0131 kitab\u0131n i\u00e7inde ne var? Ahmet \u015e\u0131k\u2019\u0131n 3 Mart g\u00fcn\u00fc sabah\u0131 evine polis bask\u0131n\u0131 yap\u0131ld\u0131\u011f\u0131 andan beridir bu konu\u015fuluyor. Ahmet \u015e\u0131k, kitap haz\u0131rl\u0131k \u00e7al\u0131\u015fmalar\u0131 s\u00fcrerken evine bask\u0131n yap\u0131lm\u0131\u015f, tutuklanm\u0131\u015f, operasyonun \u2018Kitapla ilgisi yok\u2019 a\u00e7\u0131klamas\u0131 da bizzat savc\u0131l\u0131k taraf\u0131ndan yap\u0131lm\u0131\u015ft\u0131. <!--more--><\/p>\n<p style=\"text-align: justify;\">Sonras\u0131nda \u2018\u0130mam\u0131n Ordusu\u2019nu basmay\u0131 planlad\u0131\u011f\u0131 iddias\u0131yla \u0130thaki Yay\u0131nevi\u2019ne, Ahmet\u2019in avukat\u0131 Fikret \u0130lkiz\u2019e, e\u015fi Yonca\u2019ya ve Radikal gazetesine geldiler. Bulduklar\u0131 her yerde \u2018\u0130mam\u0131n Ordusu\u2019 kitap tasla\u011f\u0131na el koyup sildiler. Kitap yok edilmeye \u00e7al\u0131\u015f\u0131ld\u0131\u011f\u0131na g\u00f6re okurun bunun i\u00e7indekileri \u00f6\u011frenme hakk\u0131 tart\u0131\u015f\u0131lamaz.<\/p>\n<p style=\"text-align: justify;\"><strong>Silinemeyen<\/strong><\/p>\n<p style=\"text-align: justify;\">Bilgisayar\u0131mdan silinen kitap tasla\u011f\u0131 ile ilgili zihnimdekileri tartt\u0131m. Okudu\u011funu bildi\u011fim ba\u015fka kaynaklarla konu\u015ftum. Bu bilgilerden yola \u00e7\u0131karak, \u0130mam\u0131n Ordusu kitab\u0131na ili\u015fkin herkesin hi\u00e7 de\u011filse bir fikir sahibi olabilece\u011fi bu yaz\u0131y\u0131 yazmaya karar verdim.Telif hakk\u0131yla korunan bas\u0131lmam\u0131\u015f bu kitaptaki her \u015feyi ortal\u0131\u011fa d\u00f6kmek de\u011fil amac\u0131m. Kitap nas\u0131lsa bir g\u00fcn bas\u0131lacak ve herkes ayr\u0131nt\u0131lar\u0131 okuyacak. Yazd\u0131klar\u0131m, belki sanal ortamda \u201cAhmet \u015e\u0131k\u2019\u0131n kitab\u0131 bende de var\u201d diyen yakla\u015f\u0131k 70 bin ki\u015fiye orjinal gelmeyebilir. C\u00fcmlelerim bilmeyenlere.<\/p>\n<p style=\"text-align: justify;\"><strong>\u0130\u015fte o kitap<\/strong><\/p>\n<p style=\"text-align: justify;\">Kitab\u0131n giri\u015f b\u00f6l\u00fcm\u00fcnde t\u00fcm laiklik s\u00f6ylemlerine kar\u015f\u0131n devlet ile \u0130slam aras\u0131ndaki \u2018ihtiya\u00e7\u2019 ili\u015fkisi anlat\u0131l\u0131yor. Ve \u015fimdi laik kanad\u0131n \u2018\u0130slami tehlike\u2019 dedi\u011fi ak\u0131mlar\u0131n, 12 Eyl\u00fcl d\u00f6neminde cuntac\u0131lar taraf\u0131ndan palazland\u0131r\u0131ld\u0131\u011f\u0131 ger\u00e7e\u011fine yap\u0131lan s\u0131k\u0131 bir vurgu. Kitapta yap\u0131lan tespite g\u00f6re, sol ve sosyalist ak\u0131mlar\u0131n tasfiyesi kar\u015f\u0131l\u0131\u011f\u0131nda \u0130slami hareketin palazland\u0131r\u0131lmas\u0131, ABD\u2019nin \u2018ye\u015fil ku\u015fak\u2019 projesiyle do\u011frudan ba\u011flant\u0131l\u0131.<\/p>\n<p style=\"text-align: justify;\">Kitapta sadece 12 Eyl\u00fcl d\u00f6neminde de\u011fil, farkl\u0131 d\u00f6neme\u00e7lerde de Fethullah G\u00fclen cemaatinin uyumuna dikkat \u00e7ekiliyor. \u0130lk siyasi tedrisini \u2018Kom\u00fcnizmle M\u00fccadele Derne\u011fi\u2019nde g\u00f6rm\u00fc\u015f bir ki\u015fi a\u00e7\u0131s\u0131ndan anormal bir durum da de\u011fil bu. Yeni Asya gazetesinden Mehmet Kutlular\u2019\u0131n uzun bir r\u00f6portaj\u0131ndan yer yer al\u0131nt\u0131lara da bu nedenle yer verilen kitapta, 12 Mart Muht\u0131ras\u0131 sonras\u0131nda devletin G\u00fclen cemaatini destekledi\u011fi, ayn\u0131 cemaatin 28 \u015eubat sonras\u0131nda ise Refah Partisi\u2019ne kar\u015f\u0131 alternatif yap\u0131lmaya \u00e7al\u0131\u015f\u0131ld\u0131\u011f\u0131 anlat\u0131l\u0131yor. Fethullah G\u00fclen\u2019in bu konudaki bir r\u00f6portaj\u0131ndan aktar\u0131lan pasajlarda, 12 Mart\u2019tan sonra tutuklanm\u0131\u015f ve yedi ay hapis yatm\u0131\u015f olmas\u0131na ra\u011fmen G\u00fclen\u2019in devlete ba\u011fl\u0131l\u0131\u011f\u0131nda herhangi bir eksilme olmad\u0131\u011f\u0131 vurgulan\u0131yor.<\/p>\n<p style=\"text-align: justify;\">Kitapta Fethullah G\u00fclen\u2019in hayat\u0131na ili\u015fkin de uzun anlat\u0131mlar yer al\u0131yor. Erzurumlu bir vaizken giderek k\u00fc\u00e7\u00fck bir devlet\u00e7ik haline d\u00f6n\u00fc\u015fen bir cemaatle ilgili Ahmet \u015e\u0131k\u2019tan \u00e7ok \u00f6nce yaz\u0131lm\u0131\u015f pek \u00e7ok yaz\u0131 ve kitapta da var bu bilgiler. Bu bilgiler aras\u0131nda ilgin\u00e7 notlar da var elbet. Ba\u015fta Yeni Asya \u00e7evresindeyken daha sonra ayr\u0131l\u0131p Necmettin Erbakan\u2019a yana\u015fan G\u00fclen\u2019in daha sonra onunla da bir sava\u015fa giri\u015fmesi, MHP ile \u00e7at\u0131\u015fmalar ya\u015famas\u0131 vb. gibi olgular, cemaatin nas\u0131l ince ince \u00f6rg\u00fctlendi\u011fine dair ayr\u0131nt\u0131lar.<\/p>\n<p style=\"text-align: justify;\">Kitapta cemaatin temellerinin 1966 y\u0131l\u0131nda at\u0131lmas\u0131 anlam\u0131na gelen Akyaz\u0131l\u0131 Vakf\u0131\u2019n\u0131n kurucular\u0131 aras\u0131nda olan Nurettin Veren\u2019in baz\u0131 itiraflar\u0131na da yer veriliyor. Bu itiraflar aras\u0131nda telefon dinleme kay\u0131tlar\u0131n\u0131n bizzat cemaat taraf\u0131ndan tutuldu\u011funa ili\u015fkin baz\u0131 iddialar var. Kitap, bu itiraflar\u0131n yalanland\u0131\u011f\u0131 bilgisini aktard\u0131ktan sonra, I\u015f\u0131k Evleri \u00f6rg\u00fctlenmesi, G\u00fclen okullar\u0131 ve S\u0131z\u0131nt\u0131 dergisinin cemaat taraf\u0131ndan nas\u0131l kullan\u0131ld\u0131\u011f\u0131na dair baz\u0131 tespitlere yer veriyor. Kitapta, medyan\u0131n G\u00fclen cemaati i\u00e7in \u00f6nemi, Zaman gazetesi, Samanyolu TV gibi yay\u0131n organlar\u0131na yap\u0131lan vurgular da var.<\/p>\n<p style=\"text-align: justify;\">Kitapta Susurluk d\u00f6neminde G\u00fclen\u2019in ald\u0131\u011f\u0131 tutum, ayr\u0131 bir ba\u015fl\u0131k halinde. Aktar\u0131lan bir r\u00f6portaja g\u00f6re Fethullah G\u00fclen, Susurluk\u2019un daha derinlere gitmesinin, milli birlik ve beraberli\u011fe zarar verece\u011fi inanc\u0131nda.<\/p>\n<p style=\"text-align: justify;\"><strong>Zurnan\u0131n z\u0131rt dedi\u011fi yer<\/strong><\/p>\n<p style=\"text-align: justify;\">AKP iktidar\u0131 d\u00f6neminde G\u00fclen cemaatinin bakanl\u0131klar ve b\u00fcrokrasi i\u00e7inde nas\u0131l h\u0131zla \u00f6rg\u00fctlendi\u011fi anlat\u0131l\u0131yor. Ve tabii y\u0131llard\u0131r i\u00e7ten i\u00e7e kaynad\u0131\u011f\u0131 bilinen Emniyet te\u015fkilat\u0131 i\u00e7inde de. \u201cEmniyet cemaatin silahl\u0131 birimi mi?\u201d sorusu ortaya at\u0131l\u0131yor ve yan\u0131t\u0131 aran\u0131yor. Polis okullar\u0131, \u0130stihbarat, Organize Su\u00e7lar, Personel gibi birimlerde kitab\u0131n iddias\u0131na g\u00f6re G\u00fclen cemaati tavan yapm\u0131\u015f. Kitab\u0131n ad\u0131n\u0131n \u2018\u0130mam\u0131n Ordusu\u2019 olmas\u0131n\u0131n as\u0131l nedeni de burada.<\/p>\n<p style=\"text-align: justify;\">Kitaba g\u00f6re, G\u00fclen cemaati Emniyet i\u00e7indeki \u00f6rg\u00fctlenmesine Personel Dairesi\u2019nden ba\u015flad\u0131. Ard\u0131ndan \u0130stihbarat Dairesi. \u00c7\u00fcnk\u00fc \u0130stihbarat Dairesi, teknik takip, izleme ve dinleme faaliyetleri konusunda son derece stratejik bir konumdayd\u0131. Bunun i\u00e7in de yeti\u015fmi\u015f insan g\u00fcc\u00fcne ihtiya\u00e7 oldu\u011fu kesin. Kitab\u0131n buna dair de bir iddias\u0131 var: I\u015f\u0131k Evleri\u2019nde yeti\u015ftirilen gen\u00e7ler sistematik bir bi\u00e7imde, polis kolejleri ve polis akademisine al\u0131nd\u0131. Bu gen\u00e7lerin polis yap\u0131lmas\u0131 ve sonra terfi etmelerinde \u00e7e\u015fitli oyunlar da s\u00f6z konusu, kitaba g\u00f6re. S\u0131nav sorular\u0131n\u0131n \u00e7al\u0131nmas\u0131, hileli kuralar stratejik noktalar\u0131 ele ge\u00e7irmek i\u00e7in.<\/p>\n<p style=\"text-align: justify;\">Kitapta \u00e7e\u015fitli d\u00f6nemlerde kaleme al\u0131nm\u0131\u015f raporlar da var. \u00d6rne\u011fin, 1991\u2019de, ba\u015fm\u00fcfetti\u015flerin haz\u0131rlad\u0131\u011f\u0131 \u2018hileli kura\u2019 raporu, polis akademisindeki G\u00fclen cemaatinin \u00f6rg\u00fctlenmesiyle ilgili. Sonraki y\u0131llarda yaz\u0131lm\u0131\u015f benzer nitelikteki raporlar\u0131n ard\u0131ndan a\u00e7\u0131lan soru\u015fturmalar\u0131n ciddi bir yapt\u0131r\u0131ma yol a\u00e7mad\u0131\u011f\u0131n\u0131 da okuyoruz. Ufak cezalar ise silinivermi\u015f.<\/p>\n<p style=\"text-align: justify;\">Kitapta cemaat\u00e7i polislere yer a\u00e7mak i\u00e7in ba\u015fka polislere y\u00f6nelik ayak kayd\u0131rma operasyonlar\u0131 yap\u0131ld\u0131\u011f\u0131 da yaz\u0131l\u0131. Kimli\u011fi belirsiz ihbarlar, kimi polislere kurulan tuzaklar anlat\u0131l\u0131yor kitapta. Baz\u0131 polislere itibars\u0131zla\u015ft\u0131rma, r\u00fctbe d\u00fc\u015f\u00fcrme y\u00f6ntemleri kullan\u0131larak bir yandan tasfiyeler ya\u015fan\u0131rken, bir yandan da cemaatle ili\u015fkili oldu\u011fu iddia edilen polisler k\u0131demlerine bile bak\u0131lmaks\u0131z\u0131n h\u0131zla terfi ediyorlar. Kitapta t\u00fcm bunlar isimler verilerek yaz\u0131l\u0131yor. Bu \u00f6rnekler aras\u0131nda Hanefi Avc\u0131, Sabri Uzun, \u0130smail \u00c7al\u0131\u015fkan, Celalettin Cerrah ve Emin Aslan\u2019a komplo d\u00fczenlendi\u011fi iddialar\u0131yla ilgili olduk\u00e7a geni\u015f ayr\u0131nt\u0131lar da kitapta yer al\u0131yor.<\/p>\n<p style=\"text-align: justify;\"><strong>Ahmet \u015e\u0131k\u2019\u0131 kimler soru\u015fturuyor?<\/strong><\/p>\n<p style=\"text-align: justify;\">Kitapta nas\u0131ra basm\u0131\u015f olmas\u0131 ihtimali bulunan bir ayr\u0131nt\u0131, kritik g\u00f6revlerdeki kimi isimlerin Hrant Dink cinayetindeki rollerinden \u00f6t\u00fcr\u00fc do\u011frudan su\u00e7lamalar\u0131n oda\u011f\u0131nda olmalar\u0131. \u2018\u0130mam\u0131n Ordusu\u2019nda konu edilenlerin bir b\u00f6l\u00fcm\u00fc, ayn\u0131 zamanda Ergenekon soru\u015fturmalar\u0131n\u0131 y\u00fcr\u00fcten isimler. Bug\u00fcn Ahmet \u015e\u0131k\u2019a y\u00f6neltilen \u2018Ergenekon \u00f6rg\u00fct\u00fcne yard\u0131m\u2019 su\u00e7lamas\u0131n\u0131n kayna\u011f\u0131 da b\u00fcy\u00fck olas\u0131l\u0131kla burada gizli. Ahmet \u015e\u0131k kitab\u0131nda kime kimlerin, ne zaman ve nerede nas\u0131l tuzaklar kurdu\u011funu ve bundan nas\u0131l lehine sonu\u00e7lar \u00e7\u0131kard\u0131\u011f\u0131n\u0131 anlatm\u0131\u015f ayr\u0131nt\u0131l\u0131 olarak.<\/p>\n<p style=\"text-align: justify;\"><strong>\u2018Kitapla alakal\u0131 \u015fik\u00e2yet ve dava talebim olmad\u0131\u2019<\/strong><\/p>\n<p style=\"text-align: justify;\">Fethullah G\u00fclen, Ahmet \u015e\u0131k\u2019\u0131n yazd\u0131\u011f\u0131 \u2018\u0130mam\u0131n Ordusu\u2019 kitab\u0131 i\u00e7in ne dedi? Ahmet \u015e\u0131k\u2019\u0131n taslak halindeki kitab\u0131 \u2018\u0130mam\u0131n Ordusu\u2019na y\u00f6nelik bask\u0131nlar\u0131n ard\u0131ndan tart\u0131\u015fmalar\u0131n oda\u011f\u0131ndaki isim olan Fethullah G\u00fclen\u2019in avukat\u0131ndan ele\u015ftirilerle ilgili a\u00e7\u0131klama geldi. \u0130\u015fte o a\u00e7\u0131klama:<\/p>\n<p style=\"text-align: justify;\">\u201cSon g\u00fcnlerde, \u0130stanbul Cumhuriyet Ba\u015fsavc\u0131l\u0131\u011f\u0131\u2019n\u0131n baz\u0131 i\u015flemleri nedeniyle m\u00fcvekkilim muhterem Fethullah G\u00fclen\u2019e y\u00f6nelik, yarg\u0131s\u0131z infaz mahiyetinde haks\u0131z yay\u0131nlar yap\u0131lm\u0131\u015ft\u0131r.<\/p>\n<p style=\"text-align: justify;\">Bu nedenle Fethullah G\u00fclen taraf\u0131ndan a\u015fa\u011f\u0131daki a\u00e7\u0131klaman\u0131n yap\u0131lmas\u0131 gerekli g\u00f6r\u00fclm\u00fc\u015ft\u00fcr: Bug\u00fcne de\u011fin aleyhimde bir\u00e7ok yay\u0131n yap\u0131ld\u0131 ve onlarca kitap yay\u0131nland\u0131. Ancak bas\u0131lmam\u0131\u015f bir kitab\u0131 engellemek gibi bir gayretim hi\u00e7 olmad\u0131. Sadece ki\u015filik haklar\u0131ma sald\u0131r\u0131lar, \u015fahs\u0131ma mesnetsiz su\u00e7lamalar ve iftiralar kar\u015f\u0131s\u0131nda bir vatanda\u015f olarak hukuk \u00e7er\u00e7evesinde hakk\u0131m\u0131 arad\u0131m. Hukuka ayk\u0131r\u0131 oldu\u011fu tespit edilmi\u015f ve hakk\u0131nda tazminat karar\u0131 verilmi\u015f kitaplar bile tekrar bas\u0131l\u0131p sat\u0131lmaktad\u0131r.<\/p>\n<p style=\"text-align: justify;\">Bilhassa 28 \u015eubat s\u00fcrecinde aleyhimde, psikolojik harek\u00e2t mahsul\u00fc neredeyse hepsi birbirinin kopyas\u0131 \u0131smarlama pek \u00e7ok kitap piyasaya s\u00fcr\u00fcld\u00fc. Bu kitaplardaki iddialar Yarg\u0131tay\u2019\u0131n da oybirli\u011fiyle tasdik etti\u011fi beraatim ile neticelenen mahkemede ileri s\u00fcr\u00fclen iddialardan farkl\u0131 de\u011fildi. Hatta bu kitaplar dava dosyas\u0131na da eklenmi\u015f ve i\u00e7erikleri iddianameye konulmu\u015ftu. Ayr\u0131ca bu kitaplarda yer alan iddialar\u0131n k\u0131ymeti harbiyesi kamuoyuna da malumdur.<\/p>\n<p style=\"text-align: justify;\">\u0130leti\u015fim \u00e7a\u011f\u0131nda her t\u00fcrl\u00fc yay\u0131n\u0131n internet gibi vas\u0131talarla rahat\u00e7a yap\u0131labildi\u011fi bir zamanda herhangi bir yay\u0131n\u0131n muhatap okuyucuya ula\u015fmadan engellenmesinin m\u00fcmk\u00fcn olmad\u0131\u011f\u0131 a\u00e7\u0131kt\u0131r. B\u00f6ylesi te\u015febb\u00fcslerin yasaklanmak istenen yay\u0131na alakay\u0131 art\u0131raca\u011f\u0131 da ortadad\u0131r.<\/p>\n<p style=\"text-align: justify;\">Bahsi ge\u00e7en kitapla ve yazar\u0131yla alakal\u0131 \u015fahsen herhangi bir \u015fik\u00e2yetim ve dava talebim olmam\u0131\u015ft\u0131r. Konu tamamen T\u00fcrk yarg\u0131s\u0131n\u0131n meselesi olup adli makamlar\u0131n bahis mevzuu kitap hakk\u0131nda hangi gerek\u00e7eyle ve delillerle soru\u015fturma ba\u015flatt\u0131klar\u0131n\u0131 da bilmiyorum. Tamamen ba\u011f\u0131ms\u0131z yarg\u0131ya ait bir konuda da lehte veya aleyhte de\u011ferlendirmede bulunmam tabii ki s\u00f6z konusu olamaz. Elbette d\u00fc\u015f\u00fcnce, ifade ve bas\u0131n \u00f6zg\u00fcrl\u00fc\u011f\u00fc demokrasinin vazge\u00e7ilmez esaslar\u0131ndand\u0131r. Fakat herhangi bir \u00f6zg\u00fcrl\u00fc\u011f\u00fcn kamu d\u00fczeni aleyhinde veya ki\u015filik haklar\u0131na sald\u0131r\u0131 ve masum insanlar\u0131 karalama maksatl\u0131 olarak kullan\u0131lamayaca\u011f\u0131 da yine demokrasinin ve insan haklar\u0131n\u0131n en temel d\u00fcsturlar\u0131ndand\u0131r.\u201d<\/p>\n<p style=\"text-align: justify;\"><a href=\"http:\/\/www.radikal.com.tr\/Radikal.aspx?aType=RadikalDetayV3&amp;ArticleID=1044470&amp;Date=29.03.2011&amp;CategoryID=77\" target=\"_blank\">Kaynak : Radikal<\/a><\/p>\n","protected":false},"excerpt":{"rendered":"<p style=\"text-align: center;\">\n<p style=\"text-align: justify;\">Ahmet \u015e\u0131k&#8217;\u0131n kitab\u0131 G\u00fclen cemaatinin devlet i\u00e7inde, \u00f6zellikle de polis te\u015fkilat\u0131nda \u00f6rg\u00fctlendi\u011fi tezini belge ve anlat\u0131mlarla aktar\u0131yor.<\/p>\n<p style=\"text-align: justify;\">\u2018\u0130mam\u0131n Ordusu\u2019 adl\u0131 kitab\u0131n i\u00e7inde ne var? Ahmet \u015e\u0131k\u2019\u0131n 3 Mart g\u00fcn\u00fc sabah\u0131 evine polis bask\u0131n\u0131 yap\u0131ld\u0131\u011f\u0131 andan beridir bu konu\u015fuluyor. Ahmet \u015e\u0131k, kitap haz\u0131rl\u0131k \u00e7al\u0131\u015fmalar\u0131 s\u00fcrerken evine bask\u0131n yap\u0131lm\u0131\u015f, tutuklanm\u0131\u015f, <\/p>\n","protected":false},"author":1,"featured_media":0,"comment_status":"open","ping_status":"closed","sticky":false,"template":"","format":"standard","meta":{"footnotes":""},"categories":[105],"tags":[],"class_list":["post-29878","post","type-post","status-publish","format-standard","hentry","category-gundem","odd"],"_links":{"self":[{"href":"http:\/\/www.korhanyilmaz.com\/index.php?rest_route=\/wp\/v2\/posts\/29878","targetHints":{"allow":["GET"]}}],"collection":[{"href":"http:\/\/www.korhanyilmaz.com\/index.php?rest_route=\/wp\/v2\/posts"}],"about":[{"href":"http:\/\/www.korhanyilmaz.com\/index.php?rest_route=\/wp\/v2\/types\/post"}],"author":[{"embeddable":true,"href":"http:\/\/www.korhanyilmaz.com\/index.php?rest_route=\/wp\/v2\/users\/1"}],"replies":[{"embeddable":true,"href":"http:\/\/www.korhanyilmaz.com\/index.php?rest_route=%2Fwp%2Fv2%2Fcomments&post=29878"}],"version-history":[{"count":0,"href":"http:\/\/www.korhanyilmaz.com\/index.php?rest_route=\/wp\/v2\/posts\/29878\/revisions"}],"wp:attachment":[{"href":"http:\/\/www.korhanyilmaz.com\/index.php?rest_route=%2Fwp%2Fv2%2Fmedia&parent=29878"}],"wp:term":[{"taxonomy":"category","embeddable":true,"href":"http:\/\/www.korhanyilmaz.com\/index.php?rest_route=%2Fwp%2Fv2%2Fcategories&post=29878"},{"taxonomy":"post_tag","embeddable":true,"href":"http:\/\/www.korhanyilmaz.com\/index.php?rest_route=%2Fwp%2Fv2%2Ftags&post=29878"}],"curies":[{"name":"wp","href":"https:\/\/api.w.org\/{rel}","templated":true}]}}