{"id":29874,"date":"2011-03-28T21:25:08","date_gmt":"2011-03-28T18:25:08","guid":{"rendered":"http:\/\/www.korhanyilmaz.com\/?p=29874"},"modified":"2011-03-28T21:25:08","modified_gmt":"2011-03-28T18:25:08","slug":"erdogan-irakta-pkk-cagrisi-yapti","status":"publish","type":"post","link":"http:\/\/www.korhanyilmaz.com\/?p=29874","title":{"rendered":"Erdo\u011fan Irak&#8217;ta PKK \u00e7a\u011fr\u0131s\u0131 yapt\u0131"},"content":{"rendered":"<p style=\"text-align: justify;\"><a href=\"http:\/\/www.korhanyilmaz.com\/wp-content\/uploads\/2011\/03\/3341.jpg\"  class=\"lightview\"><img loading=\"lazy\" decoding=\"async\" class=\"aligncenter size-full wp-image-29875\" src=\"http:\/\/www.korhanyilmaz.com\/wp-content\/uploads\/2011\/03\/3341.jpg\" alt=\"\" width=\"345\" height=\"229\" \/><\/a><\/p>\n<p style=\"text-align: justify;\">Ba\u015fbakan Recep Tayyip Erdo\u011fan, art\u0131k ter\u00f6r \u00f6rg\u00fct\u00fcn\u00fcn, Irak ile T\u00fcrkiye aras\u0131nda bir \u015fer oda\u011f\u0131 olarak kalmas\u0131n\u0131 istemediklerini belirterek, &#8220;Irak&#8217;la daha fazla dayan\u0131\u015fma i\u00e7inde olursak, b\u00f6lgesel anlamda da karde\u015fli\u011fimiz peki\u015fecek ve y\u00fccelecektir&#8221; dedi. <!--more--><\/p>\n<p style=\"text-align: justify;\">\u00c7e\u015fitli temaslarda bulunmak i\u00e7in Irak&#8217;a gelen Erdo\u011fan&#8217;\u0131 Ba\u011fdat&#8217;ta, Irak Ba\u015fbakan\u0131 Nuri Maliki kar\u015f\u0131lad\u0131.<\/p>\n<p style=\"text-align: justify;\">\u0130ki \u00fclke mar\u015flar\u0131n\u0131n \u00e7al\u0131nd\u0131\u011f\u0131 t\u00f6renin ard\u0131ndan Erdo\u011fan ve Maliki havaalan\u0131ndaki bir b\u00f6l\u00fcme ge\u00e7erek bir s\u00fcre g\u00f6r\u00fc\u015ft\u00fc.<\/p>\n<p style=\"text-align: justify;\">Ba\u015fbakan Erdo\u011fan daha sonra Irak Ulusal Meclisi&#8217;nde bir konu\u015fma yapt\u0131.<\/p>\n<p style=\"text-align: justify;\">Erdo\u011fan, &#8220;Sizlerin \u015fahs\u0131nda, t\u00fcm Irakl\u0131 karde\u015flerime selamlar\u0131m\u0131, sevgilerimi yolluyorum. Allah&#8217;\u0131n selam\u0131, rahmeti, bereketi \u00fczerinize olsun. Esselamualeyk\u00fcm ve rahmetullahi ve berekat\u00fch&#8221; dedi.<\/p>\n<p style=\"text-align: justify;\">Irak Meclisi&#8217;nde bulunmaktan, Irak&#8217;\u0131n de\u011ferli temsilcilerine hitap ediyor olmaktan b\u00fcy\u00fck bir heyecan ve memnuniyet duydu\u011funu ifade eden Ba\u015fbakan Erdo\u011fan, Meclis \u00e7at\u0131s\u0131 alt\u0131nda, sadece Meclis \u00fcyelerine de\u011fil, onlar\u0131n temsil etti\u011fi b\u00fct\u00fcn Irakl\u0131lara seslendi\u011fini belirtti.<\/p>\n<p style=\"text-align: justify;\">&#8220;T\u00fcrkiye&#8217;nin, toprak b\u00fct\u00fcnl\u00fc\u011f\u00fc korunmu\u015f, siyasi birli\u011fi sa\u011flanm\u0131\u015f, kom\u015fular\u0131yla bar\u0131\u015f\u0131k ve uluslararas\u0131 toplumla b\u00fct\u00fcnle\u015fmi\u015f, halk\u0131 ve b\u00f6lgesi i\u00e7in g\u00fcvenlik, istikrar ve refah \u00fcreten bir Irak&#8217;tan ba\u015fka hi\u00e7bir \u015fey g\u00f6rmek istemiyor&#8221; diyen Ba\u015fbakan Erdo\u011fan, \u015f\u00f6yle devam etti:<\/p>\n<p style=\"text-align: justify;\">&#8220;Irak&#8217;\u0131n ba\u011f\u0131ms\u0131zl\u0131\u011f\u0131n\u0131, siyasi birli\u011fini ve toprak b\u00fct\u00fcnl\u00fc\u011f\u00fcn\u00fc her zaman kuvvetli bi\u00e7imde destekledik. Irak&#8217;ta g\u00fcvenlik ve istikrar\u0131 her zaman g\u00f6zettik. Irak&#8217;taki t\u00fcm kesimlere e\u015fit mesafede durduk. Irakl\u0131 karde\u015flerimizin her daim yan\u0131nda olduk. Etnik k\u00f6keni, dini, mezhebi ne olursa olsun Irakl\u0131 karde\u015flerimizi muhabbetle kucakl\u0131yoruz. Her birinin g\u00fcvenli\u011fini ve refah\u0131n\u0131, T\u00fcrk halk\u0131n\u0131n g\u00fcvenli\u011fi ve refah\u0131 gibi aziz g\u00f6r\u00fcyoruz. Bundan sonra da Irak;\u0131n hayr\u0131n\u0131 dileyecek, Irak&#8217;\u0131n hayr\u0131 i\u00e7in \u00e7al\u0131\u015fmaya devam edece\u011fiz.<\/p>\n<p style=\"text-align: justify;\">Yeni h\u00fck\u00fcmetin, Irak halk\u0131n\u0131n kar\u015f\u0131 kar\u015f\u0131ya bulundu\u011fu g\u00fcvenlik, siyasi, ekonomik ve sosyal sorunlar\u0131n \u00e7\u00f6z\u00fclmesi y\u00f6n\u00fcnde g\u00f6sterece\u011fi \u00e7abalara her t\u00fcrl\u00fc deste\u011fi verece\u011fiz. Demokrasilerde kuvvetler ayr\u0131m\u0131 prensibi \u00e7er\u00e7evesinde, Meclise ne kadar b\u00fcy\u00fck sorumluluklar d\u00fc\u015ft\u00fc\u011f\u00fc hepimizin malumudur.<\/p>\n<p style=\"text-align: justify;\">Ger\u00e7ekle\u015ftirmeyi \u00f6ng\u00f6rd\u00fc\u011f\u00fcn\u00fcz reformlar konusunda sizlerle tecr\u00fcbe birikimimizi payla\u015fmaya haz\u0131r\u0131z. Bu ama\u00e7la, Meclislerimiz aras\u0131ndaki i\u015fbirli\u011fine de azami \u00f6zen g\u00f6stermeliyiz. Dostluk gruplar\u0131 marifetiyle parlamentolar aras\u0131 i\u015fbirli\u011fini daha da g\u00fc\u00e7lendirmeliyiz.&#8221;<\/p>\n<p style=\"text-align: justify;\"><strong>&#8220;Erbil&#8217;e gidece\u011fim&#8221; <\/strong><\/p>\n<p style=\"text-align: justify;\">Ziyareti hakk\u0131nda bilgi veren Ba\u015fbakan Erdo\u011fan, &#8220;Yar\u0131n, Ayetullah Sistani&#8217;yi Kutsal Kent Necef&#8217;te ziyaret edece\u011fim. Oradan K\u00fcrt karde\u015flerimizle beraber olmak \u00fczere Erbil&#8217;e ge\u00e7ecek, orada, T\u00fcrk i\u015f adamlar\u0131n\u0131n baz\u0131 yat\u0131r\u0131mlar\u0131n\u0131 a\u00e7aca\u011f\u0131m. Karde\u015f iki \u00fclkenin \u00e7ok daha fazla alanda i\u015fbirli\u011fi i\u00e7inde olmas\u0131 i\u00e7in ne gerekiyorsa onu yap\u0131yoruz ve yapaca\u011f\u0131z&#8221; diye konu\u015ftu.<\/p>\n<p style=\"text-align: justify;\"><strong>&#8220;Ter\u00f6re kar\u015f\u0131 ortak m\u00fccadele&#8221; <\/strong><\/p>\n<p style=\"text-align: justify;\">Konu\u015fmas\u0131nda ter\u00f6r konusuna da de\u011finen Ba\u015fbakan Erdo\u011fan, &#8220;Irak&#8217;la i\u015fbirli\u011fimizin g\u00fc\u00e7lendirilmesinin ve derinle\u015ftirilmesinin \u00f6n\u00fcndeki en \u00f6nemli engelin, Kuzey Irak&#8217;ta kendisine yer edinen ter\u00f6r \u00f6rg\u00fct\u00fc oldu\u011funu sizler de biliyorsunuz. Art\u0131k ter\u00f6r \u00f6rg\u00fct\u00fcn\u00fcn, Irak ile aram\u0131zda bir \u015fer oda\u011f\u0131 olarak kalmas\u0131n\u0131 istemiyoruz. Biz, \u00fclke i\u00e7inde, milli birlik ve karde\u015flik projesiyle, ter\u00f6r \u00f6rg\u00fct\u00fcn\u00fcn istismar zeminini ortadan kald\u0131r\u0131yor, demokratikle\u015fme ad\u0131mlar\u0131yla karde\u015fli\u011fi peki\u015ftiriyoruz.<\/p>\n<p style=\"text-align: justify;\">Bu noktada, Irak&#8217;la daha fazla dayan\u0131\u015fma i\u00e7inde olursak, b\u00f6lgesel anlamda da karde\u015fli\u011fimiz peki\u015fecek ve y\u00fccelecektir. Kuzey Irak&#8217;ta yer edinen ter\u00f6r \u00f6rg\u00fct\u00fcne kar\u015f\u0131 ortak m\u00fccadele vermemizin gere\u011fini \u00f6zellikle alt\u0131n\u0131 \u00e7izerek ifade etmek istiyorum&#8221; \u015feklinde konu\u015ftu.<\/p>\n<p style=\"text-align: justify;\">Ziyaretinin T\u00fcrkiye ile Irak aras\u0131nda yeni bir d\u00f6nemin ba\u015flang\u0131c\u0131 olmas\u0131n\u0131 dile\u011finde bulunan ve &#8220;Irak&#8217;\u0131n, t\u0131pk\u0131 T\u00fcrkiye gibi, demokrasi, insan haklar\u0131 ve karde\u015flik zemininde g\u00fc\u00e7lenmesini, refah, huzur, istikrar ve g\u00fcvenli\u011fe en ideal \u015fekilde kavu\u015fmas\u0131n\u0131 temenni ediyorum. Y\u00fcce Meclisinizi, siz de\u011ferli vekilleri, sizin \u015fahs\u0131n\u0131zda t\u00fcm Irak halk\u0131n\u0131 en kalbi muhabbetlerimle selaml\u0131yorum&#8221; diyen Erdo\u011fan, konu\u015fmas\u0131n\u0131, &#8220;Vatan\u0131m, vatan\u0131m, heybet ve g\u00fczellik, y\u00fccelik ve ihti\u015fam senin tepelerinde, senin tepelerinde hayat ve kurtulu\u015f, sevin\u00e7 ve umut senin havanda, senin havanda g\u00f6recek miyim, g\u00f6recek miyim seni? Bar\u0131\u015f ve refah, zafer ve gurur i\u00e7inde&#8221; dizelerini Arap\u00e7a s\u00f6yleyerek bitirdi.<\/p>\n<p style=\"text-align: justify;\">Erdo\u011fan&#8217;\u0131n konu\u015fmas\u0131 milletvekillerince ayakta alk\u0131\u015fland\u0131.<\/p>\n<p style=\"text-align: justify;\">Ba\u015fbakan Erdo\u011fan daha sonra Meclis Ba\u015fkan\u0131 Usame Nuceyfi ile bir araya gelerek bir s\u00fcre g\u00f6r\u00fc\u015ft\u00fc.<\/p>\n<p style=\"text-align: justify;\">Erdo\u011fan, daha sonra Ba\u011fdat&#8217;taki Devlet Konukevinde d\u00fczenlenen Irak-T\u00fcrk \u0130\u015f Forumu&#8217;nda konu\u015ftu.<\/p>\n<p style=\"text-align: justify;\">Ba\u015fbakan Erdo\u011fan&#8217;a, k\u0131z\u0131 S\u00fcmeyye Erdo\u011fan, Devlet Bakan\u0131 Zafer \u00c7a\u011flayan, D\u0131\u015fi\u015fleri Bakan\u0131 Ahmet Davuto\u011flu, Enerji ve Tabii Kaynaklar Bakan\u0131 Taner Y\u0131ld\u0131z e\u015flik ediyor.<\/p>\n<p style=\"text-align: justify;\"><a href=\"http:\/\/www.cnnturk.com\/2011\/turkiye\/03\/28\/erdogan.irakta.pkk.cagrisi.yapti\/610772.0\/index.html\" target=\"_blank\">CNN T\u00dcRK<\/a><\/p>\n","protected":false},"excerpt":{"rendered":"<p style=\"text-align: justify;\">\n<p style=\"text-align: justify;\">Ba\u015fbakan Recep Tayyip Erdo\u011fan, art\u0131k ter\u00f6r \u00f6rg\u00fct\u00fcn\u00fcn, Irak ile T\u00fcrkiye aras\u0131nda bir \u015fer oda\u011f\u0131 olarak kalmas\u0131n\u0131 istemediklerini belirterek, &#8220;Irak&#8217;la daha fazla dayan\u0131\u015fma i\u00e7inde olursak, b\u00f6lgesel anlamda da karde\u015fli\u011fimiz peki\u015fecek ve y\u00fccelecektir&#8221; dedi. <\/p>\n","protected":false},"author":1,"featured_media":0,"comment_status":"open","ping_status":"closed","sticky":false,"template":"","format":"standard","meta":{"footnotes":""},"categories":[105],"tags":[],"class_list":["post-29874","post","type-post","status-publish","format-standard","hentry","category-gundem","odd"],"_links":{"self":[{"href":"http:\/\/www.korhanyilmaz.com\/index.php?rest_route=\/wp\/v2\/posts\/29874","targetHints":{"allow":["GET"]}}],"collection":[{"href":"http:\/\/www.korhanyilmaz.com\/index.php?rest_route=\/wp\/v2\/posts"}],"about":[{"href":"http:\/\/www.korhanyilmaz.com\/index.php?rest_route=\/wp\/v2\/types\/post"}],"author":[{"embeddable":true,"href":"http:\/\/www.korhanyilmaz.com\/index.php?rest_route=\/wp\/v2\/users\/1"}],"replies":[{"embeddable":true,"href":"http:\/\/www.korhanyilmaz.com\/index.php?rest_route=%2Fwp%2Fv2%2Fcomments&post=29874"}],"version-history":[{"count":0,"href":"http:\/\/www.korhanyilmaz.com\/index.php?rest_route=\/wp\/v2\/posts\/29874\/revisions"}],"wp:attachment":[{"href":"http:\/\/www.korhanyilmaz.com\/index.php?rest_route=%2Fwp%2Fv2%2Fmedia&parent=29874"}],"wp:term":[{"taxonomy":"category","embeddable":true,"href":"http:\/\/www.korhanyilmaz.com\/index.php?rest_route=%2Fwp%2Fv2%2Fcategories&post=29874"},{"taxonomy":"post_tag","embeddable":true,"href":"http:\/\/www.korhanyilmaz.com\/index.php?rest_route=%2Fwp%2Fv2%2Ftags&post=29874"}],"curies":[{"name":"wp","href":"https:\/\/api.w.org\/{rel}","templated":true}]}}