{"id":29866,"date":"2011-03-28T18:32:18","date_gmt":"2011-03-28T15:32:18","guid":{"rendered":"http:\/\/www.korhanyilmaz.com\/?p=29866"},"modified":"2011-03-28T18:32:18","modified_gmt":"2011-03-28T15:32:18","slug":"tusiada-ofke-ayaklarini-denk-alsinlar","status":"publish","type":"post","link":"http:\/\/www.korhanyilmaz.com\/?p=29866","title":{"rendered":"T\u00dcS\u0130AD&#8217;a \u00f6fke: &#8220;Ayaklar\u0131n\u0131 denk als\u0131nlar&#8221;"},"content":{"rendered":"<p style=\"text-align: center;\"><a href=\"http:\/\/www.korhanyilmaz.com\/wp-content\/uploads\/2011\/03\/3332.jpg\"  class=\"lightview\"><img loading=\"lazy\" decoding=\"async\" class=\"aligncenter size-full wp-image-29867\" src=\"http:\/\/www.korhanyilmaz.com\/wp-content\/uploads\/2011\/03\/3332.jpg\" alt=\"\" width=\"307\" height=\"236\" \/><\/a><\/p>\n<p style=\"text-align: justify;\">MHP Genel Ba\u015fkan Yard\u0131mc\u0131s\u0131 B\u00fclent Didinmez, T\u00dcS\u0130AD&#8217;\u0131n Anayasa \u00f6nerisine ili\u015fkin, &#8220;T\u00fcrkiye Cumhuriyeti&#8217;nin varl\u0131k sebebi olan ve Anayasada ifade edilmi\u015f bulunan de\u011fi\u015ftirilemeyecek h\u00fck\u00fcmleri de\u011fi\u015ftirmeyi te\u015febb\u00fcs edenler, ayaklar\u0131n\u0131 denk als\u0131nlar, hadlerini bilsinler&#8221; dedi. <!--more--><\/p>\n<p style=\"text-align: justify;\">MHP Elaz\u0131\u011f milletvekili aday adaylar\u0131 tan\u0131t\u0131m toplant\u0131s\u0131na kat\u0131lmak \u00fczere tarifeli u\u00e7akla kentte gelen Didinmez, havaalan\u0131nda bas\u0131n mensuplar\u0131na yapt\u0131\u011f\u0131 a\u00e7\u0131klamada, T\u00fcrkiye&#8217;nin bug\u00fcn geldi\u011fi noktada uluslararas\u0131 ili\u015fkiler a\u00e7\u0131s\u0131ndan d\u00fcnya devlet ve milletlerinin kar\u015f\u0131s\u0131ndaki itibar\u0131n\u0131n, AK Parti iktidarlar\u0131 taraf\u0131ndan seviyesinin a\u015fa\u011f\u0131lara \u00e7ekildi\u011fini \u00f6ne s\u00fcrd\u00fc.<\/p>\n<p style=\"text-align: justify;\">Genel se\u00e7imler sonras\u0131 hesap sormak i\u00e7in haz\u0131rl\u0131klar\u0131n\u0131 yapt\u0131klar\u0131n\u0131 belirten Didinmez, &#8220;MHP, tek ba\u015f\u0131na iktidar olmak suretiyle milletimizin mensuplar\u0131yla beraber huzur, g\u00fcven, karde\u015flik ve bar\u0131\u015f i\u00e7erisinde refah\u0131n artt\u0131r\u0131ld\u0131\u011f\u0131, zenginli\u011fin adaletle payla\u015f\u0131ld\u0131\u011f\u0131, hukuk ilkelerinin en de\u011ferli ve \u00f6ncelikli itibar edilen, kullan\u0131lan de\u011ferler haline getirildi\u011fi bir T\u00fcrkiye&#8217;yi y\u00fcce milletimize vaat etmekte ve bunu da ba\u015faraca\u011f\u0131na inanmaktad\u0131r&#8221; diye konu\u015ftu.<\/p>\n<p style=\"text-align: justify;\"><strong>T\u00dcS\u0130AD&#8217;\u0131n Anayasa \u00f6nerisi <\/strong><\/p>\n<p style=\"text-align: justify;\">Didinmez, bir gazetecinin &#8220;T\u00dcS\u0130AD&#8217;IN Anayasa \u00f6nerisini nas\u0131l de\u011ferlendiriyorsunuz?&#8221; sorusunu &#8220;T\u00dcS\u0130AD, kendi \u00fczerine vazife olmayan i\u015flerle yakinen ilgilenme hastal\u0131\u011f\u0131ndan bir t\u00fcrl\u00fc kurtulamayan, mahdut (s\u0131n\u0131rl\u0131) say\u0131da mensuplar\u0131n\u0131n hak ve hukukunu kollad\u0131\u011f\u0131 iddias\u0131yla olu\u015fturulmu\u015f bir kurulu\u015f olmakla beraber, haddi a\u015fmakta, \u00e7izmeyi de a\u015fmaktad\u0131r. Millet de bu t\u00fcr anlay\u0131\u015fla hareket edenlere er ya da ge\u00e7 bir cevap verir. T\u00fcrkiye Cumhuriyeti&#8217;nin varl\u0131k sebebi olan ve Anayasada da ifade edilmi\u015f bulunan de\u011fi\u015ftirilemeyecek h\u00fck\u00fcmleri de\u011fi\u015ftirmeyi te\u015febb\u00fcs edenler ayaklar\u0131n\u0131 denk als\u0131nlar, hadlerini bilsinler&#8221; yan\u0131t\u0131n\u0131 verdi.<\/p>\n<p style=\"text-align: justify;\"><a href=\"http:\/\/www.cnnturk.com\/2011\/turkiye\/03\/28\/tusiada.ofke.ayaklarini.denk.alsinlar\/611423.0\/index.html\" target=\"_blank\">CNN T\u00dcRK<\/a><\/p>\n<p>&nbsp;<\/p>\n","protected":false},"excerpt":{"rendered":"<p style=\"text-align: center;\">\n<p style=\"text-align: justify;\">MHP Genel Ba\u015fkan Yard\u0131mc\u0131s\u0131 B\u00fclent Didinmez, T\u00dcS\u0130AD&#8217;\u0131n Anayasa \u00f6nerisine ili\u015fkin, &#8220;T\u00fcrkiye Cumhuriyeti&#8217;nin varl\u0131k sebebi olan ve Anayasada ifade edilmi\u015f bulunan de\u011fi\u015ftirilemeyecek h\u00fck\u00fcmleri de\u011fi\u015ftirmeyi te\u015febb\u00fcs edenler, ayaklar\u0131n\u0131 denk als\u0131nlar, hadlerini bilsinler&#8221; dedi. <\/p>\n","protected":false},"author":1,"featured_media":0,"comment_status":"open","ping_status":"closed","sticky":false,"template":"","format":"standard","meta":{"footnotes":""},"categories":[105],"tags":[],"class_list":["post-29866","post","type-post","status-publish","format-standard","hentry","category-gundem","odd"],"_links":{"self":[{"href":"http:\/\/www.korhanyilmaz.com\/index.php?rest_route=\/wp\/v2\/posts\/29866","targetHints":{"allow":["GET"]}}],"collection":[{"href":"http:\/\/www.korhanyilmaz.com\/index.php?rest_route=\/wp\/v2\/posts"}],"about":[{"href":"http:\/\/www.korhanyilmaz.com\/index.php?rest_route=\/wp\/v2\/types\/post"}],"author":[{"embeddable":true,"href":"http:\/\/www.korhanyilmaz.com\/index.php?rest_route=\/wp\/v2\/users\/1"}],"replies":[{"embeddable":true,"href":"http:\/\/www.korhanyilmaz.com\/index.php?rest_route=%2Fwp%2Fv2%2Fcomments&post=29866"}],"version-history":[{"count":0,"href":"http:\/\/www.korhanyilmaz.com\/index.php?rest_route=\/wp\/v2\/posts\/29866\/revisions"}],"wp:attachment":[{"href":"http:\/\/www.korhanyilmaz.com\/index.php?rest_route=%2Fwp%2Fv2%2Fmedia&parent=29866"}],"wp:term":[{"taxonomy":"category","embeddable":true,"href":"http:\/\/www.korhanyilmaz.com\/index.php?rest_route=%2Fwp%2Fv2%2Fcategories&post=29866"},{"taxonomy":"post_tag","embeddable":true,"href":"http:\/\/www.korhanyilmaz.com\/index.php?rest_route=%2Fwp%2Fv2%2Ftags&post=29866"}],"curies":[{"name":"wp","href":"https:\/\/api.w.org\/{rel}","templated":true}]}}