{"id":29863,"date":"2011-03-28T21:11:14","date_gmt":"2011-03-28T18:11:14","guid":{"rendered":"http:\/\/www.korhanyilmaz.com\/?p=29863"},"modified":"2011-03-28T21:11:14","modified_gmt":"2011-03-28T18:11:14","slug":"kilicdaroglu-oyle-bir-sitemde-bulundu-ki","status":"publish","type":"post","link":"http:\/\/www.korhanyilmaz.com\/?p=29863","title":{"rendered":"K\u0131l\u0131\u00e7daro\u011flu \u00f6yle bir sitemde bulundu ki!"},"content":{"rendered":"<p style=\"text-align: justify;\"><a href=\"http:\/\/www.korhanyilmaz.com\/wp-content\/uploads\/2011\/03\/3322.jpg\"  class=\"lightview\"><img loading=\"lazy\" decoding=\"async\" class=\"aligncenter size-full wp-image-29864\" src=\"http:\/\/www.korhanyilmaz.com\/wp-content\/uploads\/2011\/03\/3322.jpg\" alt=\"\" width=\"292\" height=\"201\" \/><\/a><\/p>\n<p style=\"text-align: justify;\">CHP Genel Ba\u015fkan\u0131 Kemal K\u0131l\u0131\u00e7daro\u011flu, esnaf ve sanatkarlara y\u00f6nelik &#8220;Size bir sitemim de olacak, kusura bakmay\u0131n. Sizi destekliyoruz, sizinle ilgili yap\u0131lan haks\u0131z d\u00fczenlemeleri protesto ediyoruz, yeri geldi\u011finde sizin i\u00e7in biz Meclis&#8217;in Genel Kurulu&#8217;nu terk ettik, yapamazs\u0131n\u0131z bunu diye. Ama sonu\u00e7ta biz sizi savunduk, siz ba\u015fka yeri savundunuz. Bizi savunman\u0131z\u0131 istiyoruz&#8221; dedi. <!--more--><\/p>\n<p style=\"text-align: justify;\">K\u0131l\u0131\u00e7daro\u011flu, TESK Genel Merkezini ziyaret ederek Genel Ba\u015fkan Bendevi Paland\u00f6ken ile bir araya geldi.<\/p>\n<p style=\"text-align: justify;\">G\u00f6r\u00fc\u015fme sonras\u0131 bas\u0131n mensuplar\u0131na a\u00e7\u0131klamalarda bulunan K\u0131l\u0131\u00e7daro\u011flu, esnaf ve sanatkarlar\u0131n problemlerini bildi\u011fini ifade etti.<\/p>\n<p style=\"text-align: justify;\">Esnaf ve sanatkarlar\u0131n sa\u011fl\u0131kl\u0131 \u00e7al\u0131\u015fan sisteminin yok edilmesinin do\u011fru olmad\u0131\u011f\u0131n\u0131 s\u00f6yleyen K\u0131l\u0131\u00e7daro\u011flu, \u015f\u00f6yle konu\u015ftu: &#8220;E\u011fer binlerce esnaf d\u00fckkan\u0131n\u0131 kapat\u0131yorsa bilin ki o \u00fclkede bir sorun var demektir. Binlerce d\u00fckkan\u0131n\u0131 kapatt\u0131\u011f\u0131 ortamda toplumda sa\u011fl\u0131kl\u0131 bir s\u00fcrecin ya\u015fanmad\u0131\u011f\u0131 kan\u0131s\u0131 yay\u0131l\u0131r ve bu kan\u0131 gittik\u00e7e ger\u00e7ek bir s\u00fcrece d\u00f6n\u00fc\u015f\u00fcr. Biz b\u00fcy\u00fck al\u0131\u015fveri\u015f merkezlerine kar\u015f\u0131 de\u011filiz ama Bat\u0131 nas\u0131l \u00e7al\u0131\u015ft\u0131r\u0131yorsa bizim de \u00f6yle \u00e7al\u0131\u015ft\u0131ral\u0131m. Esnaf\u0131n ya\u015famas\u0131 laz\u0131m. Esnaf\u0131 yok ederseniz ne olacak bu kadar insan? Al\u0131\u015fveri\u015f merkezleriyle ilgili yasan\u0131n \u00e7\u0131kmas\u0131n\u0131 istiyoruz. Yasa iki d\u00f6nemdir Parlamento&#8217;ya gelmiyor&#8221;<\/p>\n<p style=\"text-align: justify;\"><strong>&#8220;Sitemim var&#8221; <\/strong><\/p>\n<p style=\"text-align: justify;\">K\u0131l\u0131\u00e7daro\u011flu, esnaf ve sanatkarlara bir siteminin oldu\u011funu belirterek, \u015f\u00f6yle devam etti: &#8220;Kusura bakmay\u0131n. Madem birbirimizi seviyoruz, birbirimizle oturup konu\u015faca\u011f\u0131z, ben sitemlerimi de yapaca\u011f\u0131m size. Sizi destekliyoruz, sizinle ilgili yap\u0131lan haks\u0131z d\u00fczenlemeleri protesto ediyoruz, yeri geldi\u011finde sizin i\u00e7in biz Meclis&#8217;in Genel Kurulu&#8217;nu terk ettik, yapamazs\u0131n\u0131z bunu diye. Ama sonu\u00e7ta biz sizi savunduk, siz ba\u015fka yeri savundunuz. Bizi savunman\u0131z\u0131 istiyoruz. Sizin yan\u0131n\u0131zdaysak, sizi savunuyorsak, sizin \u00e7\u0131karlar\u0131n\u0131z\u0131 savunuyorsak, &#8216;esnaf bu \u00fclkenin \u00e7imentosudur&#8217; diyorsak o zaman sizin deste\u011finize ihtiyac\u0131m\u0131z var.&#8221;<\/p>\n<p style=\"text-align: justify;\"><strong>&#8220;Oylar\u0131n\u0131za talibim&#8221; <\/strong><\/p>\n<p style=\"text-align: justify;\">Esnaf\u0131n, emeklili\u011fi d\u00f6neminde y\u00fczde 40 olan sosyal g\u00fcvenlik destek primlerini, Anayasa Mahkemesi karar\u0131yla y\u00fczde 15&#8217;e \u00e7ekildi\u011fini an\u0131msatan K\u0131l\u0131\u00e7daro\u011flu, &#8220;D\u00fcnyada \u00e7al\u0131\u015fan bir insan\u0131n cezaland\u0131r\u0131ld\u0131\u011f\u0131 bir model g\u00f6rd\u00fcn\u00fcz m\u00fc? Sadece bizde var&#8221; dedi.<\/p>\n<p style=\"text-align: justify;\">CHP&#8217;nin haz\u0131rlad\u0131\u011f\u0131, &#8220;Aile Sigortas\u0131 Projesi&#8221;nin T\u00fcrkiye&#8217;deki 9. sigorta dal\u0131 olaca\u011f\u0131n\u0131 savunan K\u0131l\u0131\u00e7daro\u011flu, yoksul ailelerde kad\u0131nlar\u0131n banka hesaplar\u0131na her ay en az 600 TL \u00f6deme yat\u0131r\u0131laca\u011f\u0131n\u0131 anlatt\u0131.<\/p>\n<p style=\"text-align: justify;\">Bu ailenin alaca\u011f\u0131 paran\u0131n esnaf\u0131n kasas\u0131na girece\u011fini ifade eden K\u0131l\u0131\u00e7daro\u011flu, &#8220;Sizin \u00fcyelerinizin veresiye defteri olmayacak. Sonra o bakkal gidip fabrikadan mal\u0131n\u0131 alacak. Reel sekt\u00f6r desteklenecek. T\u00fcrkiye daha g\u00fc\u00e7l\u00fc olacak&#8221; diye konu\u015ftu.<\/p>\n<p style=\"text-align: justify;\">&#8220;\u0130stiyoruz ki bir \u00e7ocuk bile yata\u011fa a\u00e7 girmesin&#8221; diyen K\u0131l\u0131\u00e7daro\u011flu, yoksulluk konusunda ara\u015ft\u0131rma yapan ODT\u00dc&#8217;den bir \u00f6\u011fretim \u00fcyesine y\u00f6neltti\u011fi &#8220;yoksullar\u0131 nereden buluyorsunuz?&#8221; sorusuna &#8220;bakkallardan&#8221; yan\u0131t\u0131n\u0131 ald\u0131\u011f\u0131n\u0131 anlatt\u0131.<\/p>\n<p style=\"text-align: justify;\">T\u00fcrkiye&#8217;de binlerce esnaf\u0131n d\u00fckkan\u0131n\u0131 kapatt\u0131\u011f\u0131n\u0131 ileri s\u00fcren K\u0131l\u0131\u00e7daro\u011flu, &#8220;(Al\u0131\u015fveri\u015f merkezleri Bat\u0131 standartlar\u0131nda olsun) niye diyoruz? Al\u0131\u015fveri\u015f merkezleri yasaya g\u00f6re haftan\u0131n bir g\u00fcn\u00fc kapal\u0131d\u0131r. \u00c7\u00fcnk\u00fc en az\u0131ndan bir g\u00fcn vatanda\u015f gidip esnaftan al\u0131\u015fveri\u015f yaps\u0131n. Bir g\u00fcn de o bari faydalans\u0131n bundan. Bunu istemek haks\u0131zl\u0131ksa bize oy vermeyin. E\u011fer bunu istemek sizin \u00e7\u0131karlar\u0131n\u0131z\u0131 ve bu \u00fclkenin sa\u011fl\u0131kl\u0131, dengeli b\u00fcy\u00fcmesini savunmaksa sizin oylar\u0131n\u0131za talibim. Biz T\u00fcrkiye&#8217;yi el birli\u011fiyle b\u00fcy\u00fctmeliyiz&#8221; dedi.<\/p>\n<p style=\"text-align: justify;\"><strong>Paland\u00f6ken: &#8220;K\u0131l\u0131\u00e7daro\u011flu her zaman esnaf\u0131n yan\u0131nda&#8221; <\/strong><\/p>\n<p style=\"text-align: justify;\">TESK Genel Ba\u015fkan\u0131 Bendevi Paland\u00f6ken, K\u0131l\u0131\u00e7daro\u011flu&#8217;nun ziyarete &#8220;Nisan m\u00fcjdeleriyle&#8221; geldi\u011fini ifade etti.<\/p>\n<p style=\"text-align: justify;\">K\u0131l\u0131\u00e7daro\u011flu ile daha \u00f6nceki g\u00f6revleri s\u0131ras\u0131nda birlikte \u00e7al\u0131\u015ft\u0131\u011f\u0131n\u0131 anlatan Paland\u00f6ken, K\u0131l\u0131\u00e7daro\u011flu&#8217;nun her zaman esnaf\u0131n yan\u0131nda oldu\u011funu s\u00f6yledi.<\/p>\n<p style=\"text-align: justify;\">CHP Lideri&#8217;nin esnaf\u0131n ko\u015fullar\u0131n\u0131 &#8220;ezbere bildi\u011fini&#8221; belirten Paland\u00f6ken, K\u0131l\u0131\u00e7daro\u011flu&#8217;nun partisinin grup toplant\u0131lar\u0131nda TESK&#8217;in ve esnaf\u0131n genel taleplerinin yan\u0131nda oldu\u011funu bildirdi\u011fini de hat\u0131rlatt\u0131.<\/p>\n<p style=\"text-align: justify;\">&#8220;Genel Kurulu&#8217;muza geldi, bir ilki ya\u015fatt\u0131 bize ana muhalefet lideri olarak. O zaman H\u00fck\u00fcmetin Say\u0131n Ba\u015fbakan\u0131 da yan\u0131m\u0131zdayd\u0131. Hatta oradaki o ortak g\u00f6r\u00fcn\u00fcmleri \u00fclkedeki bir \u00e7ok siyasi gerginlikleri bile sona erdirdi. Kendisinin ne \u015fekilde uzla\u015fmac\u0131, ne \u015fekilde esnaf ve zanaatkarlarla birlikte hareket etti\u011fini biliyoruz&#8221; diyen Paland\u00f6ken, se\u00e7im arifesinde TESK&#8217;i ziyaret eden ilk siyasi parti oldu\u011fu i\u00e7in CHP&#8217;ye te\u015fekk\u00fcr etti.<\/p>\n<p style=\"text-align: justify;\">Paland\u00f6ken&#8217;in toplant\u0131ya kat\u0131lan illerdeki esnaf ve sanatkar odalar\u0131 birli\u011fi ba\u015fkanlar\u0131n\u0131 tek tek tan\u0131tmas\u0131 s\u0131ras\u0131nda Rize Ba\u015fkan\u0131n\u0131n ayakta oldu\u011funu g\u00f6ren K\u0131l\u0131\u00e7daro\u011flu, esprili \u015fekilde &#8220;Rize&#8217;yi ayakta tutmu\u015fsunuz. Onu cezaland\u0131r\u0131yor musunuz?&#8221; dedi.<\/p>\n<p style=\"text-align: justify;\">K\u0131l\u0131\u00e7daro\u011flu&#8217;na \u00f6nceden \u00e7ektirdikleri bir foto\u011fraf\u0131 da hediye eden Paland\u00f6ken, &#8220;\u0130kimizin de sa\u00e7lar\u0131 simsiyaht\u0131 o zaman&#8221; diye konu\u015ftu.<\/p>\n<p style=\"text-align: justify;\">Kemal K\u0131l\u0131\u00e7daro\u011flu, gazetecilerin g\u00fcndeme ili\u015fkin sorular\u0131na ise yan\u0131t vermedi.<\/p>\n<p style=\"text-align: justify;\"><a href=\"http:\/\/www.cnnturk.com\/2011\/turkiye\/03\/28\/kilicdaroglu.oyle.bir.sitemde.bulundu.ki\/611428.0\/index.html\" target=\"_blank\">CNN T\u00dcRK<\/a><\/p>\n","protected":false},"excerpt":{"rendered":"<p style=\"text-align: justify;\">\n<p style=\"text-align: justify;\">CHP Genel Ba\u015fkan\u0131 Kemal K\u0131l\u0131\u00e7daro\u011flu, esnaf ve sanatkarlara y\u00f6nelik &#8220;Size bir sitemim de olacak, kusura bakmay\u0131n. Sizi destekliyoruz, sizinle ilgili yap\u0131lan haks\u0131z d\u00fczenlemeleri protesto ediyoruz, yeri geldi\u011finde sizin i\u00e7in biz Meclis&#8217;in Genel Kurulu&#8217;nu terk ettik, yapamazs\u0131n\u0131z bunu diye. Ama sonu\u00e7ta biz sizi savunduk, siz ba\u015fka yeri savundunuz. Bizi savunman\u0131z\u0131 istiyoruz&#8221; <\/p>\n","protected":false},"author":1,"featured_media":0,"comment_status":"open","ping_status":"closed","sticky":false,"template":"","format":"standard","meta":{"footnotes":""},"categories":[105],"tags":[],"class_list":["post-29863","post","type-post","status-publish","format-standard","hentry","category-gundem","odd"],"_links":{"self":[{"href":"http:\/\/www.korhanyilmaz.com\/index.php?rest_route=\/wp\/v2\/posts\/29863","targetHints":{"allow":["GET"]}}],"collection":[{"href":"http:\/\/www.korhanyilmaz.com\/index.php?rest_route=\/wp\/v2\/posts"}],"about":[{"href":"http:\/\/www.korhanyilmaz.com\/index.php?rest_route=\/wp\/v2\/types\/post"}],"author":[{"embeddable":true,"href":"http:\/\/www.korhanyilmaz.com\/index.php?rest_route=\/wp\/v2\/users\/1"}],"replies":[{"embeddable":true,"href":"http:\/\/www.korhanyilmaz.com\/index.php?rest_route=%2Fwp%2Fv2%2Fcomments&post=29863"}],"version-history":[{"count":0,"href":"http:\/\/www.korhanyilmaz.com\/index.php?rest_route=\/wp\/v2\/posts\/29863\/revisions"}],"wp:attachment":[{"href":"http:\/\/www.korhanyilmaz.com\/index.php?rest_route=%2Fwp%2Fv2%2Fmedia&parent=29863"}],"wp:term":[{"taxonomy":"category","embeddable":true,"href":"http:\/\/www.korhanyilmaz.com\/index.php?rest_route=%2Fwp%2Fv2%2Fcategories&post=29863"},{"taxonomy":"post_tag","embeddable":true,"href":"http:\/\/www.korhanyilmaz.com\/index.php?rest_route=%2Fwp%2Fv2%2Ftags&post=29863"}],"curies":[{"name":"wp","href":"https:\/\/api.w.org\/{rel}","templated":true}]}}