{"id":29858,"date":"2011-03-28T17:50:47","date_gmt":"2011-03-28T14:50:47","guid":{"rendered":"http:\/\/www.korhanyilmaz.com\/?p=29858"},"modified":"2011-03-28T17:50:47","modified_gmt":"2011-03-28T14:50:47","slug":"maas-kavgasi","status":"publish","type":"post","link":"http:\/\/www.korhanyilmaz.com\/?p=29858","title":{"rendered":"Maa\u015f kavgas\u0131"},"content":{"rendered":"<p style=\"text-align: center;\"><a href=\"..\/wp-content\/uploads\/2011\/03\/3312.jpg\"><img loading=\"lazy\" decoding=\"async\" src=\"..\/wp-content\/uploads\/2011\/03\/3312.jpg\" alt=\"\" width=\"384\" height=\"198\" \/><\/a><\/p>\n<p style=\"text-align: justify;\">Anayasa Mahkemesi ba\u015fkan ve \u00fcyelerinin maa\u015flar\u0131 tart\u0131\u015fma yaratt\u0131. AYM\u2019nin yap\u0131s\u0131n\u0131 de\u011fi\u015ftirecek yasa tasar\u0131s\u0131yla birlikte AYM ba\u015fkan ve \u00fcyelerinin alacaklar\u0131 maa\u015flar, Ba\u015fbakan\u2019\u0131n maa\u015f\u0131n\u0131 da geride b\u0131rakacak. <!--more--><\/p>\n<p style=\"text-align: justify;\">Tasar\u0131n\u0131n y\u00fcr\u00fcrl\u00fcl\u00fck ve y\u00fcr\u00fctme maddeleri d\u0131\u015f\u0131nda kalan b\u00f6l\u00fcmleri TBMM\u2019de kabul edildi. AYM\u2019nin ba\u015fkan ve \u00fcyeleri ile bunlar\u0131n emeklileri, raport\u00f6rler ve ailelerinin sa\u011fl\u0131k giderlerine getirilecek d\u00fczenleme ise, tart\u0131\u015fmalar\u0131n ard\u0131ndan komisyona \u00e7ekildi.<\/p>\n<p style=\"text-align: justify;\">AYM Ba\u015fkan\u0131, \u00fcyeleri ve raport\u00f6rlerinin maa\u015flar\u0131 art\u0131racak madde ise gerilim yaratt\u0131. CHP\u2019li \u0130sa G\u00f6k, \u201cAnayasa Mahkemesi Ba\u015fkan\u0131n\u0131n alaca\u011f\u0131 \u00fccret 9 bin 554 liraya, \u00fcyelerin ise 8 bin 661 liraya \u00e7\u0131k\u0131yor. Ba\u015fkan\u0131n emekli maa\u015f\u0131 6 bin 687 lira, \u00fcyelerinki ise 6 bin 062 lira olacak. Bu ki\u015filerin di\u011fer yarg\u0131dan, devlete \u00e7al\u0131\u015fan, kamu g\u00f6revlisi binlerce insandan ne \u00f6zellikleri var?\u2019\u2019 dedi.<\/p>\n<p style=\"text-align: justify;\"><strong>PERFORMANS DA VAR<\/strong><\/p>\n<p style=\"text-align: justify;\">Yasa y\u00fcr\u00fcrl\u00fc\u011fe girdi\u011finde Anayasa Mahkemesi Ba\u015fkan\u0131 ve \u00fcyelerin maa\u015flar\u0131 2 bin 478, raport\u00f6rlerin maa\u015flar\u0131 ise 485 lira artacak. Ba\u015fkan Ha\u015fim K\u0131l\u0131\u00e7 9 bin 542, ba\u015fkan yard\u0131mc\u0131s\u0131 8 bin 767, \u00fcyeler ise 8 bin 552 lira maa\u015f alacaklar.<\/p>\n<p style=\"text-align: justify;\">K\u0131l\u0131\u00e7, \u201cbireysel ba\u015fvuru \u00f6dene\u011fi\u201d ad\u0131 alt\u0131nda da ayl\u0131k 2 bin 500, performans \u00f6demesinden ise 318 lira alacak. B\u00f6ylece Ba\u015fkan K\u0131l\u0131\u00e7\u2019\u0131n maa\u015f\u0131 12 bin 360 liraya \u00e7\u0131kacak ve yakla\u015f\u0131k 11 bin 500 lira maa\u015f\u0131 olan ba\u015fbakan ve bakanlar ile 10 bin 900 lira maa\u015f alan milletvekillerini geride b\u0131rakacak.<\/p>\n<p style=\"text-align: justify;\"><a href=\"http:\/\/www.gazeteport.com.tr\/GUNCEL\/NEWS\/GP_876803\" target=\"_blank\">Kaynak : Yusuf SAH\u0130C\u0130 &#8211; GAZETEPORT<\/a><\/p>\n","protected":false},"excerpt":{"rendered":"<p style=\"text-align: center;\">\n<p style=\"text-align: justify;\">Anayasa Mahkemesi ba\u015fkan ve \u00fcyelerinin maa\u015flar\u0131 tart\u0131\u015fma yaratt\u0131. AYM\u2019nin yap\u0131s\u0131n\u0131 de\u011fi\u015ftirecek yasa tasar\u0131s\u0131yla birlikte AYM ba\u015fkan ve \u00fcyelerinin alacaklar\u0131 maa\u015flar, Ba\u015fbakan\u2019\u0131n maa\u015f\u0131n\u0131 da geride b\u0131rakacak. <\/p>\n","protected":false},"author":1,"featured_media":0,"comment_status":"open","ping_status":"closed","sticky":false,"template":"","format":"standard","meta":{"footnotes":""},"categories":[105],"tags":[],"class_list":["post-29858","post","type-post","status-publish","format-standard","hentry","category-gundem","odd"],"_links":{"self":[{"href":"http:\/\/www.korhanyilmaz.com\/index.php?rest_route=\/wp\/v2\/posts\/29858","targetHints":{"allow":["GET"]}}],"collection":[{"href":"http:\/\/www.korhanyilmaz.com\/index.php?rest_route=\/wp\/v2\/posts"}],"about":[{"href":"http:\/\/www.korhanyilmaz.com\/index.php?rest_route=\/wp\/v2\/types\/post"}],"author":[{"embeddable":true,"href":"http:\/\/www.korhanyilmaz.com\/index.php?rest_route=\/wp\/v2\/users\/1"}],"replies":[{"embeddable":true,"href":"http:\/\/www.korhanyilmaz.com\/index.php?rest_route=%2Fwp%2Fv2%2Fcomments&post=29858"}],"version-history":[{"count":0,"href":"http:\/\/www.korhanyilmaz.com\/index.php?rest_route=\/wp\/v2\/posts\/29858\/revisions"}],"wp:attachment":[{"href":"http:\/\/www.korhanyilmaz.com\/index.php?rest_route=%2Fwp%2Fv2%2Fmedia&parent=29858"}],"wp:term":[{"taxonomy":"category","embeddable":true,"href":"http:\/\/www.korhanyilmaz.com\/index.php?rest_route=%2Fwp%2Fv2%2Fcategories&post=29858"},{"taxonomy":"post_tag","embeddable":true,"href":"http:\/\/www.korhanyilmaz.com\/index.php?rest_route=%2Fwp%2Fv2%2Ftags&post=29858"}],"curies":[{"name":"wp","href":"https:\/\/api.w.org\/{rel}","templated":true}]}}