{"id":29848,"date":"2011-03-28T18:14:51","date_gmt":"2011-03-28T15:14:51","guid":{"rendered":"http:\/\/www.korhanyilmaz.com\/?p=29848"},"modified":"2011-03-28T18:14:51","modified_gmt":"2011-03-28T15:14:51","slug":"ahmet-sikin-kafasina-sikin","status":"publish","type":"post","link":"http:\/\/www.korhanyilmaz.com\/?p=29848","title":{"rendered":"&#8220;Ahmet \u015e\u0131k&#8217;\u0131n kafas\u0131na s\u0131k\u0131n&#8221;"},"content":{"rendered":"<div id=\"attachment_29849\" style=\"width: 428px\" class=\"wp-caption aligncenter\"><a title=\"Deniz Harp Okulu komutanl\u0131\u011f\u0131 g\u00f6revinden istifa eden Tu\u011famiral T\u00fcrker Ert\u00fcrk\" href=\"http:\/\/www.korhanyilmaz.com\/wp-content\/uploads\/2011\/03\/3282.jpg\"  class=\"lightview\"><img loading=\"lazy\" decoding=\"async\" aria-describedby=\"caption-attachment-29849\" class=\"size-full wp-image-29849  \" title=\"Deniz Harp Okulu komutanl\u0131\u011f\u0131 g\u00f6revinden istifa eden Tu\u011famiral T\u00fcrker Ert\u00fcrk\" src=\"http:\/\/www.korhanyilmaz.com\/wp-content\/uploads\/2011\/03\/3282.jpg\" alt=\"\" width=\"418\" height=\"241\" \/><\/a><p id=\"caption-attachment-29849\" class=\"wp-caption-text\">Deniz Harp Okulu komutanl\u0131\u011f\u0131 g\u00f6revinden istifa eden Tu\u011famiral T\u00fcrker Ert\u00fcrk<\/p><\/div>\n<p style=\"text-align: justify;\">Deniz Harp Okulu komutanl\u0131\u011f\u0131 g\u00f6revinden istifa eden Tu\u011famiral T\u00fcrker Ert\u00fcrk, \u2018\u2019Ahmet \u015e\u0131k\u2019\u0131n bas\u0131lmam\u0131\u015f kitab\u0131n\u0131  imha ettiler. Yeniden yazabilir. Bence kafas\u0131na kur\u015fun s\u0131k\u0131n\u2019\u2019 dedi.<!--more--><\/p>\n<p style=\"text-align: justify;\">ANKARA- Deniz Harp Okulu komutanl\u0131\u011f\u0131 g\u00f6revinden istifa eden Tu\u011famiral T\u00fcrker Ert\u00fcrk, \u2018\u2019Ahmet \u015e\u0131k\u2019\u0131n bas\u0131lmam\u0131\u015f kitab\u0131n\u0131 sildiler, imha ettiler ve yok ettiler. Yeniden yazabilir. Bence kafas\u0131na kur\u015fun s\u0131k\u0131n\u2019\u2019 dedi. Ert\u00fcrk, Trabzon\u2019da yay\u0131n yapan Haber 61 adl\u0131 internet sitesinde \u015funlar\u0131 yazd\u0131:<\/p>\n<p style=\"text-align: justify;\">\u2018\u2019Geldi\u011fimiz ileri demokrasi budur. Bu kitab\u0131 okumak i\u00e7in yan\u0131p tutu\u015fuyorum. Yapt\u0131klar\u0131 yeterli de\u011fil tekrar yazabilir. Bence kafas\u0131na kur\u015fun s\u0131k\u0131n . \u00c7\u00fcnk\u00fc o d\u00fc\u015f\u00fcn\u00fcyor ve sorguluyor, biliyorsunuz b\u00f6yle kafalara zararl\u0131 fikirler \u00fc\u015f\u00fc\u015f\u00fcr\u2019\u2019<\/p>\n<p style=\"text-align: justify;\">Londra\u2019da Birkbeck \u00dcniversitesi&#8217;nde yap\u0131lan bir toplant\u0131ya da kat\u0131lan Ert\u00fcrk, bu toplant\u0131da yer alan T\u00fcrklere anlatt\u0131klar\u0131n\u0131 da kaleme ald\u0131 ve \u015f\u00f6yle dedi:<\/p>\n<p style=\"text-align: justify;\">\u2018\u2019Onlara, \u00fclkemizdeki ileri demokrasiyi, \u0130ngiltere\u2019yi bile yaya b\u0131rakt\u0131\u011f\u0131m\u0131z\u0131, polis devletini, 12 Eyl\u00fcl d\u00f6nemine rahmet okutan fa\u015fist uygulamalar\u0131, \u00f6zel hayat\u0131n gizlili\u011fi kavram\u0131n\u0131n yok edildi\u011fini, Hukukun siyasalla\u015ft\u0131\u011f\u0131n\u0131, istenmeyen hakim ve savc\u0131lar\u0131n ba\u015f\u0131na felaketler geldi\u011fini, Ter\u00f6ristlerin korunup, kahramanlar\u0131n zindanlarda \u00e7\u00fcr\u00fct\u00fcld\u00fc\u011f\u00fcn\u00fc, muhaliflerin ve yanda\u015f olmayan gazetecilerin tutukland\u0131\u011f\u0131n\u0131, kahraman T\u00fcrk Silahl\u0131 kuvvetlerinin tasfiye edildi\u011fini, Din istismar\u0131n\u0131n hat safhada oldu\u011funu ve laikli\u011fin yok edildi\u011fini, sinmeyenlerin ve tasfiye edilmek istenenlerin bilgisayarlar\u0131na, telefonlar\u0131na, evlerine ve i\u015f yerlerine delil at\u0131ld\u0131\u011f\u0131n\u0131,  AKP\u2019nin iktidarda kald\u0131\u011f\u0131 her dakika \u00fclkemize onanmaz zararlar verdi\u011fini anlatt\u0131m\u2019\u2019<\/p>\n<p style=\"text-align: justify;\"><a href=\"http:\/\/www.gazeteport.com.tr\/GUNCEL\/NEWS\/GP_877328\" target=\"_blank\">Kaynak : GAZETEPORT<\/a><\/p>\n","protected":false},"excerpt":{"rendered":"<p id=\"caption-attachment-29849\" class=\"wp-caption-text\">Deniz Harp Okulu komutanl\u0131\u011f\u0131 g\u00f6revinden istifa eden Tu\u011famiral T\u00fcrker Ert\u00fcrk<\/p>\n<p style=\"text-align: justify;\">Deniz Harp Okulu komutanl\u0131\u011f\u0131 g\u00f6revinden istifa eden Tu\u011famiral T\u00fcrker Ert\u00fcrk, \u2018\u2019Ahmet \u015e\u0131k\u2019\u0131n bas\u0131lmam\u0131\u015f kitab\u0131n\u0131 imha ettiler. Yeniden yazabilir. Bence kafas\u0131na kur\u015fun s\u0131k\u0131n\u2019\u2019 dedi.<\/p>\n","protected":false},"author":1,"featured_media":0,"comment_status":"open","ping_status":"closed","sticky":false,"template":"","format":"standard","meta":{"footnotes":""},"categories":[105],"tags":[],"class_list":["post-29848","post","type-post","status-publish","format-standard","hentry","category-gundem","odd"],"_links":{"self":[{"href":"http:\/\/www.korhanyilmaz.com\/index.php?rest_route=\/wp\/v2\/posts\/29848","targetHints":{"allow":["GET"]}}],"collection":[{"href":"http:\/\/www.korhanyilmaz.com\/index.php?rest_route=\/wp\/v2\/posts"}],"about":[{"href":"http:\/\/www.korhanyilmaz.com\/index.php?rest_route=\/wp\/v2\/types\/post"}],"author":[{"embeddable":true,"href":"http:\/\/www.korhanyilmaz.com\/index.php?rest_route=\/wp\/v2\/users\/1"}],"replies":[{"embeddable":true,"href":"http:\/\/www.korhanyilmaz.com\/index.php?rest_route=%2Fwp%2Fv2%2Fcomments&post=29848"}],"version-history":[{"count":0,"href":"http:\/\/www.korhanyilmaz.com\/index.php?rest_route=\/wp\/v2\/posts\/29848\/revisions"}],"wp:attachment":[{"href":"http:\/\/www.korhanyilmaz.com\/index.php?rest_route=%2Fwp%2Fv2%2Fmedia&parent=29848"}],"wp:term":[{"taxonomy":"category","embeddable":true,"href":"http:\/\/www.korhanyilmaz.com\/index.php?rest_route=%2Fwp%2Fv2%2Fcategories&post=29848"},{"taxonomy":"post_tag","embeddable":true,"href":"http:\/\/www.korhanyilmaz.com\/index.php?rest_route=%2Fwp%2Fv2%2Ftags&post=29848"}],"curies":[{"name":"wp","href":"https:\/\/api.w.org\/{rel}","templated":true}]}}