{"id":29844,"date":"2011-03-28T17:07:19","date_gmt":"2011-03-28T14:07:19","guid":{"rendered":"http:\/\/www.korhanyilmaz.com\/?p=29844"},"modified":"2011-03-28T17:07:19","modified_gmt":"2011-03-28T14:07:19","slug":"turk-haykirisimiz-misir-ve-libyadan-buyuk-olacak","status":"publish","type":"post","link":"http:\/\/www.korhanyilmaz.com\/?p=29844","title":{"rendered":"T\u00fcrk: Hayk\u0131r\u0131\u015f\u0131m\u0131z M\u0131s\u0131r ve Libya&#8217;dan b\u00fcy\u00fck olacak"},"content":{"rendered":"<p style=\"text-align: center;\"><a href=\"http:\/\/www.korhanyilmaz.com\/wp-content\/uploads\/2011\/03\/3272.jpg\"  class=\"lightview\"><img loading=\"lazy\" decoding=\"async\" class=\"aligncenter size-full wp-image-29845\" src=\"http:\/\/www.korhanyilmaz.com\/wp-content\/uploads\/2011\/03\/3272.jpg\" alt=\"\" width=\"336\" height=\"223\" \/><\/a><\/p>\n<p style=\"text-align: justify;\">Ahmet T\u00fcrk: Tunus, Libya ve M\u0131s\u0131r&#8217;da \u00f6zg\u00fcrl\u00fck \u00e7\u0131\u011fl\u0131klar\u0131 y\u00fckseliyor. \u0130nan\u0131n ki bizim hayk\u0131r\u0131\u015f\u0131m\u0131z daha b\u00fcy\u00fck olacak. Biz M\u0131s\u0131r Tunus, Libya&#8217;dan daha y\u00fcksek sesle \u00f6zg\u00fcrl\u00fc\u011f\u00fcm\u00fcz\u00fc isteyece\u011fiz.<!--more--><\/p>\n<p style=\"text-align: justify;\">S\u0130\u0130RT- BDP Genel Ba\u015fkan\u0131 Selahattin Demirta\u015f, 1986 y\u0131l\u0131nda g\u00fcvenlik g\u00fc\u00e7leriyle girdi\u011fi \u00e7at\u0131\u015fmada \u00f6ld\u00fcr\u00fclen PKK\u2019n\u0131n kurucular\u0131ndan Mahsun Korkmaz\u2019\u0131n \u00f6l\u00fcm y\u0131ld\u00f6n\u00fcm\u00fcnde Siirt\u2019te Kasaplar Deresi\u2019ne d\u00fczenlenen y\u00fcr\u00fcy\u00fc\u015fte Ba\u015fbakan Erdo\u011fan\u2019a seslenerek, &#8220;Sizin zihniyetiniz askeri zihniyettir. Bizim y\u00fcre\u011fimizde, beynimizde sivildir. \u00c7\u00f6z\u00fcm \u00f6nerilerimizde sivildir. Ba\u015fbakan diyor ki, &#8216;oy,koltuk u\u011fruna b\u00f6lgeyi geriyorlar.\u2019 Bak\u0131n bu meydanda halk\u0131n huzurunda s\u00f6z veriyoruz, bu 4 talebi kar\u015f\u0131la e\u015fba\u015fkanlar olarak aday olmayaca\u011f\u0131z. Koltuk senin olsun. 11 Nisan&#8217;a kadar zaman\u0131n var. Hadi bu talepleri kabul et, biz aday olmayaca\u011f\u0131z&#8221; dedi.<\/p>\n<p style=\"text-align: justify;\">BDP, PKK\u2019n\u0131n kurucular\u0131ndan olan ve 28 Mart 1986 y\u0131l\u0131nda g\u00fcvenlik g\u00fc\u00e7leriyle girdi\u011fi \u00e7at\u0131\u015fmada \u00f6ld\u00fcr\u00fclen Mahsun Korkmaz\u2019\u0131n \u00f6l\u00fcm y\u0131ld\u00f6n\u00fcm\u00fcnde Siirt\u2019te, 200 PKK\u2019l\u0131n\u0131n toplu olarak g\u00f6m\u00fcld\u00fc\u011f\u00fc iddia edilen Kasaplar Deresi\u2019ne y\u00fcr\u00fcy\u00fc\u015f d\u00fczenledi. Diyarbak\u0131r, Van Hakkari, Batman, Mardin, \u015e\u0131rnak, I\u011fd\u0131r ve b\u00f6lgenin di\u011fer illerinden BDP\u2019nin \u00e7a\u011fr\u0131s\u0131 \u00fczerine sabah saatlerinde Siirt\u2019te toplanan 40 bin ki\u015fi, \u015fehir merkezinden 2 kilometre mesafedeki Kasaplar Deresi\u2019ne y\u00fcr\u00fcd\u00fc. Y\u00fcr\u00fcy\u00fc\u015fe BDP Genel Ba\u015fkan\u0131 Selahattin Demirta\u015f, Grup Ba\u015fkan Vekili Bengi Y\u0131ld\u0131z ile milletvekilleri Hasip Kaplan, Emine Ayna, Ayla Akat Ata, Osman \u00d6z\u00e7elik, Pervin Buldan, Sebahat Tuncel, \u00d6zdal \u00dc\u00e7er, Hamit Geylani, Fatma Kurtalan da kat\u0131l\u0131rken, y\u00fcr\u00fcy\u00fc\u015f s\u0131ras\u0131nda PKK flamalar\u0131 ve Abdullah \u00d6calan foto\u011fraflar\u0131 a\u00e7\u0131ld\u0131.<\/p>\n<p style=\"text-align: justify;\">Y\u00fcr\u00fcy\u00fc\u015fte, \u2018K\u00fcrtler mutlaka toplu mezarlar\u0131n hesab\u0131n\u0131 soracak\u2019, \u2018Navala kasabas\u0131n\u0131n \u015fehitlerini sayg\u0131 ile an\u0131yoruz\u2019, \u2018Nevala kasaba insanl\u0131\u011f\u0131n g\u00f6m\u00fcld\u00fc\u011f\u00fc yerdir\u2019 pankartlar\u0131 ta\u015f\u0131nd\u0131. Yol boyunca BDP otob\u00fcs\u00fcnden K\u00fcrt\u00e7e \u015fark\u0131lar ve mar\u015flar\u0131n yan\u0131 s\u0131ra Musa Anter\u2019in sesinden K\u00fcrt\u00e7e &#8216;Kasaplar Deresi&#8217; \u015fiiri ile \u0130lkay Akkaya\u2019n\u0131n \u2018Oy Navala\u2019 t\u00fcrk\u00fcs\u00fc dinletildi. Y\u00fcr\u00fcy\u00fc\u015fe kat\u0131lan baz\u0131 kad\u0131nlar ise, 1990\u2019l\u0131 y\u0131llarda kaybettikleri yak\u0131nlar\u0131n\u0131n resimlerini ta\u015f\u0131d\u0131.<\/p>\n<p style=\"text-align: justify;\">\u00c7at\u0131\u015fmada \u00f6ld\u00fcr\u00fcld\u00fckten sonra Kasaplar Deresi\u2019ne g\u00f6m\u00fcld\u00fc\u011f\u00fc iddia edilen Mahsun Korkmaz\u2019\u0131n erkek ve k\u0131z karde\u015fi de y\u00fcr\u00fcy\u00fc\u015f\u00fcn ard\u0131ndan BDP otob\u00fcs\u00fc \u00fczerinden y\u00fcr\u00fcy\u00fc\u015fe kat\u0131lanlar\u0131 selamlad\u0131.<\/p>\n<p style=\"text-align: justify;\"><strong>AHMET T\u00dcRK: B\u0130Z\u0130M HAYKIRI\u015eIMIZ DAHA B\u00dcY\u00dcK OLACAK <\/strong><\/p>\n<p style=\"text-align: justify;\">Kasaplar Deresi&#8217;nde sayg\u0131n\u0131n duru\u015funun ard\u0131ndan K\u00fcrt\u00e7e konu\u015fan Demokratik Toplum Kongresi (DTK) Genel Ba\u015fkan\u0131 Ahmet T\u00fcrk, \u015funlar\u0131 s\u00f6yledi: &#8220;Binlerce ki\u015fi buraya \u00f6zg\u00fcrl\u00fck sesini y\u00fckseltmek i\u00e7in geldi. Bu y\u00fckselen ses g\u00fcn be g\u00fcn daha b\u00fcy\u00fcyor ve \u00f6zg\u00fcrl\u00fc\u011fe do\u011fru gidiyor. Bug\u00fcn t\u00fcm K\u00fcrdistan kentlerinde kahraman \u015fehitleri i\u00e7in burada topland\u0131lar. Bu bekleyi\u015f ve bu sab\u0131r \u00f6n\u00fcm\u00fczdeki g\u00fcnlerin habercisidir. Bug\u00fcnk\u00fc \u00f6zg\u00fcrl\u00fc\u011f\u00fcm\u00fcz o kahramanlar sayesindedir. Bug\u00fcn Nevala kasabadaki katliamlar sadece burada de\u011fil 1925 y\u0131l\u0131ndan bu yana devam ediyor. Biz T\u00fcrkerlin d\u00fc\u015fman\u0131 de\u011filiz. Biz karde\u015flik birlik istiyoruz. Do\u011frusu y\u0131llard\u0131r kirli sava\u015f s\u00fcrd\u00fcr\u00fcl\u00fcyor. Karde\u015fli\u011fimiz daha da b\u00fcy\u00fcs\u00fcn istiyoruz. Adalet ve \u00f6zg\u00fcrl\u00fc\u011f\u00fcm\u00fcz\u00fc her g\u00fcn kat be kat isteyece\u011fiz. Tunus, Libya ve M\u0131s\u0131r\u2019da \u00f6zg\u00fcrl\u00fck \u00e7\u0131\u011fl\u0131klar\u0131 y\u00fckseliyor. \u0130nan\u0131n ki bizim hayk\u0131r\u0131\u015f\u0131m\u0131z daha b\u00fcy\u00fck olacak. Biz M\u0131s\u0131r Tunus, Libya\u2019dan daha y\u00fcksek sesle \u00f6zg\u00fcrl\u00fc\u011f\u00fcm\u00fcz\u00fc isteyece\u011fiz.&#8221;<\/p>\n<p style=\"text-align: justify;\"><strong>DEM\u0130RTA\u015e: TOPLU MEZARLARIN T\u00dcM\u00dcN\u00dc A\u00c7IN <\/strong><\/p>\n<p style=\"text-align: justify;\">BDP Genel Ba\u015fkan\u0131 Selahattin Demirta\u015f, Kasaplar Deresi&#8217;nde ortaya konulan direni\u015fin, K\u00fcrt halk\u0131n\u0131n \u015fehitlere olan ba\u011fl\u0131l\u0131\u011f\u0131 kar\u015f\u0131s\u0131nda sayg\u0131 ile e\u011fildiklerini s\u00f6yledi. Demirta\u015f, \u015f\u00f6yle dedi: &#8220;Y\u00fczy\u0131ll\u0131k K\u00fcrt sorunun belki de en trajik en ac\u0131 olaylar\u0131n\u0131n ya\u015fand\u0131\u011f\u0131 co\u011frafyam\u0131zda bu toplu mezarlar\u0131n oldu\u011fu yerdir. Bug\u00fcn halk\u0131m\u0131zla birlikte bu derede y\u00fczlerce insan\u0131m\u0131z\u0131n katledilip getirilip g\u00f6m\u00fcld\u00fc\u011f\u00fc yerdir. \u0130\u015fkence ile katledildikten sonra toplu olarak g\u00f6m\u00fclen y\u00fczlerce ceset var. Buradan AKP h\u00fck\u00fcmetine sesleniyoruz. E\u011fer bu toplu mezar zulm\u00fcne ortak olmak istemiyorsan\u0131z uluslararas\u0131 hukuk \u00e7er\u00e7evesinde bu toplu mezarlar\u0131n tamam\u0131 a\u00e7\u0131lmal\u0131d\u0131r. Bu b\u00f6lgenin ilk toplu mezar\u0131 olan Nevala Kasaba&#8217;n\u0131n sorumlular\u0131ndan hesap sorulmadan, kimse ben hesap sordum diyemez. Her bir karde\u015fimizin mezar ta\u015f\u0131 oluncaya kadar m\u00fccadelemizi s\u00fcrd\u00fcrece\u011fiz. Bir halk e\u011fer gelece\u011fini onurluca yaratmak istiyorsa b\u00fct\u00fcn de\u011ferlerine sahip \u00e7\u0131kmak zorundad\u0131r. Bir halk\u0131 halk yapan de\u011ferleridir. Bug\u00fcn bu halk bu de\u011ferlerine sahip \u00e7\u0131km\u0131\u015ft\u0131r. B\u00fct\u00fcn taleplerimiz hayat buluncaya kadar nevruz ate\u015fi s\u00fcnmeyecek. Taleplerimizin arkas\u0131nda olaca\u011f\u0131z. Anadilde e\u011fitim, y\u00fczde on baraj\u0131, KCK\u2019l\u0131lar\u0131n serbest b\u0131rak\u0131lmas\u0131, siyasi operasyonlar\u0131n son bulmas\u0131 son buluna kadar meydanlarda olaca\u011f\u0131z&#8221;<\/p>\n<p style=\"text-align: justify;\"><strong>\u2018\u00d6CALAN\u2019IN SERBEST BIRAKILMASI \u0130\u00c7\u0130N S\u0130YAS\u0130 M\u00dcCADELEYE DEVAM\u2019 <\/strong><\/p>\n<p style=\"text-align: justify;\">Demokratik \u00e7\u00f6z\u00fcm \u00e7ad\u0131rlar\u0131na en g\u00fc\u00e7l\u00fc \u015fekilde sahip \u00e7\u0131kacaklar\u0131n\u0131 kaydeden Demirta\u015f, &#8220;Halk\u0131m\u0131z bu \u00e7ad\u0131rlarda demokratik \u00f6zerklik istiyor. Bize de d\u00fc\u015fen bunlara sahip \u00e7\u0131kmakt\u0131r. Halk\u0131m\u0131z say\u0131n \u00d6calan dahil t\u00fcm tutsaklar\u0131n serbest b\u0131rak\u0131lmas\u0131 diyorsa, bize d\u00fc\u015fende bunun siyasi m\u00fccadelesini vermektir. Bizim i\u00e7in \u00f6nemlidir. Bizde bu taleplerini kar\u015f\u0131lamak i\u00e7in m\u00fccadelemizi s\u00fcrd\u00fcrece\u011fiz. K\u00fcrtlerin taleplerinin yeni anayasada yer almas\u0131 i\u00e7in gereken m\u00fccadeleyi verece\u011fiz&#8221; dedi.<\/p>\n<p style=\"text-align: justify;\"><strong>TALEPLER\u0130 KABUL ET ADAY OLMAYACA\u011eIZ <\/strong><\/p>\n<p style=\"text-align: justify;\">Demirta\u015f, haftalard\u0131r halklar\u0131n\u0131n meydanlada taleplerini demokratik bir \u015fekilde dile getirdi\u011fini, Ba\u015fbakan Erdo\u011fan&#8217;\u0131n cevap verece\u011fi yerde &#8216;sizin nereniz sivil?&#8217; dedi\u011fini belirterek, \u015f\u00f6yle dedi: &#8220;Buradan Ba\u015fbakan sesleniyorum. Senin her taraf\u0131n sivil mi? Senin copun gazlar\u0131n m\u0131 sivil. Bu b\u00f6lgede 30 y\u0131ld\u0131r uygulad\u0131\u011f\u0131n\u0131z i\u015fkence ve k\u00f6t\u00fc muameleler mi sivil anlay\u0131\u015f. E\u011fer cevap vereceksen ana dilde e\u011fitim, se\u00e7im baraj\u0131 ile ilgili ne diyorsun. Bu \u00fclkenin Ba\u015fbakan\u0131 olarak bu taleplere cevap ver. Yoksa b\u00fct\u00fcn d\u00fcnya biliyor ki, sizin zihniyetiniz askeri zihniyettir. Bizim y\u00fcre\u011fimizde beynimizde sivildir. \u00c7\u00f6z\u00fcm \u00f6nerilerimizde sivildir. Ba\u015fbakan diyor ki, &#8216;oy koltuk u\u011fruna b\u00f6lgeyi geriyorlar&#8217;, Bak\u0131n bu meydanda halk\u0131n huzurunda s\u00f6z veriyoruz, bu 4 talebi kar\u015f\u0131la e\u015fba\u015fkanlar olarak aday olmayaca\u011f\u0131z. Koltuk senin olsun. 11 Nisan&#8217;a kadar zaman\u0131n var. 4 talebimiz var. Hadi bu talepleri kabul et, biz aday olmayaca\u011f\u0131z. Kim koltuk ve oy derdindeymi\u015f g\u00f6relim. Bar\u0131\u015f ve \u00f6zg\u00fcrl\u00fckten yanaysan 11 Nisan&#8217;a kadar zaman\u0131n var. Oy derdin yoksa T\u00fcrk milliyet\u00e7ilerinden oy almak i\u00e7in K\u00fcrt halk\u0131na panzer s\u00fcrm\u00fcyorsan bu talepleri kar\u015f\u0131la.&#8221;<\/p>\n<p style=\"text-align: justify;\">Ba\u015fbakan Erdo\u011fan\u2019\u0131n partilerinin eylem ve etkinlikleriyle ilgili s\u00fcrekli tehdit vari a\u00e7\u0131klamalarda bulundu\u011funu iddia eden Demirta\u015f, B\u00fcy\u00fck\u015fehir Belediye Ba\u015fkan\u0131 Osman Baydemir\u2019i polis panzerine \u00e7\u0131kmas\u0131na tepki g\u00f6sterenlere kar\u015f\u0131l\u0131k verdi. Demirta\u015f, &#8220;80 y\u0131ld\u0131r panzerleriniz K\u00fcrtlerin \u00fczerinde, bizden biri panzerin \u00fcst\u00fcne \u00e7\u0131kt\u0131 diye k\u0131yameti kopar\u0131yorsunuz. K\u00fcrtlerin talepleri \u00e7ok zor de\u011fil. BDP olarak biz buna haz\u0131r\u0131z. Bizim anlay\u0131\u015f\u0131m\u0131zda ne kadar bask\u0131 olursa olsun biz kimseye d\u00fc\u015fmanl\u0131k yapmay\u0131z. Bize kar\u015f\u0131 d\u00fc\u015fmanl\u0131k yapanlara direniyoruz. D\u00fc\u015fmanca direnen zihniyete kar\u015f\u0131 biz m\u00fccadele ediyoruz&#8221; dedi.<\/p>\n<p style=\"text-align: justify;\"><strong>POL\u0130S M\u00dcDAHALE ETT\u0130 <\/strong><\/p>\n<p style=\"text-align: justify;\">Konu\u015fmalar\u0131ndan sonra kent merkezine y\u00fcr\u00fcmek isteyen BDP&#8217;lilere yolu barikatla kapatan polis izin vermedi. Bunun \u00fczerine BDP&#8217;liler oturma eylemi ba\u015flatt\u0131. Bu s\u0131rada BDP&#8217;li Grup Ba\u015fkanvekilleri Bengi Y\u0131ld\u0131z ile Ayla Akat Ata , polis m\u00fcd\u00fcrlerinin yan\u0131na gelerek yolun a\u00e7\u0131lmas\u0131n\u0131 istedi. Polisin olumsuz yan\u0131t vermesi \u00fczerine Tuncel, di\u011fer milletvekillerinin yan\u0131na d\u00f6nd\u00fc. Grubun b\u00fcy\u00fck b\u00f6l\u00fcm\u00fc da\u011f\u0131l\u0131rken 50 ki\u015filik bir grup, oturma eylemini s\u00fcrd\u00fcrd\u00fc. Polisin da\u011f\u0131l\u0131n y\u00f6n\u00fcndeki anonslar\u0131 \u00fczerine g\u00f6stericiler ta\u015f atarak kar\u015f\u0131l\u0131k verdi. Bunun \u00fczerine polis gaz bombas\u0131yla m\u00fcdahalede bulunarak grubu da\u011f\u0131tt\u0131.<\/p>\n<p style=\"text-align: justify;\"><a href=\"http:\/\/www.radikal.com.tr\/Radikal.aspx?aType=RadikalDetayV3&amp;ArticleID=1044412&amp;Date=28.03.2011&amp;CategoryID=78\" target=\"_blank\">Kaynak : Radikal<\/a><\/p>\n","protected":false},"excerpt":{"rendered":"<p style=\"text-align: center;\">\n<p style=\"text-align: justify;\">Ahmet T\u00fcrk: Tunus, Libya ve M\u0131s\u0131r&#8217;da \u00f6zg\u00fcrl\u00fck \u00e7\u0131\u011fl\u0131klar\u0131 y\u00fckseliyor. \u0130nan\u0131n ki bizim hayk\u0131r\u0131\u015f\u0131m\u0131z daha b\u00fcy\u00fck olacak. Biz M\u0131s\u0131r Tunus, Libya&#8217;dan daha y\u00fcksek sesle \u00f6zg\u00fcrl\u00fc\u011f\u00fcm\u00fcz\u00fc isteyece\u011fiz.<\/p>\n","protected":false},"author":1,"featured_media":0,"comment_status":"open","ping_status":"closed","sticky":false,"template":"","format":"standard","meta":{"footnotes":""},"categories":[105],"tags":[],"class_list":["post-29844","post","type-post","status-publish","format-standard","hentry","category-gundem","odd"],"_links":{"self":[{"href":"http:\/\/www.korhanyilmaz.com\/index.php?rest_route=\/wp\/v2\/posts\/29844","targetHints":{"allow":["GET"]}}],"collection":[{"href":"http:\/\/www.korhanyilmaz.com\/index.php?rest_route=\/wp\/v2\/posts"}],"about":[{"href":"http:\/\/www.korhanyilmaz.com\/index.php?rest_route=\/wp\/v2\/types\/post"}],"author":[{"embeddable":true,"href":"http:\/\/www.korhanyilmaz.com\/index.php?rest_route=\/wp\/v2\/users\/1"}],"replies":[{"embeddable":true,"href":"http:\/\/www.korhanyilmaz.com\/index.php?rest_route=%2Fwp%2Fv2%2Fcomments&post=29844"}],"version-history":[{"count":0,"href":"http:\/\/www.korhanyilmaz.com\/index.php?rest_route=\/wp\/v2\/posts\/29844\/revisions"}],"wp:attachment":[{"href":"http:\/\/www.korhanyilmaz.com\/index.php?rest_route=%2Fwp%2Fv2%2Fmedia&parent=29844"}],"wp:term":[{"taxonomy":"category","embeddable":true,"href":"http:\/\/www.korhanyilmaz.com\/index.php?rest_route=%2Fwp%2Fv2%2Fcategories&post=29844"},{"taxonomy":"post_tag","embeddable":true,"href":"http:\/\/www.korhanyilmaz.com\/index.php?rest_route=%2Fwp%2Fv2%2Ftags&post=29844"}],"curies":[{"name":"wp","href":"https:\/\/api.w.org\/{rel}","templated":true}]}}