{"id":29840,"date":"2011-03-28T15:05:07","date_gmt":"2011-03-28T12:05:07","guid":{"rendered":"http:\/\/www.korhanyilmaz.com\/?p=29840"},"modified":"2011-03-28T15:05:07","modified_gmt":"2011-03-28T12:05:07","slug":"sultangazide-dehset","status":"publish","type":"post","link":"http:\/\/www.korhanyilmaz.com\/?p=29840","title":{"rendered":"Sultangazi&#8217;de deh\u015fet"},"content":{"rendered":"<p style=\"text-align: center;\"><a href=\"http:\/\/www.korhanyilmaz.com\/wp-content\/uploads\/2011\/03\/3262.jpg\"  class=\"lightview\"><img loading=\"lazy\" decoding=\"async\" class=\"aligncenter size-full wp-image-29841\" src=\"http:\/\/www.korhanyilmaz.com\/wp-content\/uploads\/2011\/03\/3262.jpg\" alt=\"\" width=\"398\" height=\"236\" \/><\/a><\/p>\n<p style=\"text-align: justify;\">Sultangazi\u2019de, 9 ya\u015f\u0131ndaki \u00e7ocuk \u00fcvey annesi ve anneannesi taraf\u0131ndan \u00f6ld\u00fcr\u00fcld\u00fckten sonra cesedi par\u00e7alara ayr\u0131larak soka\u011fa at\u0131ld\u0131. Katil zanl\u0131lar\u0131 ceset par\u00e7alar\u0131n\u0131 da\u011f\u0131t\u0131rken su\u00e7\u00fcst\u00fc yakaland\u0131.<\/p>\n<p style=\"text-align: justify;\">Sultangazi\u2019de 9 ya\u015f\u0131ndaki F\u0131rat Sezer, \u00fcvey annesi ve anneannesi taraf\u0131ndan b\u0131\u00e7akla par\u00e7alanarak \u00f6ld\u00fcr\u00fcld\u00fc. G\u00fcrc\u00fc as\u0131ll\u0131 \u00fcvey anne ile \u00fcvey anneanne, F\u0131rat&#8217;\u0131n ceset par\u00e7alar\u0131n\u0131 sokaklarda da\u011f\u0131t\u0131rken yakaland\u0131. <!--more--><\/p>\n<p style=\"text-align: justify;\">Babas\u0131 Necmi Sezer&#8217;in (33) ilk evlili\u011finden d\u00fcnyaya gelen F\u0131rat, bu sabah \u00e7al\u0131\u015ft\u0131\u011f\u0131 amcas\u0131 Cemal Sezer&#8217;in (31) pide solonundaki i\u015fine gitmedi. Bunun \u00fczerine Cemal Sezer, a\u011fabeyi Necmi Sezer&#8217;i arayarak F\u0131rat&#8217;\u0131n i\u015fe gelmedi\u011fini s\u00f6yledi. Evi arayan Necmi Sezer, &#8220;Senden 5 dakika sonra \u00e7\u0131kt\u0131&#8221; cevab\u0131n\u0131 ald\u0131. Ancak F\u0131rat&#8217;tan bir daha haber al\u0131namad\u0131.<\/p>\n<p style=\"text-align: justify;\">Saat 11.00 s\u0131ralar\u0131nda \u0130smetpa\u015fa Mahallesi&#8217;nde bir ki\u015fi, bebek arabal\u0131 ve \u00fczerleri kanl\u0131 biri ya\u015fl\u0131 iki kad\u0131n\u0131n 140. Sokak&#8217;a bir par\u00e7a att\u0131\u011f\u0131n\u0131 g\u00f6rd\u00fc. Bu ki\u015finin haber verdi\u011fi polis hemen harekete ge\u00e7ti. Bu arada iki G\u00fcrc\u00fc kad\u0131n, F\u0131rat&#8217;\u0131n ba\u015fka bir par\u00e7as\u0131n\u0131 91. Sokak \u00fczerinde okulun k\u00f6\u015fesine b\u0131rakt\u0131.<\/p>\n<p style=\"text-align: justify;\">Polis iki kad\u0131n\u0131 ba\u015fka bir par\u00e7ay\u0131 137. Sokak&#8217;taki bir apartman\u0131n \u00e7\u00f6pl\u00fck biriktirilen bo\u015flu\u011funa b\u0131rak\u0131rken k\u0131st\u0131rd\u0131. Kad\u0131nlardan gen\u00e7 olan\u0131 ka\u00e7t\u0131. Ka\u00e7amayan kad\u0131n, hemen yakaland\u0131. Pe\u015finden ko\u015fan polis, ka\u00e7maya \u00e7al\u0131\u015fan kad\u0131n\u0131 da yakalad\u0131. Gen\u00e7 kad\u0131n\u0131n, F\u0131rat&#8217;\u0131n babas\u0131 Necmi Sezer&#8217;in G\u00fcrc\u00fc as\u0131ll\u0131 \u00fc\u00e7\u00fcnc\u00fc e\u015fi, ya\u015fl\u0131 olan\u0131n ise bu e\u015finin annesi oldu\u011funu belirledi. \u0130ki G\u00fcrc\u00fc kad\u0131n\u0131n, F\u0131rat&#8217;\u0131 \u00f6ld\u00fcrd\u00fckten sonra cesedini de b\u0131\u00e7akla par\u00e7alad\u0131\u011f\u0131 belirlendi. F\u0131rat&#8217;\u0131n \u00fcvey annesi ile \u00fcvey anneannesi Sultangazi \u0130l\u00e7e Emniyet M\u00fcd\u00fcrl\u00fc\u011f\u00fc&#8217;ne g\u00f6t\u00fcr\u00fcld\u00fc. F\u0131rat&#8217;\u0131n ikinci evlili\u011finden bir k\u0131z\u0131 ile G\u00fcrc\u00fc e\u015finden bir o\u011flu bulunan babas\u0131 Necmi Sezer de g\u00f6zalt\u0131na al\u0131nd\u0131. F\u0131rat&#8217;\u0131n bulunan ceset par\u00e7alar\u0131 \u0130stanbul Adli T\u0131p Kurumu&#8217;na kald\u0131r\u0131ld\u0131. Polis F\u0131rat&#8217;\u0131n eksik ceset par\u00e7alar\u0131n\u0131 ar\u0131yor. F\u0131rat&#8217;\u0131n ba\u015f\u0131 ise, 91. Sokak&#8217;\u0131n arka taraf\u0131ndaki yol yap\u0131m \u00e7al\u0131\u015fmas\u0131n\u0131n yap\u0131ld\u0131\u011f\u0131 yerde bulundu. Sultan\u00e7ifli\u011fi Mahallesi, Ordu Caddesi, 180. Sokak No 20\/2&#8217;de oturan ailenin baz\u0131 kom\u015fular\u0131 F\u0131rat&#8217;\u0131n kimli\u011fi olmad\u0131\u011f\u0131 i\u00e7in okula gidemedi\u011fini, babas\u0131 ile \u00fcvey annesi taraf\u0131ndan a\u00e7 b\u0131rak\u0131ld\u0131\u011f\u0131n\u0131 ve s\u00fcrekli d\u00f6v\u00fcld\u00fc\u011f\u00fcn\u00fc ileri s\u00fcrd\u00fcler. Kom\u015fular\u0131 F\u0131rat&#8217;\u0131n \u00e7evredekilerin verdi\u011fi yiyeceklerle doydu\u011funu s\u00f6ylediler.<\/p>\n<p style=\"text-align: justify;\"><a href=\"http:\/\/gundem.milliyet.com.tr\/sultangazi-de-dehset\/gundem\/gundemdetay\/28.03.2011\/1370078\/default.htm\" target=\"_blank\">Kaynak : Milliyet<\/a><\/p>\n","protected":false},"excerpt":{"rendered":"<p style=\"text-align: center;\">\n<p style=\"text-align: justify;\">Sultangazi\u2019de, 9 ya\u015f\u0131ndaki \u00e7ocuk \u00fcvey annesi ve anneannesi taraf\u0131ndan \u00f6ld\u00fcr\u00fcld\u00fckten sonra cesedi par\u00e7alara ayr\u0131larak soka\u011fa at\u0131ld\u0131. Katil zanl\u0131lar\u0131 ceset par\u00e7alar\u0131n\u0131 da\u011f\u0131t\u0131rken su\u00e7\u00fcst\u00fc yakaland\u0131.<\/p>\n<p style=\"text-align: justify;\">Sultangazi\u2019de 9 ya\u015f\u0131ndaki F\u0131rat Sezer, \u00fcvey annesi ve anneannesi taraf\u0131ndan b\u0131\u00e7akla par\u00e7alanarak \u00f6ld\u00fcr\u00fcld\u00fc. G\u00fcrc\u00fc as\u0131ll\u0131 \u00fcvey anne ile \u00fcvey anneanne, F\u0131rat&#8217;\u0131n ceset par\u00e7alar\u0131n\u0131 sokaklarda da\u011f\u0131t\u0131rken <\/p>\n","protected":false},"author":1,"featured_media":0,"comment_status":"open","ping_status":"closed","sticky":false,"template":"","format":"standard","meta":{"footnotes":""},"categories":[105],"tags":[],"class_list":["post-29840","post","type-post","status-publish","format-standard","hentry","category-gundem","odd"],"_links":{"self":[{"href":"http:\/\/www.korhanyilmaz.com\/index.php?rest_route=\/wp\/v2\/posts\/29840","targetHints":{"allow":["GET"]}}],"collection":[{"href":"http:\/\/www.korhanyilmaz.com\/index.php?rest_route=\/wp\/v2\/posts"}],"about":[{"href":"http:\/\/www.korhanyilmaz.com\/index.php?rest_route=\/wp\/v2\/types\/post"}],"author":[{"embeddable":true,"href":"http:\/\/www.korhanyilmaz.com\/index.php?rest_route=\/wp\/v2\/users\/1"}],"replies":[{"embeddable":true,"href":"http:\/\/www.korhanyilmaz.com\/index.php?rest_route=%2Fwp%2Fv2%2Fcomments&post=29840"}],"version-history":[{"count":0,"href":"http:\/\/www.korhanyilmaz.com\/index.php?rest_route=\/wp\/v2\/posts\/29840\/revisions"}],"wp:attachment":[{"href":"http:\/\/www.korhanyilmaz.com\/index.php?rest_route=%2Fwp%2Fv2%2Fmedia&parent=29840"}],"wp:term":[{"taxonomy":"category","embeddable":true,"href":"http:\/\/www.korhanyilmaz.com\/index.php?rest_route=%2Fwp%2Fv2%2Fcategories&post=29840"},{"taxonomy":"post_tag","embeddable":true,"href":"http:\/\/www.korhanyilmaz.com\/index.php?rest_route=%2Fwp%2Fv2%2Ftags&post=29840"}],"curies":[{"name":"wp","href":"https:\/\/api.w.org\/{rel}","templated":true}]}}