{"id":29836,"date":"2011-03-28T15:50:21","date_gmt":"2011-03-28T12:50:21","guid":{"rendered":"http:\/\/www.korhanyilmaz.com\/?p=29836"},"modified":"2011-03-28T15:50:21","modified_gmt":"2011-03-28T12:50:21","slug":"gulenden-ahmet-sik-aciklamasi","status":"publish","type":"post","link":"http:\/\/www.korhanyilmaz.com\/?p=29836","title":{"rendered":"G\u00fclen&#8217;den Ahmet \u015e\u0131k a\u00e7\u0131klamas\u0131"},"content":{"rendered":"<p style=\"text-align: justify;\"><a href=\"http:\/\/www.korhanyilmaz.com\/wp-content\/uploads\/2011\/03\/3252.jpg\"  class=\"lightview\"><img loading=\"lazy\" decoding=\"async\" class=\"aligncenter size-full wp-image-29837\" src=\"http:\/\/www.korhanyilmaz.com\/wp-content\/uploads\/2011\/03\/3252.jpg\" alt=\"\" width=\"453\" height=\"236\" \/><\/a><\/p>\n<p style=\"text-align: justify;\">Ahmet \u015e\u0131k&#8217;\u0131n taslak halindeki kitab\u0131 &#8216;\u0130mam\u0131n Ordusu&#8217;na y\u00f6nelik bask\u0131nlar\u0131n ard\u0131ndan tart\u0131\u015fmalar\u0131n oda\u011f\u0131ndaki isim olan Fethullah G\u00fclen&#8217;in avukat\u0131ndan ele\u015ftirilerle ilgili a\u00e7\u0131klama geldi.<\/p>\n<p style=\"text-align: justify;\">\u0130\u015fte o a\u00e7\u0131klama; Son g\u00fcnlerde,\u0130stanbul Cumhuriyet Ba\u015fsavc\u0131l\u0131\u011f\u0131n\u0131n baz\u0131 i\u015flemleri nedeniyle m\u00fcvekkilim Muhterem Fethullah G\u00fclen&#8217;e y\u00f6nelik, yarg\u0131s\u0131z infaz mahiyetinde haks\u0131z yay\u0131nlar yap\u0131lm\u0131\u015ft\u0131r. <!--more--><\/p>\n<p style=\"text-align: justify;\">Bu nedenle Muhterem Fethullah G\u00fclen taraf\u0131ndan a\u015fa\u011f\u0131daki a\u00e7\u0131klaman\u0131n yap\u0131lmas\u0131 gerekli g\u00f6r\u00fclm\u00fc\u015ft\u00fcr: \u201cBug\u00fcne de\u011fin aleyhimde bir\u00e7ok yay\u0131n yap\u0131ld\u0131 ve onlarca kitap yay\u0131nland\u0131. Ancak bas\u0131lmam\u0131\u015f bir kitab\u0131 engellemek gibi bir gayretim hi\u00e7 olmad\u0131. Sadece ki\u015filik haklar\u0131ma sald\u0131r\u0131lar, \u015fahs\u0131ma mesnetsiz su\u00e7lamalar ve iftiralar kar\u015f\u0131s\u0131nda bir vatanda\u015f olarak hukuk \u00e7er\u00e7evesinde hakk\u0131m\u0131 arad\u0131m. Hukuka ayk\u0131r\u0131 oldu\u011fu tespit edilmi\u015f ve hakk\u0131nda tazminat karar\u0131 verilmi\u015f kitaplar bile tekrar bas\u0131l\u0131p sat\u0131lmaktad\u0131r.<\/p>\n<p style=\"text-align: justify;\">Bilhassa 28 \u015eubat s\u00fcrecinde aleyhimde, psikolojik harek\u00e2t mahsul\u00fc neredeyse hepsi birbirinin kopyas\u0131 \u0131smarlama pek \u00e7ok kitap piyasaya s\u00fcr\u00fcld\u00fc. Bu kitaplardaki iddialar Yarg\u0131tay&#8217;\u0131n da oybirli\u011fiyle tasdik etti\u011fi beraatim ile neticelenen mahkemede ileri s\u00fcr\u00fclen iddialardan farkl\u0131 de\u011fildi. Hatta bu kitaplar dava dosyas\u0131na da eklenmi\u015f ve i\u00e7erikleri iddianameye konulmu\u015ftu. Ayr\u0131ca bu kitaplarda yer alan iddialar\u0131n k\u0131ymeti harbiyesi kamuoyuna da malumdur.<\/p>\n<p style=\"text-align: justify;\">\u0130leti\u015fim \u00e7a\u011f\u0131nda her t\u00fcrl\u00fc yay\u0131n\u0131n internet gibi vas\u0131talarla rahat\u00e7a yap\u0131labildi\u011fi bir zamanda herhangi bir yay\u0131n\u0131n muhatap okuyucuya ula\u015fmadan engellenmesinin m\u00fcmk\u00fcn olmad\u0131\u011f\u0131 a\u00e7\u0131kt\u0131r. B\u00f6ylesi te\u015febb\u00fcslerin yasaklanmak istenen yay\u0131na alakay\u0131 art\u0131raca\u011f\u0131 da ortadad\u0131r.<\/p>\n<p style=\"text-align: justify;\">Bahsi ge\u00e7en kitapla ve yazar\u0131yla alakal\u0131 \u015fahsen herhangi bir \u015fik\u00e2yetim ve dava talebim olmam\u0131\u015ft\u0131r. Konu tamamen T\u00fcrk Yarg\u0131s\u0131n\u0131n meselesi olup adli makamlar\u0131n bahis mevzuu kitap hakk\u0131nda hangi gerek\u00e7eyle ve delillerle soru\u015fturma ba\u015flatt\u0131klar\u0131n\u0131 da bilmiyorum. Tamamen ba\u011f\u0131ms\u0131z yarg\u0131ya ait bir konuda da lehte veya aleyhte de\u011ferlendirmede bulunmam tabii ki s\u00f6z konusu olamaz. Elbette d\u00fc\u015f\u00fcnce, ifade vebas\u0131n \u00f6zg\u00fcrl\u00fc\u011f\u00fcdemokrasinin vazge\u00e7ilmez esaslar\u0131ndand\u0131r. Fakat herhangi bir \u00f6zg\u00fcrl\u00fc\u011f\u00fcn kamu d\u00fczeni aleyhinde veya ki\u015filik haklar\u0131na sald\u0131r\u0131 ve masum insanlar\u0131 karalama maksatl\u0131 olarak kullan\u0131lamayaca\u011f\u0131 da yine demokrasinin ve insan haklar\u0131n\u0131n en temel d\u00fcsturlar\u0131ndand\u0131r.\u201d<\/p>\n<p style=\"text-align: justify;\"><a href=\"http:\/\/gundem.milliyet.com.tr\/gulen-den-ahmet-sik-aciklamasi\/gundem\/gundemdetay\/28.03.2011\/1370088\/default.htm\" target=\"_blank\">Kaynak : Milliyet<\/a><\/p>\n","protected":false},"excerpt":{"rendered":"<p style=\"text-align: justify;\">\n<p style=\"text-align: justify;\">Ahmet \u015e\u0131k&#8217;\u0131n taslak halindeki kitab\u0131 &#8216;\u0130mam\u0131n Ordusu&#8217;na y\u00f6nelik bask\u0131nlar\u0131n ard\u0131ndan tart\u0131\u015fmalar\u0131n oda\u011f\u0131ndaki isim olan Fethullah G\u00fclen&#8217;in avukat\u0131ndan ele\u015ftirilerle ilgili a\u00e7\u0131klama geldi.<\/p>\n<p style=\"text-align: justify;\">\u0130\u015fte o a\u00e7\u0131klama; Son g\u00fcnlerde,\u0130stanbul Cumhuriyet Ba\u015fsavc\u0131l\u0131\u011f\u0131n\u0131n baz\u0131 i\u015flemleri nedeniyle m\u00fcvekkilim Muhterem Fethullah G\u00fclen&#8217;e y\u00f6nelik, yarg\u0131s\u0131z infaz mahiyetinde haks\u0131z yay\u0131nlar yap\u0131lm\u0131\u015ft\u0131r. <\/p>\n","protected":false},"author":1,"featured_media":0,"comment_status":"open","ping_status":"closed","sticky":false,"template":"","format":"standard","meta":{"footnotes":""},"categories":[105],"tags":[],"class_list":["post-29836","post","type-post","status-publish","format-standard","hentry","category-gundem","odd"],"_links":{"self":[{"href":"http:\/\/www.korhanyilmaz.com\/index.php?rest_route=\/wp\/v2\/posts\/29836","targetHints":{"allow":["GET"]}}],"collection":[{"href":"http:\/\/www.korhanyilmaz.com\/index.php?rest_route=\/wp\/v2\/posts"}],"about":[{"href":"http:\/\/www.korhanyilmaz.com\/index.php?rest_route=\/wp\/v2\/types\/post"}],"author":[{"embeddable":true,"href":"http:\/\/www.korhanyilmaz.com\/index.php?rest_route=\/wp\/v2\/users\/1"}],"replies":[{"embeddable":true,"href":"http:\/\/www.korhanyilmaz.com\/index.php?rest_route=%2Fwp%2Fv2%2Fcomments&post=29836"}],"version-history":[{"count":0,"href":"http:\/\/www.korhanyilmaz.com\/index.php?rest_route=\/wp\/v2\/posts\/29836\/revisions"}],"wp:attachment":[{"href":"http:\/\/www.korhanyilmaz.com\/index.php?rest_route=%2Fwp%2Fv2%2Fmedia&parent=29836"}],"wp:term":[{"taxonomy":"category","embeddable":true,"href":"http:\/\/www.korhanyilmaz.com\/index.php?rest_route=%2Fwp%2Fv2%2Fcategories&post=29836"},{"taxonomy":"post_tag","embeddable":true,"href":"http:\/\/www.korhanyilmaz.com\/index.php?rest_route=%2Fwp%2Fv2%2Ftags&post=29836"}],"curies":[{"name":"wp","href":"https:\/\/api.w.org\/{rel}","templated":true}]}}