{"id":29827,"date":"2011-03-28T10:19:59","date_gmt":"2011-03-28T07:19:59","guid":{"rendered":"http:\/\/www.korhanyilmaz.com\/?p=29827"},"modified":"2011-03-28T10:19:59","modified_gmt":"2011-03-28T07:19:59","slug":"ince-ve-gokcek-sanal-alemde-birbirine-girdi","status":"publish","type":"post","link":"http:\/\/www.korhanyilmaz.com\/?p=29827","title":{"rendered":"\u0130nce ve G\u00f6k\u00e7ek sanal alemde birbirine girdi!"},"content":{"rendered":"<p style=\"text-align: justify;\"><a href=\"http:\/\/www.korhanyilmaz.com\/wp-content\/uploads\/2011\/03\/3233.jpg\"  class=\"lightview\"><img loading=\"lazy\" decoding=\"async\" class=\"aligncenter size-full wp-image-29828\" src=\"http:\/\/www.korhanyilmaz.com\/wp-content\/uploads\/2011\/03\/3233.jpg\" alt=\"\" width=\"384\" height=\"254\" \/><\/a><\/p>\n<p style=\"text-align: justify;\">CHP Milletvekili Muharrem \u0130nce ile Ankara B\u00fcy\u00fck\u015fehir Belediye Ba\u015fkan\u0131 Melih G\u00f6k\u00e7ek Twitter&#8217;da tart\u0131\u015ft\u0131. G\u00f6k\u00e7ek, &#8216;Adam ol itlerini arkama takma&#8217; diyen \u0130nce&#8217;ye &#8216;Fazla alkol alm\u0131\u015fs\u0131n&#8217; diye yan\u0131t verdi.<!--more--><\/p>\n<p style=\"text-align: justify;\">ANKARA &#8211; Muharrem \u0130nce, gitti\u011fi bir lokantan\u0131n \u00e7\u0131k\u0131\u015f\u0131nda Melih G\u00f6k\u00e7ek\u2019in k\u00fc\u00e7\u00fck o\u011flu Osman G\u00f6k\u00e7ek\u2019in genel m\u00fcd\u00fcrl\u00fc\u011f\u00fcn\u00fc yapt\u0131\u011f\u0131 Beyaz TV kameralar\u0131yla kar\u015f\u0131la\u015ft\u0131. CHP&#8217;li \u0130nce, bunun \u00fczerine Twitter&#8217;da Melih G\u00f6k\u00e7ek&#8217;ten \u00f6z\u00fcr bekledi\u011fini yazd\u0131.<\/p>\n<p style=\"text-align: justify;\">\u0130nce, \u201cMelih Bey utanmal\u0131s\u0131n\u0131z bu durumdan. Melih adamlar\u0131n\u0131 \u00fcst\u00fcme salm\u0131\u015fs\u0131n. Yemek yedi\u011fim lokantan\u0131n \u00e7\u0131k\u0131\u015f\u0131na paral\u0131 adamlar\u0131n\u0131 g\u00f6nderecek kadar k\u00fc\u00e7\u00fclme Melih. Delikanl\u0131 ol, yak\u0131\u015fm\u0131yor. Melih adam ol, itlerini arkama takma\u201d dedi.<\/p>\n<p style=\"text-align: justify;\">\u0130nce&#8217;ye yan\u0131t veren G\u00f6k\u00e7ek \u201cKulland\u0131\u011f\u0131 ifadelerden pek kendinde olmad\u0131\u011f\u0131 fazla alkol alm\u0131\u015f olabilece\u011fi kanaati bende uyand\u0131\u201d diye konu\u015ftu.<\/p>\n<p style=\"text-align: justify;\"><a href=\"http:\/\/www.radikal.com.tr\/Radikal.aspx?aType=RadikalDetayV3&amp;ArticleID=1044378&amp;Date=28.03.2011&amp;CategoryID=78\" target=\"_blank\">Kaynak : Radikal<\/a><\/p>\n","protected":false},"excerpt":{"rendered":"<p style=\"text-align: justify;\">\n<p style=\"text-align: justify;\">CHP Milletvekili Muharrem \u0130nce ile Ankara B\u00fcy\u00fck\u015fehir Belediye Ba\u015fkan\u0131 Melih G\u00f6k\u00e7ek Twitter&#8217;da tart\u0131\u015ft\u0131. G\u00f6k\u00e7ek, &#8216;Adam ol itlerini arkama takma&#8217; diyen \u0130nce&#8217;ye &#8216;Fazla alkol alm\u0131\u015fs\u0131n&#8217; diye yan\u0131t verdi.<\/p>\n","protected":false},"author":1,"featured_media":0,"comment_status":"open","ping_status":"closed","sticky":false,"template":"","format":"standard","meta":{"footnotes":""},"categories":[105],"tags":[],"class_list":["post-29827","post","type-post","status-publish","format-standard","hentry","category-gundem","odd"],"_links":{"self":[{"href":"http:\/\/www.korhanyilmaz.com\/index.php?rest_route=\/wp\/v2\/posts\/29827","targetHints":{"allow":["GET"]}}],"collection":[{"href":"http:\/\/www.korhanyilmaz.com\/index.php?rest_route=\/wp\/v2\/posts"}],"about":[{"href":"http:\/\/www.korhanyilmaz.com\/index.php?rest_route=\/wp\/v2\/types\/post"}],"author":[{"embeddable":true,"href":"http:\/\/www.korhanyilmaz.com\/index.php?rest_route=\/wp\/v2\/users\/1"}],"replies":[{"embeddable":true,"href":"http:\/\/www.korhanyilmaz.com\/index.php?rest_route=%2Fwp%2Fv2%2Fcomments&post=29827"}],"version-history":[{"count":0,"href":"http:\/\/www.korhanyilmaz.com\/index.php?rest_route=\/wp\/v2\/posts\/29827\/revisions"}],"wp:attachment":[{"href":"http:\/\/www.korhanyilmaz.com\/index.php?rest_route=%2Fwp%2Fv2%2Fmedia&parent=29827"}],"wp:term":[{"taxonomy":"category","embeddable":true,"href":"http:\/\/www.korhanyilmaz.com\/index.php?rest_route=%2Fwp%2Fv2%2Fcategories&post=29827"},{"taxonomy":"post_tag","embeddable":true,"href":"http:\/\/www.korhanyilmaz.com\/index.php?rest_route=%2Fwp%2Fv2%2Ftags&post=29827"}],"curies":[{"name":"wp","href":"https:\/\/api.w.org\/{rel}","templated":true}]}}