{"id":29823,"date":"2011-03-28T13:29:14","date_gmt":"2011-03-28T10:29:14","guid":{"rendered":"http:\/\/www.korhanyilmaz.com\/?p=29823"},"modified":"2011-03-28T13:29:14","modified_gmt":"2011-03-28T10:29:14","slug":"yogun-bakimdan-cikan-tatlises-superim-super","status":"publish","type":"post","link":"http:\/\/www.korhanyilmaz.com\/?p=29823","title":{"rendered":"Yo\u011fun bak\u0131mdan \u00e7\u0131kan Tatl\u0131ses: S\u00fcperim s\u00fcper"},"content":{"rendered":"<p style=\"text-align: center;\"><a href=\"http:\/\/www.korhanyilmaz.com\/wp-content\/uploads\/2011\/03\/3222.jpg\"  class=\"lightview\"><img loading=\"lazy\" decoding=\"async\" class=\"aligncenter size-full wp-image-29824\" src=\"http:\/\/www.korhanyilmaz.com\/wp-content\/uploads\/2011\/03\/3222.jpg\" alt=\"\" width=\"384\" height=\"254\" \/><\/a><\/p>\n<p style=\"text-align: justify;\">Ac\u0131badem Maslak Hastanesi&#8217;nde, yo\u011fun bak\u0131mdan \u00e7\u0131kan sanat\u00e7\u0131 \u0130brahim Tatl\u0131ses, ilk a\u00e7\u0131klamas\u0131nda &#8216;S\u00fcperim, s\u00fcper&#8217; dedi.<\/p>\n<p style=\"text-align: justify;\">\u0130STANBUL &#8211; 14 Mart 2011\u2019den beri tedavisi s\u00fcren sanat\u00e7\u0131 \u0130brahim Tatl\u0131ses, yo\u011fun bak\u0131m servisinden \u00e7\u0131kt\u0131. \u0130brahim Tatl\u0131ses, sevenlerinin b\u00fcy\u00fck bir sab\u0131rs\u0131zl\u0131kla bekledi\u011fi ilk mesaj\u0131n\u0131 Ac\u0131badem Sa\u011fl\u0131k Grubu Kurumsal \u0130leti\u015fim b\u00f6l\u00fcm\u00fcne verdi. Yo\u011fun bak\u0131m servisinden \u00e7\u0131kmas\u0131 nedeniyle \u0130brahim Tatl\u0131ses sevenlerine mesaj iletmek istedi. Ancak \u0130brahim Tatl\u0131ses\u2019i yormamak i\u00e7in g\u00f6r\u00fc\u015fme k\u0131sa tutuldu. \u0130brahim Tatl\u0131ses, &#8220;Nas\u0131ls\u0131n\u0131z?&#8221; sorusunu &#8220;S\u00fcperim, s\u00fcper&#8221; diye yan\u0131tlad\u0131. <!--more--><\/p>\n<p style=\"text-align: justify;\"><strong>SEVENLER\u0130M\u0130N\u0130 DUASINI BEKL\u0130YORUM<\/strong><\/p>\n<p style=\"text-align: justify;\">Yo\u011fun bak\u0131m servisinden \u00e7\u0131kmas\u0131 nedeniyle tedavi ekibinde yer alan doktorlar\u0131n kat\u0131ld\u0131\u011f\u0131 bas\u0131n toplant\u0131s\u0131nda \u0130brahim Tatl\u0131ses\u2019in Ac\u0131badem Sa\u011fl\u0131k Grubu Kurumsal \u0130leti\u015fim b\u00f6l\u00fcm\u00fcne verdi\u011fi r\u00f6portaj metni bas\u0131n mensuplar\u0131na da\u011f\u0131t\u0131ld\u0131.<\/p>\n<p style=\"text-align: justify;\">Hastanenin \u0130leti\u015fim B\u00f6l\u00fcm\u00fc\u2019nden verilen bilgiye g\u00f6re, doktorlar\u0131ndan ve sa\u011fl\u0131k personelinden &#8220;\u00e7ok iyiler&#8221; diye bahseden ve te\u015fekk\u00fcr eden \u0130brahim Tatl\u0131ses, hastaneye getirildi\u011fi g\u00fcnden beri sevenlerinin bilgi almak i\u00e7in hastane bah\u00e7esinde beklemelerinden ayr\u0131ca telefon ve mail yoluyla sa\u011fl\u0131k durumunu sormalar\u0131ndan s\u00f6z edilirken duyguland\u0131. \u0130brahim Tatl\u0131ses, &#8220;Sevenlerimin duas\u0131n\u0131 bekliyorum. Sevenlerime kalbi duygular\u0131m\u0131 g\u00f6nderiyorum&#8221; dedi.<\/p>\n<p style=\"text-align: justify;\">Sanat\u00e7\u0131n\u0131n sa\u011fl\u0131k durumundaki son geli\u015fmeleri kamuoyuyla payla\u015fmak i\u00e7in bir araya gelen doktorlar aras\u0131nda Ac\u0131badem Maslak Hastanesi Ba\u015fhekimi Prof. Dr. \u00c7a\u011flar \u00c7uhadaro\u011flu\u2019nun yan\u0131s\u0131ra Beyin ve Sinir Cerrah\u0131 Prof. Dr. \u0130lhan Elmac\u0131, Estetik, Plastik ve Rekonstr\u00fcktif Cerrahi uzman\u0131 Do\u00e7. Dr. \u015e\u00fckr\u00fc Yazar, Fizik Tedavi ve Rehabilitasyon Uzman\u0131 Prof. Dr. Reyhan \u00c7eliker bulundu.<\/p>\n<p style=\"text-align: justify;\">Ac\u0131badem Maslak Hastanesi Ba\u015fhekimi Prof. Dr. \u00c7a\u011flar \u00c7uhadaro\u011flu, \u0130brahim Tatl\u0131ses\u2019in hastaneye geldi\u011fi ilk andan itibaren tedavisindeki olumlu geli\u015fmelerin, tedavisini s\u00fcrd\u00fcren uzman ekibi de \u00e7ok sevindirdi\u011fini belirtti. Prof. Dr. \u00c7a\u011flar \u00c7uhadaro\u011flu, bu olumlu s\u00fcrecin devam etmesi i\u00e7in \u0130brahim Tatl\u0131ses\u2019in sakin ve huzurlu bir ortama ihtiyac\u0131 oldu\u011funu vurgulad\u0131. Gerek hastaneye gelen gerekse mail ve telefon yoluyla kendilerinden \u0130brahim Tatl\u0131ses\u2019in sa\u011fl\u0131k durumunu soran sevenlerine, sanat\u00e7\u0131n\u0131n durumunun iyi oldu\u011funu s\u00f6ylemekten memnuniyet duyduklar\u0131n\u0131 s\u00f6yledi. Ancak sanat\u00e7\u0131n\u0131n bundan sonraki s\u00fcre\u00e7te sakin bir ortama ihtiya\u00e7 duymas\u0131 ve dinlenmesi gerekti\u011fi i\u00e7in ailesi d\u0131\u015f\u0131ndaki ziyaret\u00e7ilerle g\u00f6r\u00fc\u015femeyece\u011fini ve bas\u0131ndan gelen r\u00f6portaj taleplerini kabul edemeyece\u011fini kendisine s\u00f6yledi\u011fini ifade etti.<\/p>\n<p style=\"text-align: justify;\">Sanat\u00e7\u0131n\u0131n hastanedeki tedavisi s\u00fcresince, sa\u011fl\u0131\u011f\u0131yla ilgili geli\u015fmeler hakk\u0131nda hem bas\u0131n toplant\u0131lar\u0131 hem de yaz\u0131l\u0131 bas\u0131n a\u00e7\u0131klamalar\u0131yla kamuoyunu bilgilendirmeye \u00f6zen g\u00f6sterdiklerini s\u00f6yleyen Prof. Dr. \u00c7a\u011flar \u00c7uhadaro\u011flu, \u0130brahim Tatl\u0131ses\u2019in normal hasta servisine al\u0131nmas\u0131 nedeniyle sa\u011fl\u0131k durumu hakk\u0131nda son kez bas\u0131n toplant\u0131s\u0131 d\u00fczenlediklerini belirtti. \u0130brahim Tatl\u0131ses\u2019in beyin operasyonunu ger\u00e7ekle\u015ftiren Beyin ve Sinir Cerrahi Uzman\u0131 Prof. Dr. \u0130lhan Elmac\u0131, \u0130brahim Tatl\u0131ses\u2019in hayati riskinin kalkt\u0131\u011f\u0131n\u0131 s\u00f6yleyerek s\u00f6zlerine \u015f\u00f6yle devam etti:<\/p>\n<p style=\"text-align: justify;\">&#8220;\u0130brahim Bey, yo\u011fun bak\u0131mdan \u00e7\u0131kt\u0131. Hayati riski kalmam\u0131\u015ft\u0131r. Hastam\u0131z\u0131n \u015fu andaki genel sa\u011fl\u0131k durumu iyidir. \u0130kinci ameliyat tarihine, yine hastan\u0131n durumunun ilerki g\u00fcnlerde t\u0131bbi de\u011ferlendirilmesi sonucunda karar verilecektir. Herkesin merak etti\u011fi sanat\u00e7\u0131n\u0131n tekrar \u015fark\u0131 s\u00f6yleyip s\u00f6yleyemeyece\u011fidir. \u015eark\u0131 s\u00f6ylemesine, t\u0131bbi olarak bir engel bulunmad\u0131\u011f\u0131n\u0131 d\u00fc\u015f\u00fcn\u00fcyoruz.&#8221;<\/p>\n<p style=\"text-align: justify;\">\u0130brahim Tatl\u0131ses\u2019in fizik tedavi ve rehabilitasyonunu takip eden Prof. Dr. Reyhan \u00c7eliker, &#8220;Fizik tedavi ve rehabilitasyon s\u00fcreci ba\u015far\u0131yla devam ediyor. \u00d6n\u00fcm\u00fczdeki g\u00fcnlerde y\u00fcr\u00fcme egzersizlerine ba\u015flanacakt\u0131r. Kuvvet kayb\u0131n\u0131n oldu\u011fu sol kol ve bacakta fizik tedavi uygulamalar\u0131 devam etmektedir&#8221; dedi.<\/p>\n<p style=\"text-align: justify;\"><strong>&#8220;SOL TARAFINDAK\u0130 KUVVET KAYBI D\u00dcZELME E\u011e\u0130L\u0130M\u0130NDE &#8220;<\/strong><\/p>\n<p style=\"text-align: justify;\">Tatl\u0131ses\u2019in ameliyat\u0131n\u0131 yapan Beyin Cerrahisi Uzman\u0131 Prof. D. \u0130lhan Elmac\u0131 da &#8220;Olay\u0131n ba\u015flamas\u0131ndan bu yana iki hafta dolmu\u015f oldu. \u00c7ok olumlu geli\u015fmeler oldu bildi\u011finiz \u00fczere. Say\u0131n \u0130brahim Tatl\u0131ses cuma g\u00fcn\u00fc yo\u011fun bak\u0131mdan \u00e7\u0131kt\u0131. Normal bak\u0131m \u015fartlar\u0131 alt\u0131nda tedavisi devam etmektedir. Bizim a\u00e7\u0131m\u0131zdan hayati risk kalkt\u0131\u011f\u0131 i\u00e7in yo\u011fun bak\u0131ndan \u00e7\u0131kard\u0131k. Hayati riskin kalkm\u0131\u015f oldu\u011funu sizinle payla\u015fmaktan mutlu oluyorum. Bundan sonra \u00f6n\u00fcm\u00fczde yeni sorunlarla u\u011fra\u015fmam\u0131z gereken yeni bir d\u00f6nem var. Bunun i\u00e7inde ila\u00e7lar ve birtak\u0131m destek tedavileri var &#8221; dedi. Elmac\u0131, Tatl\u0131ses\u2019in kendi yeme\u011fini yedi\u011fini , konu\u015ftu\u011funu, sa\u011f taraf\u0131n\u0131 iyi bir \u015fekilde kulland\u0131\u011f\u0131n\u0131 belirtti. Elmac\u0131 Tatl\u0131ses\u2019in haf\u0131zas\u0131yla ilgili bir problem olmad\u0131\u011f\u0131n\u0131 da kaydetti. Elmac\u0131, &#8221; Sol taraf\u0131nda bize geldi\u011finde mevcut oldu\u011funu belirtti\u011fimiz tam kuvvet kayb\u0131 d\u00fczelme e\u011filimindedir .Genel durumu bizim a\u00e7\u0131m\u0131zdan gayet iyi&#8221; diye konu\u015ftu. Prof. Dr. Elmac\u0131, Tatl\u0131ses\u2019in antibiyotik tedavisinin devam etti\u011fini ve bu tedavinin bir aya tamamlanmak i\u00e7in iki hafta daha devam edece\u011fini s\u00f6yledi. Elmac\u0131, &#8221; Hen\u00fcz kendisi aya\u011fa kalkacak durumda de\u011fildir. Yatakta tedavisi devam ediyor. Bizim bu k\u00fc\u00e7\u00fck arabalar\u0131m\u0131zla dola\u015ft\u0131rabiliyoruz&#8221; dedi.<\/p>\n<p style=\"text-align: justify;\"><a href=\"http:\/\/www.radikal.com.tr\/Radikal.aspx?aType=RadikalDetayV3&amp;ArticleID=1044393&amp;Date=28.03.2011&amp;CategoryID=77\" target=\"_blank\">Kaynak : Radikal<\/a><\/p>\n","protected":false},"excerpt":{"rendered":"<p style=\"text-align: center;\">\n<p style=\"text-align: justify;\">Ac\u0131badem Maslak Hastanesi&#8217;nde, yo\u011fun bak\u0131mdan \u00e7\u0131kan sanat\u00e7\u0131 \u0130brahim Tatl\u0131ses, ilk a\u00e7\u0131klamas\u0131nda &#8216;S\u00fcperim, s\u00fcper&#8217; dedi.<\/p>\n<p style=\"text-align: justify;\">\u0130STANBUL &#8211; 14 Mart 2011\u2019den beri tedavisi s\u00fcren sanat\u00e7\u0131 \u0130brahim Tatl\u0131ses, yo\u011fun bak\u0131m servisinden \u00e7\u0131kt\u0131. \u0130brahim Tatl\u0131ses, sevenlerinin b\u00fcy\u00fck bir sab\u0131rs\u0131zl\u0131kla bekledi\u011fi ilk mesaj\u0131n\u0131 Ac\u0131badem Sa\u011fl\u0131k Grubu Kurumsal \u0130leti\u015fim b\u00f6l\u00fcm\u00fcne verdi. Yo\u011fun bak\u0131m servisinden <\/p>\n","protected":false},"author":1,"featured_media":0,"comment_status":"open","ping_status":"closed","sticky":false,"template":"","format":"standard","meta":{"footnotes":""},"categories":[105],"tags":[],"class_list":["post-29823","post","type-post","status-publish","format-standard","hentry","category-gundem","odd"],"_links":{"self":[{"href":"http:\/\/www.korhanyilmaz.com\/index.php?rest_route=\/wp\/v2\/posts\/29823","targetHints":{"allow":["GET"]}}],"collection":[{"href":"http:\/\/www.korhanyilmaz.com\/index.php?rest_route=\/wp\/v2\/posts"}],"about":[{"href":"http:\/\/www.korhanyilmaz.com\/index.php?rest_route=\/wp\/v2\/types\/post"}],"author":[{"embeddable":true,"href":"http:\/\/www.korhanyilmaz.com\/index.php?rest_route=\/wp\/v2\/users\/1"}],"replies":[{"embeddable":true,"href":"http:\/\/www.korhanyilmaz.com\/index.php?rest_route=%2Fwp%2Fv2%2Fcomments&post=29823"}],"version-history":[{"count":0,"href":"http:\/\/www.korhanyilmaz.com\/index.php?rest_route=\/wp\/v2\/posts\/29823\/revisions"}],"wp:attachment":[{"href":"http:\/\/www.korhanyilmaz.com\/index.php?rest_route=%2Fwp%2Fv2%2Fmedia&parent=29823"}],"wp:term":[{"taxonomy":"category","embeddable":true,"href":"http:\/\/www.korhanyilmaz.com\/index.php?rest_route=%2Fwp%2Fv2%2Fcategories&post=29823"},{"taxonomy":"post_tag","embeddable":true,"href":"http:\/\/www.korhanyilmaz.com\/index.php?rest_route=%2Fwp%2Fv2%2Ftags&post=29823"}],"curies":[{"name":"wp","href":"https:\/\/api.w.org\/{rel}","templated":true}]}}