{"id":29817,"date":"2011-03-28T12:12:29","date_gmt":"2011-03-28T09:12:29","guid":{"rendered":"http:\/\/www.korhanyilmaz.com\/?p=29817"},"modified":"2011-03-28T12:12:29","modified_gmt":"2011-03-28T09:12:29","slug":"erdogan-kitap-baskinlarini-degerlendirdi","status":"publish","type":"post","link":"http:\/\/www.korhanyilmaz.com\/?p=29817","title":{"rendered":"Erdo\u011fan kitap bask\u0131nlar\u0131n\u0131 de\u011ferlendirdi"},"content":{"rendered":"<p style=\"text-align: center;\"><a href=\"http:\/\/www.korhanyilmaz.com\/wp-content\/uploads\/2011\/03\/3202.jpg\"  class=\"lightview\"><img loading=\"lazy\" decoding=\"async\" class=\"aligncenter size-full wp-image-29819\" src=\"http:\/\/www.korhanyilmaz.com\/wp-content\/uploads\/2011\/03\/3202.jpg\" alt=\"\" width=\"360\" height=\"254\" \/><\/a><\/p>\n<p style=\"text-align: justify;\">Ba\u015fbakan Erdo\u011fan, Radikal gazetsi yazar\u0131 Ertu\u011frul Mavio\u011flu&#8217;nun bilgisayar\u0131nda &#8216;\u0130mam\u0131n Ordusu&#8217; kitab\u0131n\u0131n tasla\u011f\u0131n\u0131 aramak i\u00e7in polislerin Radikal gazetesine gelmesi &#8216;Aramalar\u0131n Nedenini biliyorsan\u0131z siz bana a\u00e7\u0131klay\u0131n&#8217; \u015feklinde de\u011ferlendirdi.<!--more--><\/p>\n<p style=\"text-align: justify;\">iki g\u00fcnl\u00fck resmi ziyaret i\u00e7in Irak\u2019a gitti. Erdo\u011fan Irak ziyaretinde iki \u00fclke ili\u015fkilerinin geli\u015ftirilmesinin yan\u0131 s\u0131ra, yeni kurulan h\u00fck\u00fcmete destek vermek amac\u0131yla da temaslarda bulunacaklar\u0131n\u0131 kaydetti. \u00d6te yandan Erdo\u011fan, CHP Lideri Kemal K\u0131l\u0131\u00e7daro\u011flu\u2019nun \u201cAskerlik adam \u00f6ld\u00fcrme sanat\u0131\u201d y\u00f6n\u00fcndeki ifadelerine ili\u015fkin de\u011ferlendirmesinde ise \u201c\u015ea\u015f\u0131rd\u0131m\u201d dedi.<\/p>\n<p style=\"text-align: justify;\">ANKARA &#8211; \u0130ki g\u00fcnl\u00fck resmi ziyaret i\u00e7in Irak\u2019a giden Ba\u015fbakan Recep Tayyip Erdo\u011fan havaalan\u0131nda gazetecilere a\u00e7\u0131klamalarda bulundu.<\/p>\n<p style=\"text-align: justify;\">Erdo\u011fan, ziyaret \u00e7er\u00e7evesinde Ba\u011fdat, Necef ve Erbil\u2019e gideceklerini, siyasi liderlerle g\u00f6r\u00fc\u015fmeler yap\u0131p, \u00e7e\u015fitli a\u00e7\u0131l\u0131\u015flar ger\u00e7ekle\u015ftireceklerini kaydetti. 8 y\u0131ld\u0131r Irak\u2019a y\u00f6nelik a\u00e7\u0131k ve samimi bir d\u0131\u015f politika izlediklerinin alt\u0131n\u0131 \u00e7izen Erdo\u011fan, \u201cIrakl\u0131 karde\u015flerimizin g\u00fcvenli\u011fini, huzurunu ve refah\u0131n\u0131 halk\u0131m\u0131z\u0131n g\u00fcvenli\u011fi huzuru ve refah\u0131 gibi aziz bildik. Irakl\u0131 karde\u015flerimizin ac\u0131lar\u0131n\u0131 hafifletecek deste\u011fi sa\u011flamaya gayret ettik\u201d dedi ve Erbil\u2019e yapaca\u011f\u0131 ziyaret kapsam\u0131nda PKK ter\u00f6r\u00fc konusunu da Irakl\u0131 makamlarla ele alacaklar\u0131n\u0131 dile getirdi.<\/p>\n<p style=\"text-align: justify;\"><strong>\u201cAB YUNAN\u0130STAN\u2019A BULGAR\u0130STAN\u2019A BAKSIN\u201d<\/strong><\/p>\n<p style=\"text-align: justify;\">Ge\u00e7ti\u011fimiz hafta Radikal gazetesine yap\u0131lan polis bask\u0131n\u0131na y\u00f6nelik AB\u2019nin \u2018bas\u0131n \u00f6zg\u00fcrl\u00fc\u011f\u00fcne y\u00f6nelik tehdit\u2019 de\u011ferlendirmelerinin hat\u0131rlat\u0131lmas\u0131 \u00fczerine sert \u00e7\u0131kan Ba\u015fbakan Erdo\u011fan \u201cT\u00fcrkiye\u2019deki \u015fu anda b\u00fct\u00fcn uygulamalar\u0131n yasama y\u00fcr\u00fctme yarg\u0131 organlar\u0131 taraf\u0131ndan nas\u0131l i\u015fledi\u011fi malumdur. Bunlar yeni uygulamalar de\u011fil. AB bu konuda \u015f\u00f6yle bir beyanda bulunmu\u015f, bir ba\u015fka taraf \u015f\u00f6yle bir beyanda bulunmu\u015f. Biz bunlar\u0131 biliriz ama her \u00fclkenin kendine has \u015fartlar\u0131 oldu\u011funu da gayet iyi biliyoruz. AB \u00fcyesi \u00fclkelerde de neyin nas\u0131l \u00e7al\u0131\u015ft\u0131\u011f\u0131n\u0131 biz bug\u00fcne kadar g\u00f6rd\u00fck g\u00f6r\u00fcyoruz. \u015eurada yan\u0131 ba\u015f\u0131m\u0131zda AB l\u00fctfen Yunanistan\u2019daki uygulamalar\u0131 g\u00f6rs\u00fcn, Bulgaristan\u2019daki uygulamalar\u0131 g\u00f6rs\u00fcn. Bizim burada orada uygulamalar b\u00f6yle yap\u0131l\u0131yor diye de\u011fil onlar\u0131n \u00e7ok ilerisine ge\u00e7erek att\u0131\u011f\u0131m\u0131z \u00f6rnek ad\u0131mlar var. Bu \u00f6rnek ad\u0131mlar\u0131 da kimse g\u00f6rm\u00fcyor\u201d diye konu\u015ftu. <span style=\"text-decoration: underline;\">Yarg\u0131n\u0131n yapt\u0131\u011f\u0131 aramalar\u0131n nedeninin ne oldu\u011funu bilmedi\u011fini vurgulayan ve \u201c<strong>Siz biliyorsan\u0131z a\u00e7\u0131klay\u0131n<\/strong>\u201d diyen Erdo\u011fan yarg\u0131ya m\u00fcdahale yetkisinin olmad\u0131\u011f\u0131n\u0131 da s\u00f6zlerine ekledi. <\/span><\/p>\n<p style=\"text-align: center;\"><a href=\"..\/wp-content\/uploads\/2011\/03\/3212.jpg\"><img loading=\"lazy\" decoding=\"async\" src=\"..\/wp-content\/uploads\/2011\/03\/3212.jpg\" alt=\"\" width=\"384\" height=\"254\" \/><\/a><\/p>\n<p style=\"text-align: justify;\"><strong>\u201cKILI\u00c7DARO\u011eLU\u2019NUN S\u00d6ZLER\u0130NE \u015eA\u015eIRDIM\u201d<\/strong><\/p>\n<p style=\"text-align: justify;\">Ba\u015fbakan Erdo\u011fan CHP Lideri Kemal K\u0131l\u0131\u00e7daro\u011flu\u2019nun bir konu\u015fmas\u0131nda bedelli askerlik konusuyla ilgili \u201cO \u00fcniversite gencimizi, hayat\u0131n\u0131n b\u00fcy\u00fck bir k\u0131sm\u0131n\u0131 15 ay\u0131n\u0131, insan \u00f6ld\u00fcrme sanat\u0131 \u00fczerinde mi e\u011fiteceksin?\u201d s\u00f6zlerine de sert \u00e7\u0131kt\u0131. \u201cBir siyasi lider b\u00f6yle bir ifade kullanm\u0131\u015fsa bana sadece b\u00f6yle bir durum kar\u015f\u0131s\u0131nda \u2018\u015fa\u015f\u0131rd\u0131m\u2019 demek kal\u0131r\u201d diyen Erdo\u011fan \u201cAskere giden herkes adam \u00f6ld\u00fcrme sanat\u0131n\u0131 \u00f6\u011frenmek i\u00e7in mi gidiyor? Asker hangi g\u00f6revlerle m\u00fccehhez olarak d\u00f6ner bu bellidir. Adam\u0131 \u00f6ld\u00fcrmek i\u00e7in de \u00f6zel bir e\u011fitimden ge\u00e7meye gerek yok. zaten hi\u00e7 bu e\u011fitimi almam\u0131\u015f olanlar\u0131n da nas\u0131l adam \u00f6ld\u00fcrd\u00fcklerini g\u00f6r\u00fcyoruz. B\u00f6yle bir \u015fey s\u00f6ylenmi\u015fse \u00e7ok yak\u0131\u015f\u0131ks\u0131z bir siyasi platform i\u00e7inde veya bir siyasi partinin genel ba\u015fkan\u0131 olan \u015fahsa bu t\u00fcr bir a\u00e7\u0131klama kesinlikle yak\u0131\u015fmaz\u201d ifadelerini kulland\u0131.<\/p>\n<p style=\"text-align: justify;\"><strong>\u201cBAH\u00c7EL\u0130\u2019N\u0130N \u00dcLKE Y\u00d6NETMEK DERD\u0130 YOK\u201d<\/strong><\/p>\n<p style=\"text-align: justify;\">T\u00dcS\u0130AD\u2019\u0131n ge\u00e7ti\u011fimiz g\u00fcnlerde a\u00e7\u0131klad\u0131\u011f\u0131 Anayasa tasla\u011f\u0131 \u00e7al\u0131\u015fmas\u0131na y\u00f6nelik MHP Genel Ba\u015fkan\u0131 Devlet Bah\u00e7eli\u2019nin \u201cAKP\u2019nin sipari\u015fi\u201d de\u011ferlendirmesi de Ba\u015fbakan Erdo\u011fan\u2019a soruldu. Erdo\u011fan daha \u00f6nce de STK\u2019lara anayasa haz\u0131rl\u0131\u011f\u0131 \u00e7a\u011fr\u0131s\u0131 yapt\u0131klar\u0131n\u0131 hat\u0131rlatarak \u015f\u00f6yle devam etti:<\/p>\n<p style=\"text-align: justify;\">\u201cT\u00dcS\u0130AD bu \u00e7al\u0131\u015fman\u0131n \u00f6rneklerini ge\u00e7mi\u015fte de verdi. Barolar Birli\u011fi yapt\u0131. TOBB yapt\u0131. Bunlar hep AK Partinin sipari\u015fi \u00fczerine mi bu anayasa \u00e7al\u0131\u015fmalar\u0131n\u0131 yapt\u0131lar. AK Parti ortada yokken de bu t\u00fcr \u00e7al\u0131\u015fmalar yapt\u0131lar. Buradan bir \u015fey ortaya \u00e7\u0131k\u0131yor. Say\u0131n Bah\u00e7eli\u2019nin bu \u00fclkede devleti y\u00f6netmek diye bir deri yok. Devleti y\u00f6netmek diye bir derdi olan\u0131n bu \u00fclkede neler aks\u0131yor, nerelerde bir s\u0131k\u0131nt\u0131 var bu s\u0131k\u0131nt\u0131lar\u0131 nas\u0131l a\u015far\u0131z buna y\u00f6nelik bir derdi yok. Sordu\u011funu zaman bizim anayasam\u0131z haz\u0131r diyor. Anayasa haz\u0131rsa bunu a\u00e7\u0131klars\u0131n. Uzla\u015fma komisyonuna adam ver talebine olumlu bakmazs\u0131n. Bunlarla beraber neyi uzla\u015f\u0131p da \u00fclkemizde neyi yapaca\u011f\u0131z. Onun i\u00e7in de biz tabi ba\u015f\u0131m\u0131z\u0131n \u00e7aresine bak\u0131yoruz. AK Parti olarak biz kendi \u00e7al\u0131\u015fmam\u0131z\u0131 ayr\u0131ca y\u00fcr\u00fct\u00fcyoruz. Ama diyoruz ki yeni anayasay\u0131 bu \u00fclkede halk kendisi yaps\u0131n. Anayasac\u0131lar sadece bu i\u015fin \u00e7er\u00e7evesini belirlesin. Ayr\u0131ca partiler STK\u2019lar onlar da \u00e7al\u0131\u015fmalar\u0131n\u0131 yaps\u0131nlar. Daha sonra bu \u00e7al\u0131\u015fmalar\u0131n hepsinden istifade ederek ortaya efrad\u0131n\u0131 cami ayar\u0131n\u0131 mani bir yeni anayasa \u00e7\u0131karal\u0131m ve bu anayasa ile de in\u015fallah bu tabi b\u00f6yle halk\u0131n her kesiminin rahatl\u0131kla anlayabilece\u011fi bir Anayasa olsun.\u201d<\/p>\n<p style=\"text-align: justify;\"><a href=\"http:\/\/www.radikal.com.tr\/Radikal.aspx?aType=RadikalDetayV3&amp;ArticleID=1044385&amp;Date=28.03.2011&amp;CategoryID=78\" target=\"_blank\">Kaynak : Radikal<\/a><\/p>\n","protected":false},"excerpt":{"rendered":"<p style=\"text-align: center;\">\n<p style=\"text-align: justify;\">Ba\u015fbakan Erdo\u011fan, Radikal gazetsi yazar\u0131 Ertu\u011frul Mavio\u011flu&#8217;nun bilgisayar\u0131nda &#8216;\u0130mam\u0131n Ordusu&#8217; kitab\u0131n\u0131n tasla\u011f\u0131n\u0131 aramak i\u00e7in polislerin Radikal gazetesine gelmesi &#8216;Aramalar\u0131n Nedenini biliyorsan\u0131z siz bana a\u00e7\u0131klay\u0131n&#8217; \u015feklinde de\u011ferlendirdi.<\/p>\n","protected":false},"author":1,"featured_media":0,"comment_status":"open","ping_status":"closed","sticky":false,"template":"","format":"standard","meta":{"footnotes":""},"categories":[105],"tags":[],"class_list":["post-29817","post","type-post","status-publish","format-standard","hentry","category-gundem","odd"],"_links":{"self":[{"href":"http:\/\/www.korhanyilmaz.com\/index.php?rest_route=\/wp\/v2\/posts\/29817","targetHints":{"allow":["GET"]}}],"collection":[{"href":"http:\/\/www.korhanyilmaz.com\/index.php?rest_route=\/wp\/v2\/posts"}],"about":[{"href":"http:\/\/www.korhanyilmaz.com\/index.php?rest_route=\/wp\/v2\/types\/post"}],"author":[{"embeddable":true,"href":"http:\/\/www.korhanyilmaz.com\/index.php?rest_route=\/wp\/v2\/users\/1"}],"replies":[{"embeddable":true,"href":"http:\/\/www.korhanyilmaz.com\/index.php?rest_route=%2Fwp%2Fv2%2Fcomments&post=29817"}],"version-history":[{"count":0,"href":"http:\/\/www.korhanyilmaz.com\/index.php?rest_route=\/wp\/v2\/posts\/29817\/revisions"}],"wp:attachment":[{"href":"http:\/\/www.korhanyilmaz.com\/index.php?rest_route=%2Fwp%2Fv2%2Fmedia&parent=29817"}],"wp:term":[{"taxonomy":"category","embeddable":true,"href":"http:\/\/www.korhanyilmaz.com\/index.php?rest_route=%2Fwp%2Fv2%2Fcategories&post=29817"},{"taxonomy":"post_tag","embeddable":true,"href":"http:\/\/www.korhanyilmaz.com\/index.php?rest_route=%2Fwp%2Fv2%2Ftags&post=29817"}],"curies":[{"name":"wp","href":"https:\/\/api.w.org\/{rel}","templated":true}]}}