{"id":29813,"date":"2011-03-27T16:37:48","date_gmt":"2011-03-27T13:37:48","guid":{"rendered":"http:\/\/www.korhanyilmaz.com\/?p=29813"},"modified":"2011-03-27T16:37:48","modified_gmt":"2011-03-27T13:37:48","slug":"bunlar-da-rafkardaki-gulen-kitaplari","status":"publish","type":"post","link":"http:\/\/www.korhanyilmaz.com\/?p=29813","title":{"rendered":"Bunlar da rafkardaki G\u00fclen kitaplar\u0131"},"content":{"rendered":"<p style=\"text-align: center;\"><a href=\"http:\/\/www.korhanyilmaz.com\/wp-content\/uploads\/2011\/03\/3331.jpg\"  class=\"lightview\"><img loading=\"lazy\" decoding=\"async\" class=\"aligncenter size-full wp-image-29814\" src=\"http:\/\/www.korhanyilmaz.com\/wp-content\/uploads\/2011\/03\/3331.jpg\" alt=\"\" width=\"420\" height=\"210\" \/><\/a><\/p>\n<p style=\"text-align: justify;\">Ahmet \u015e\u0131k&#8217;\u0131n yay\u0131mlanmam\u0131\u015f kitab\u0131n\u0131n taslaklar\u0131na &#8216;\u00f6rg\u00fctsel dok\u00fcman&#8217; niteli\u011fi ta\u015f\u0131d\u0131\u011f\u0131 gerek\u00e7esiyle el konuldu. \u0130\u015fte &#8216;\u0130mam\u0131n Ordusu&#8217;yla ilgili geli\u015fmelerden sonra, merak edenler i\u00e7in kitap\u00e7\u0131larda bulunan G\u00fclen kitaplar\u0131n\u0131n listesi&#8230;<!--more--><\/p>\n<p style=\"text-align: justify;\"><strong>Fethullah G\u00fclen\u2019le 11 G\u00fcn<\/strong><\/p>\n<p style=\"text-align: justify;\">Mehmet G\u00fcndem, Alfa Yay\u0131nlar\u0131, 2005<\/p>\n<p style=\"text-align: justify;\">Kitap, Mehmet G\u00fcndem\u2019in Milliyet gazetesi i\u00e7in G\u00fclen\u2019le yapt\u0131\u011f\u0131 r\u00f6portaj\u0131 kaps\u0131yor. Bu r\u00f6portaj 22 g\u00fcn boyunca yay\u0131mlanm\u0131\u015ft\u0131. Kitapta tam metin olarak yer alan s\u00f6yle\u015fiye renkli foto\u011fraflar e\u015flik ediyor.<\/p>\n<p style=\"text-align: justify;\"><strong>Cemaatin Coplar\u0131<\/strong><\/p>\n<p style=\"text-align: justify;\">Z\u00fcbeyir K\u0131nd\u0131ra, Togan, 2010<\/p>\n<p style=\"text-align: justify;\">Polis Koleji mezunu ama Akademi\u2019yi bitirememi\u015f biri Z\u00fcbeyir K\u0131nd\u0131ra. Yazar, \u2018polisteki cemaat kadrola\u015fmas\u0131n\u0131\u2019 anlat\u0131yor. Kitapta, \u2018polisin en kritik birimlerinde g\u00f6rev alanlar ve bunlar hakk\u0131nda polis m\u00fcfetti\u015flerinin yapt\u0131\u011f\u0131 ara\u015ft\u0131rmalarla\u2019 farkl\u0131 tarihlerde haz\u0131rlanan raporlarda isimleri \u2018Cemaat\u00e7i\u2019, \u2018Fethullah\u00e7\u0131\u2019 olarak an\u0131lan ki\u015filerin hangilerinin istihbarat, KOM, e\u011fitim kurumlar\u0131 gibi birimlerde g\u00f6rev ald\u0131\u011f\u0131 anlat\u0131l\u0131yor.<\/p>\n<p style=\"text-align: justify;\"><strong>Okyanus \u00d6tesindeki Vaiz<\/strong><\/p>\n<p style=\"text-align: justify;\">Sayg\u0131 \u00d6zt\u00fcrk, Do\u011fan Kitap, 2010<\/p>\n<p style=\"text-align: justify;\">Sayg\u0131 \u00d6zt\u00fcrk, \u2018Kimdir Fethullah G\u00fclen?\u2019 sorusunun pe\u015finden gidiyor. \u00d6zt\u00fcrk\u2019\u00fcn kitab\u0131n\u0131n i\u00e7inde 30\u2019u a\u015fk\u0131n belge yer al\u0131yor.<\/p>\n<p style=\"text-align: justify;\"><strong>Fethullah G\u00fclen\u2019in 40 Y\u0131ll\u0131k Ser\u00fcveni<\/strong><\/p>\n<p style=\"text-align: justify;\">Hikmet \u00c7etinkaya, Cumhuriyet Kitaplar\u0131, 2010<\/p>\n<p style=\"text-align: justify;\">Cumhuriyet gazetesi yazarlar\u0131ndan Hikmet \u00c7etinkaya Fethullah G\u00fclen\u2019in 40 y\u0131ll\u0131k siyasi hayat\u0131n\u0131 ele\u015ftiriyor.<\/p>\n<p style=\"text-align: justify;\"><strong>Ergenekon Belgelerinde Fethullah G\u00fclen ve Cemaat<\/strong><\/p>\n<p style=\"text-align: justify;\">Nedim \u015eener, Destek Yay\u0131nlar\u0131, 2010<\/p>\n<p style=\"text-align: justify;\">Ergenekon san\u0131klar\u0131, Fethullah G\u00fclen Cemaati\u2019nin bir \u2018komplosu\u2019 olarak su\u00e7land\u0131klar\u0131n\u0131 iddia ediyor. Nedim \u015eener bu iddialara ve Fethullah G\u00fclen Cemaati\u2019ne Ergenekon davas\u0131 iddianamesindeki ek klas\u00f6rlerde yer alan belgelerden bak\u0131yor.<\/p>\n<p style=\"text-align: justify;\"><strong>Fethullah G\u00fclen ile Global Ho\u015fg\u00f6r\u00fc ve New York Sohbeti<\/strong><\/p>\n<p style=\"text-align: justify;\">Nevval Sevindi, Tima\u015f Yay\u0131nlar\u0131, 2002<\/p>\n<p style=\"text-align: justify;\">Kitap, Nevval Sevindi\u2019nin Fethullah G\u00fclen\u2019le yapt\u0131\u011f\u0131 sohbetten olu\u015fuyor. Kitab\u0131n i\u00e7inde, G\u00fclen, Sevindi\u2019nin 11 Eyl\u00fcl sonras\u0131 d\u00f6neme ili\u015fkin sorular\u0131n\u0131 yan\u0131tlayan geni\u015f bir de\u011ferlendirme kaleme alm\u0131\u015f.<\/p>\n<p style=\"text-align: justify;\"><strong>Ku\u015fat\u0131lan T\u00fcrkiye: Fethullah G\u00fclen Hareketinin Perde Arkas\u0131<\/strong><\/p>\n<p style=\"text-align: justify;\">Merdan Yanarda\u011f, Destek Yay\u0131nlar\u0131, 2010<\/p>\n<p style=\"text-align: justify;\">Gazeteci Merdan Yanarda\u011f, Fethullah G\u00fclen Cemaati\u2019nin \u015fifrelerini \u00e7\u00f6zmeye \u00e7al\u0131\u015f\u0131yor. G\u00fclen hareketi i\u00e7inde 35 y\u0131l yer alan Nurettin Veren\u2019in verdi\u011fi bilgiler de kitapta yer al\u0131yor.<\/p>\n<p style=\"text-align: justify;\"><strong>Orta Asya\u2019da \u0130slam Misyonerleri Fethullah G\u00fclen Okullar\u0131<\/strong><\/p>\n<p style=\"text-align: justify;\">Bayram Balc\u0131, \u0130leti\u015fim Yay\u0131nlar\u0131, 2005<\/p>\n<p style=\"text-align: justify;\">Bayram Balc\u0131 iki temel soruya cevap ar\u0131yor. Fethullah G\u00fclen hareketi hangi ama\u00e7la Orta Asya \u00fclkelerinde onlarca okul a\u00e7\u0131yor? Bunlar \u2018Alt\u0131n Nesil\u2019 yaratma ideali g\u00fcden Nurcu misyonerlik okullar\u0131 m\u0131, yoksa T\u00fcrkle\u015ftirme politikas\u0131n\u0131n ara\u00e7lar\u0131 m\u0131?<\/p>\n<p style=\"text-align: justify;\"><strong>G\u00fclen Hareketi<\/strong><\/p>\n<p style=\"text-align: justify;\">Helen Rose Ebaugh, Do\u011fan Kitap, 2011<\/p>\n<p style=\"text-align: justify;\">Houston \u00dcniversitesi \u00f6\u011fretim \u00fcyesi Helen Rose Ebaugh\u2019un \u2018G\u00fclen Hareketi\u2019 adl\u0131 kitab\u0131 akademik bir \u00e7al\u0131\u015fma. Ebaugh, hareketin k\u00fcresel bir g\u00fc\u00e7 olmaya evrilen yap\u0131sal s\u00fcrecini ve bireyler baz\u0131ndaki adanma mekanizmalar\u0131n\u0131 inceliyor.<\/p>\n<p style=\"text-align: justify;\"><strong>Hali\u00e7\u2019te Ya\u015fayan Simonlar<\/strong><\/p>\n<p style=\"text-align: justify;\">Hanefi Avc\u0131, Angora Yay\u0131nlar\u0131, 2010<\/p>\n<p style=\"text-align: justify;\">Eski Eski\u015fehir Emniyet M\u00fcd\u00fcr\u00fc Hanefi Avc\u0131, kendisi de devlete hizmet etmi\u015f bir emniyet\u00e7i olarak devletin birtak\u0131m kurumlar\u0131nda var oldu\u011funu d\u00fc\u015f\u00fcnd\u00fc\u011f\u00fccemaat yap\u0131s\u0131n\u0131 anlat\u0131yor. Kitap yay\u0131mland\u0131ktan yakla\u015f\u0131k bir ay sonra Avc\u0131 tutuklanm\u0131\u015ft\u0131.<\/p>\n<p style=\"text-align: justify;\"><strong>Fethullah G\u00fclen<\/strong><\/p>\n<p style=\"text-align: justify;\">Faruk Mercan, Do\u011fan Kitap, 2008<\/p>\n<p style=\"text-align: justify;\">Faruk Mercan, G\u00fclen\u2019in \u00e7ocuklu\u011fundan bug\u00fcne hayat\u0131n\u0131 anlat\u0131yor. Kitapta, G\u00fclen\u2019i kimlerin ziyaret etti\u011fi, \u00d6zal\u2019\u0131n MGK da G\u00fclen\u2019i nas\u0131l savundu\u011fu gibi bilgeleri bulmak m\u00fcmk\u00fcn.<\/p>\n<p style=\"text-align: justify;\"><strong>100 Soruda Fethullah G\u00fclen ve Hareketi<\/strong><\/p>\n<p style=\"text-align: justify;\">Do\u011fu Ergil, Tima\u015f Yay\u0131nlar\u0131, 2010<\/p>\n<p style=\"text-align: justify;\">Siyaset bilimci Do\u011fu Ergil, Pen-silvanya\u2019da ya\u015fayan Fethullah G\u00fclen\u2019le iki kez g\u00f6r\u00fc\u015ferek haz\u0131rlam\u0131\u015f kitab\u0131n\u0131. Yazar, 100 sorudan yola \u00e7\u0131karak G\u00fclen\u2019in \u00e7o\u011fu g\u00fcncel konularla ilgili yorumlar\u0131n\u0131, hareketin yap\u0131s\u0131n\u0131, okullar\u0131n\u0131 anlat\u0131yor.<\/p>\n<p style=\"text-align: justify;\"><a href=\"http:\/\/haber.gazetevatan.com\/bunlar-da-rafkardaki-gulen-kitaplari\/367581\/1\/Gundem\" target=\"_blank\">Kaynak : VATAN Gazetesi<\/a><\/p>\n","protected":false},"excerpt":{"rendered":"<p style=\"text-align: center;\">\n<p style=\"text-align: justify;\">Ahmet \u015e\u0131k&#8217;\u0131n yay\u0131mlanmam\u0131\u015f kitab\u0131n\u0131n taslaklar\u0131na &#8216;\u00f6rg\u00fctsel dok\u00fcman&#8217; niteli\u011fi ta\u015f\u0131d\u0131\u011f\u0131 gerek\u00e7esiyle el konuldu. \u0130\u015fte &#8216;\u0130mam\u0131n Ordusu&#8217;yla ilgili geli\u015fmelerden sonra, merak edenler i\u00e7in kitap\u00e7\u0131larda bulunan G\u00fclen kitaplar\u0131n\u0131n listesi&#8230;<\/p>\n","protected":false},"author":1,"featured_media":0,"comment_status":"open","ping_status":"closed","sticky":false,"template":"","format":"standard","meta":{"footnotes":""},"categories":[105],"tags":[],"class_list":["post-29813","post","type-post","status-publish","format-standard","hentry","category-gundem","odd"],"_links":{"self":[{"href":"http:\/\/www.korhanyilmaz.com\/index.php?rest_route=\/wp\/v2\/posts\/29813","targetHints":{"allow":["GET"]}}],"collection":[{"href":"http:\/\/www.korhanyilmaz.com\/index.php?rest_route=\/wp\/v2\/posts"}],"about":[{"href":"http:\/\/www.korhanyilmaz.com\/index.php?rest_route=\/wp\/v2\/types\/post"}],"author":[{"embeddable":true,"href":"http:\/\/www.korhanyilmaz.com\/index.php?rest_route=\/wp\/v2\/users\/1"}],"replies":[{"embeddable":true,"href":"http:\/\/www.korhanyilmaz.com\/index.php?rest_route=%2Fwp%2Fv2%2Fcomments&post=29813"}],"version-history":[{"count":0,"href":"http:\/\/www.korhanyilmaz.com\/index.php?rest_route=\/wp\/v2\/posts\/29813\/revisions"}],"wp:attachment":[{"href":"http:\/\/www.korhanyilmaz.com\/index.php?rest_route=%2Fwp%2Fv2%2Fmedia&parent=29813"}],"wp:term":[{"taxonomy":"category","embeddable":true,"href":"http:\/\/www.korhanyilmaz.com\/index.php?rest_route=%2Fwp%2Fv2%2Fcategories&post=29813"},{"taxonomy":"post_tag","embeddable":true,"href":"http:\/\/www.korhanyilmaz.com\/index.php?rest_route=%2Fwp%2Fv2%2Ftags&post=29813"}],"curies":[{"name":"wp","href":"https:\/\/api.w.org\/{rel}","templated":true}]}}