{"id":29788,"date":"2011-03-27T15:22:13","date_gmt":"2011-03-27T12:22:13","guid":{"rendered":"http:\/\/www.korhanyilmaz.com\/?p=29788"},"modified":"2011-03-27T15:22:13","modified_gmt":"2011-03-27T12:22:13","slug":"ancak-seytanin-aklina-gelebilirdi","status":"publish","type":"post","link":"http:\/\/www.korhanyilmaz.com\/?p=29788","title":{"rendered":"&#8220;Ancak \u015feytan\u0131n akl\u0131na gelebilirdi&#8221;"},"content":{"rendered":"<p style=\"text-align: justify;\"><a href=\"http:\/\/www.korhanyilmaz.com\/wp-content\/uploads\/2011\/03\/3271.jpg\"  class=\"lightview\"><img loading=\"lazy\" decoding=\"async\" class=\"aligncenter size-full wp-image-29789\" src=\"http:\/\/www.korhanyilmaz.com\/wp-content\/uploads\/2011\/03\/3271.jpg\" alt=\"\" width=\"307\" height=\"236\" \/><\/a><\/p>\n<p style=\"text-align: justify;\">Ankara&#8217;da aday adaylar\u0131yla bir araya gelen CHP lideri Kemal K\u0131l\u0131\u00e7daro\u011flu, &#8220;12 Eyl\u00fcl d\u00f6neminden bile k\u00f6t\u00fc. Ancak \u015feytan\u0131n akl\u0131na gelebilir bu kadar\u0131&#8221; diyerek iktidara y\u00fcklendi. Tepkisi gazeteci Ahmet \u015e\u0131k&#8217;\u0131n bas\u0131lmam\u0131\u015f kitab\u0131na el konulmas\u0131nayd\u0131. Ba\u015fbakan&#8217;a, &#8220;2 bakan\u0131n kadar cesaretin yok. Sen Ba\u015fbakan olamazs\u0131n&#8221; diyen CHP lideri, aday adaylar\u0131na da, &#8220;Liste d\u0131\u015f\u0131 kal\u0131nca k\u00fcsmek yok. \u00c7ok \u00e7al\u0131\u015f\u0131n&#8221; mesaj\u0131 verdi. <!--more--><\/p>\n<p style=\"text-align: justify;\">K\u0131l\u0131\u00e7daro\u011flu, milletvekili aday adaylar\u0131yla Anadolu G\u00f6steri ve Kongre Merkezi&#8217;nde bir araya geldi.<\/p>\n<p style=\"text-align: justify;\">T\u00fcrkiye&#8217;de 1 \u00e7ocu\u011fun bile yata\u011fa a\u00e7 girmemesini istediklerini belirten K\u0131l\u0131\u00e7daro\u011flu, y\u0131llard\u0131r kalk\u0131nma planlar\u0131 haz\u0131rland\u0131\u011f\u0131n\u0131, politikac\u0131lar\u0131n de\u011fi\u015fti\u011fini ama a\u00e7 \u00e7ocuklar\u0131n, yoksul insanlar\u0131n her zaman varl\u0131\u011f\u0131n\u0131 s\u00fcrd\u00fcrd\u00fc\u011f\u00fcn\u00fc, bu nedenle sosyal devleti g\u00fc\u00e7lendireceklerini s\u00f6yledi.<\/p>\n<p style=\"text-align: justify;\">Toplumun, demokrasi ve \u00f6zg\u00fcrl\u00fck s\u00f6ylemleri alt\u0131nda bask\u0131 g\u00f6rd\u00fc\u011f\u00fcn\u00fc savunan K\u0131l\u0131\u00e7daro\u011flu, hen\u00fcz bas\u0131lmam\u0131\u015f taslak kitaplar\u0131n yok edildi\u011fini belirtti.<\/p>\n<p style=\"text-align: justify;\">Siyasi iktidar\u0131n mahkeme kararlar\u0131yla ilgili &#8220;Biz bu konuda ne yapaca\u011f\u0131z, yarg\u0131n\u0131n karar\u0131&#8221; dedi\u011fini ifade eden K\u0131l\u0131\u00e7daro\u011flu, &#8220;Biz \u015fimdi 12 Eyl\u00fcl zulm\u00fc dolay\u0131s\u0131yla kimi su\u00e7luyoruz? O d\u00f6nem karar veren yarg\u0131\u00e7lar\u0131 m\u0131? Kitaplar\u0131 toplay\u0131p ter\u00f6r \u00f6rg\u00fctlerinin su\u00e7 unsuru olarak g\u00f6sterenleri mi su\u00e7luyoruz? Hay\u0131r, darbeyi yapanlar\u0131 su\u00e7luyoruz &#8216;onlar\u0131n sorumlusu odur&#8217; diyoruz. Ayn\u0131 tabloyu daha derinden, daha ince ya\u015f\u0131yoruz. Bas\u0131lmam\u0131\u015f kitaplar imha ediliyor. Akl\u0131 olanlar\u0131n akl\u0131na gelmeyecek bir \u015fey ancak \u015feytan\u0131n akl\u0131na gelir bu kadar \u015fey. Sonra diyorsunuz ki &#8216;biz yapmad\u0131k&#8217;. Kim yapt\u0131? Yarg\u0131 yapt\u0131. Bu \u00fclkede Ba\u015fbakan kim? Ad\u0131na &#8216;Recep Tayyip Erdo\u011fan&#8217; diyorlar. Sen Ba\u015fbakansan bunlar\u0131 g\u00f6rmemezlikten mi geleceksin, yeri geldi\u011fi zaman en a\u011f\u0131r ele\u015ftirileri yarg\u0131ya yapt\u0131n, ni\u00e7in burada suskun kal\u0131yorsun?&#8221; diye konu\u015ftu.<\/p>\n<p style=\"text-align: justify;\">Toplumu bask\u0131 alt\u0131nda tutman\u0131n 21. y\u00fczy\u0131l d\u00fcnyas\u0131nda yeri olmad\u0131\u011f\u0131n\u0131 ifade eden K\u0131l\u0131\u00e7daro\u011flu, &#8220;Bask\u0131c\u0131 rejimleri g\u00f6r\u00fcyorsunuz, birer birer ka\u011f\u0131ttan kaplan gibi gidiyorlar. O bask\u0131c\u0131 rejimlerin alt\u0131nda ya\u015fayan halk, T\u00fcrkiye&#8217;ye \u00f6zlem duyuyor, bizim y\u00f6neticilerimiz de onlar\u0131n bask\u0131c\u0131 rejimlerine \u00f6zlem duyuyor. Bu tabloyu kabul etmiyoruz&#8221; dedi.<\/p>\n<p style=\"text-align: justify;\"><strong>&#8220;E\u011fer onlar pani\u011fe kap\u0131lm\u0131\u015fsa bilin ki&#8230;&#8221; <\/strong><\/p>\n<p style=\"text-align: justify;\">Milletvekili aday adaylar\u0131ndan &#8220;ben Genel Ba\u015fkan&#8217;dan daha fazla \u00e7al\u0131\u015f\u0131yorum, bunun i\u00e7in yola \u00e7\u0131kt\u0131m, bunun i\u00e7in \u00e7izmelerimi giydim, bunun i\u00e7in Anadolu&#8217;nun tozlu yollar\u0131nda gezece\u011fim&#8221; diyerek \u00e7al\u0131\u015fmalar\u0131n\u0131 isteyen K\u0131l\u0131\u00e7daro\u011flu, \u015f\u00f6yle devam etti:<\/p>\n<p style=\"text-align: justify;\">&#8220;Sizden bir \u015fey daha istiyorum, gezerken, konu\u015furken bize yuh bile \u00e7ekilse k\u0131zmayaca\u011f\u0131z. Demokrasiyi sindirece\u011fiz, &#8216;onun da bir gerek\u00e7esi vard\u0131r&#8217; diyece\u011fiz. &#8216;Bana neden k\u0131z\u0131yorsun&#8217; diye soraca\u011f\u0131z. O soruyu sormaktan korkmayaca\u011f\u0131z. Hi\u00e7 kimseyi \u00f6tekile\u015ftirmeden, kimsenin etnik kimli\u011fine, inanc\u0131na bir \u015fey demeden, onlara sayg\u0131 duyarak, o insanlar\u0131 ba\u015f\u0131m\u0131z\u0131n \u00fcst\u00fcnde ta\u015f\u0131yaca\u011f\u0131z, onlara sevgiyi, \u00f6zg\u00fcrl\u00fc\u011f\u00fc, demokrasiyi, g\u00fczelli\u011fi beraber getirece\u011fiz.<\/p>\n<p style=\"text-align: justify;\">Hep derlerdi ki &#8216;CHP ele\u015ftirir ama hi\u00e7 \u00e7\u00f6z\u00fcm \u00f6nerileri yok&#8217;, \u015fimdi bizim \u00e7\u00f6z\u00fcm \u00f6nerilerimiz kar\u015f\u0131s\u0131nda Adalet ve Kalk\u0131nma Partisi&#8217;nin pani\u011fe kap\u0131ld\u0131\u011f\u0131n\u0131 g\u00f6r\u00fcyorum. Sizler de biliyorsunuz, e\u011fer onlar pani\u011fe kap\u0131lm\u0131\u015fsa bilin ki biz do\u011fru \u015feyler s\u00f6yl\u00fcyoruz. Bizim projelerimiz halk\u0131n nezdinde kabul g\u00f6rm\u00fc\u015fse bilin ki do\u011fru \u015feyler s\u00f6yl\u00fcyoruz.&#8221;<\/p>\n<p style=\"text-align: justify;\"><strong>&#8220;Yoksullu\u011funuzu tarihe g\u00f6mece\u011fiz&#8221; <\/strong><\/p>\n<p style=\"text-align: justify;\">T\u00fcrkiye&#8217;deki resmi yoksul say\u0131s\u0131n\u0131n 12 milyon 715 bin oldu\u011funu bildiren K\u0131l\u0131\u00e7daro\u011flu, bu rakam\u0131 hi\u00e7bir partilinin unutmamas\u0131n\u0131 istedi. K\u0131l\u0131\u00e7daro\u011flu, h\u00fck\u00fcmetin 9 y\u0131lda getirdi\u011fi noktan\u0131n bu oldu\u011funu, 1 y\u0131lda artan yoksul say\u0131s\u0131n\u0131n ise 818 bin oldu\u011funu ifade etti.<\/p>\n<p style=\"text-align: justify;\">Kemal K\u0131l\u0131\u00e7daro\u011flu, &#8220;Bu, &#8216;herkese refah getirece\u011fiz&#8217; diyen h\u00fck\u00fcmetin ac\u0131 tablosudur. E\u011fer bu \u00fclkede resmi rakamlar 12 milyon 715 bin ki\u015fiyi yoksul g\u00f6steriyorsa Cumhuriyet Halk Partisi&#8217;nin bir \u00e7\u00f6z\u00fcm\u00fcn\u00fcn olmas\u0131 laz\u0131m. \u00c7\u00f6z\u00fcm\u00fc getirdik, halk\u0131n \u00f6n\u00fcne koyduk; Aile sigortas\u0131. Aile sigortas\u0131yla T\u00fcrkiye&#8217;yi 21. y\u00fczy\u0131l\u0131n refah devletine d\u00f6n\u00fc\u015ft\u00fcrece\u011fiz&#8221; dedi.<\/p>\n<p style=\"text-align: justify;\">Projeleri i\u00e7in gerekli kaynaklar\u0131n \u00fclkede bulundu\u011funu belirten K\u0131l\u0131\u00e7daro\u011flu, bu konuda \u00f6nce yoksulluk envanteri \u00e7\u0131karacaklar\u0131n\u0131 s\u00f6yledi.<\/p>\n<p style=\"text-align: justify;\">\u0130ktidar\u0131n 9 y\u0131ld\u0131r bu konudaki s\u00f6z\u00fcn\u00fc tutmad\u0131\u011f\u0131n\u0131 \u00f6ne s\u00fcren K\u0131l\u0131\u00e7daro\u011flu, &#8220;Kayna\u011f\u0131 yarat\u0131r\u0131z, al\u0131n terimizle yapar\u0131z. Yeri gelince b\u00f6b\u00fcrleniyorlar &#8216;T\u00fcrkiye d\u00fcnyan\u0131n 16. ekonomisi&#8217; diye. Orada b\u00f6b\u00fcrleniyorsun g\u00fczel de burada da utanman laz\u0131m, 12 milyon 715 bin yoksul. Burada utan\u0131yor musun? Hay\u0131r, \u00fczerine \u015fal \u00f6rt\u00fcyorsun. O \u015fal\u0131 biz kald\u0131rd\u0131k. 12 milyon 715 bin ki\u015fiye sesleniyorum, sizin yoksullu\u011funuzu tarihe g\u00f6mece\u011fiz, afi\u015fe etmeyece\u011fiz, sosyal devletin \u015femsiyesi alt\u0131nda giderece\u011fiz. Yoksullar\u0131n da onuru vard\u0131r, &#8216;onlar\u0131n onuru bizim onurumuzdur&#8217; diyece\u011fiz&#8221; diye konu\u015ftu.<\/p>\n<p style=\"text-align: justify;\">Aile sigortas\u0131nda \u00f6denen bedelin memurun ald\u0131\u011f\u0131 \u00fccret gibi &#8220;hak&#8221; oldu\u011funu dile getiren K\u0131l\u0131\u00e7daro\u011flu, &#8220;600 lira ile ge\u00e7inemeyecekse siyaset\u00e7inin \u00f6n\u00fcne \u00e7\u0131kacak, &#8216;600 lirayla ge\u00e7inemiyorum bunu art\u0131r\u0131n&#8217; diyecek. Aile sigortas\u0131 40 y\u0131ll\u0131k beklentidir. Aile Sigortas\u0131n\u0131 T\u00fcrkiye&#8217;ye getirerek, refah devletine en \u00f6nemli ad\u0131m\u0131 atm\u0131\u015f olaca\u011f\u0131z&#8221; dedi.<\/p>\n<p style=\"text-align: justify;\"><strong>&#8220;Ta\u015feronla\u015fman\u0131n kar\u015f\u0131s\u0131ndaki tek parti&#8221; <\/strong><\/p>\n<p style=\"text-align: justify;\">Her alanda \u00f6rg\u00fctlenmenin \u00f6nemine i\u015faret eden K\u0131l\u0131\u00e7daro\u011flu, eme\u011fin \u00f6rg\u00fctlenmesinin \u00f6n\u00fcnde &#8216;ta\u015feronla\u015fma&#8217; engelinin oldu\u011funu belirtti.<\/p>\n<p style=\"text-align: justify;\">&#8220;Ta\u015feronla\u015fman\u0131n kar\u015f\u0131s\u0131ndaki tek parti Cumhuriyet Halk Partisi&#8217;dir, bunu unutmay\u0131n&#8221; diyen K\u0131l\u0131\u00e7daro\u011flu, ta\u015feron i\u015f\u00e7ilerin CHP iktidar\u0131nda grevli, toplu s\u00f6zle\u015fmeli sendikal hakk\u0131 olan i\u015f\u00e7iler haline geleceklerini s\u00f6yledi.<\/p>\n<p style=\"text-align: justify;\">2 milyon ta\u015feron i\u015f\u00e7isine seslenen K\u0131l\u0131\u00e7daro\u011flu, &#8220;E\u011fer hak istiyorsan\u0131z, ertesi g\u00fcn i\u015fim ne olacak kayg\u0131s\u0131 ta\u015f\u0131mak istemiyorsan\u0131z, yolunuz belli, adresiniz belli, ona &#8216;alt\u0131 ok&#8217; diyorlar, ona &#8216;Cumhuriyet Halk Partisi&#8217; diyorlar&#8221; dedi.<\/p>\n<p style=\"text-align: justify;\">Durumu iyi olana bedelli, iyi olmayana bedelsiz k\u0131sa d\u00f6nem askerlik yapt\u0131racaklar\u0131n\u0131 yineleyen K\u0131l\u0131\u00e7daro\u011flu, toplanan bedellerle silah al\u0131nmayaca\u011f\u0131n\u0131, &#8220;Cumhuriyetin bir kara sayfas\u0131 olan \u00e7\u00f6z\u00fclemeyen yurt sorununu \u00e7\u00f6zmek i\u00e7in kullanacaklar\u0131n\u0131&#8221; kaydetti.<\/p>\n<p style=\"text-align: justify;\">K\u0131l\u0131\u00e7daro\u011flu, &#8220;Hemen ele\u015ftiri; memleketi kim koruyacak? Bu memleket, savunulacak konuma gelirse hi\u00e7 merak etme Say\u0131n Ba\u015fbakan, bu memleketi savunacaklar, Cumhuriyet Halk Partisi neferleridir. CHP&#8217;nin dokular\u0131nda, genlerinde, h\u00fccrelerinde Kuvay\u0131milliyenin ruhu yatar&#8221; diye konu\u015ftu.<\/p>\n<p style=\"text-align: justify;\">K\u0131l\u0131\u00e7daro\u011flu, \u00fcniversite \u00f6\u011frencilerinin yaz aylar\u0131nda askerlik yapmas\u0131na y\u00f6nelik vaadini de tekrarlarken, &#8220;Ordumuzu daha profesyonel, daha aktif hale getirece\u011fiz ama onlar\u0131n akl\u0131 ermez, onlar hala Prusya modelinin arkas\u0131ndan gidiyor. Biz ise y\u00f6n\u00fcm\u00fcz\u00fc \u00e7a\u011fda\u015f uygarl\u0131\u011fa d\u00f6nd\u00fck. Hedefi Mustafa Kemal koydu, o hedefe gidece\u011fiz biz&#8221; dedi.<\/p>\n<p style=\"text-align: justify;\">Askerli\u011fi \u00f6nce 9 aya sonra a\u015famal\u0131 olarak 6 aya indireceklerini de ifade eden K\u0131l\u0131\u00e7daro\u011flu, s\u00f6ylediklerinin arkas\u0131nda olduklar\u0131n\u0131 belirtti.<\/p>\n<p style=\"text-align: justify;\">T\u00fcrkiye&#8217;deki 9 milyon emeklinin ikinci s\u0131n\u0131f yurtta\u015f konumuna getirdi\u011fini s\u00f6yleyen K\u0131l\u0131\u00e7daro\u011flu, \u015f\u00f6yle devam etti:<\/p>\n<p style=\"text-align: justify;\">&#8220;\u0130nsanda biraz utanma olur, onur olur, yurtta\u015f\u0131 nas\u0131l b\u00f6lersin b\u00f6yle? Herkes gelir art\u0131\u015f\u0131ndan pay\u0131n\u0131 alacak. O pastan\u0131n i\u00e7inde emekli de var. Biz \u00fcreten bir T\u00fcrkiye istiyoruz, fabrikalar\u0131 t\u00fcten, i\u015f\u00e7isi ve i\u015fverenin ayn\u0131 alanda \u00fcretim yap\u0131p al\u0131n teri d\u00f6kt\u00fc\u011f\u00fc, \u00fcreten bir T\u00fcrkiye istiyoruz. Binlerce hektar arazi ekilmiyor. \u00c7ift\u00e7i ekmiyor art\u0131k al\u0131n terinin kar\u015f\u0131l\u0131\u011f\u0131n\u0131 alamad\u0131\u011f\u0131 i\u00e7in.<\/p>\n<p style=\"text-align: justify;\">B\u00fct\u00fcn \u00e7ift\u00e7ilere sesleniyorum &#8216;yurt d\u0131\u015f\u0131ndan ithal kurbanl\u0131k koyun getiren iktidar\u0131 unutma&#8217; diyorum, bug\u00fcn kurbanl\u0131k koyunu getiren yar\u0131n yiyece\u011fi getirir. Atanamayan \u00f6\u011fretmen kavram\u0131 halk\u0131n iktidar\u0131nda olmayacak. \u0130thal \u00f6\u011fretmen getireceklermi\u015f, kurbanl\u0131k koyundan sonra s\u0131ra ona geldi tabi. Yak\u0131nda ithal doktorlar gelecek.&#8221;<\/p>\n<p style=\"text-align: justify;\"><strong>&#8220;Listede olal\u0131m olmayal\u0131m hep bebaber \u00e7al\u0131\u015faca\u011f\u0131z&#8221; <\/strong><\/p>\n<p style=\"text-align: justify;\">Milletvekili aday adayl\u0131\u011f\u0131 i\u00e7in partisine yap\u0131lan ba\u015fvurular\u0131n yo\u011funlu\u011fundan duydu\u011fu memnuniyeti dile getiren K\u0131l\u0131\u00e7daro\u011flu, &#8220;E\u011fer halk\u0131n iktidar\u0131n\u0131 \u00f6zl\u00fcyorsak, halktan yana politika g\u00fcd\u00fcyorsak, listede olal\u0131m olmayal\u0131m hep beraber \u00e7al\u0131\u015faca\u011f\u0131z&#8221; dedi.<\/p>\n<p style=\"text-align: justify;\">K\u0131l\u0131\u00e7daro\u011flu, listede kendilerini g\u00f6rmeyenlerin ya\u015fayaca\u011f\u0131 buruklu\u011fu, \u00fclkenin idealleri, \u00e7a\u011fda\u015fla\u015fmas\u0131 i\u00e7in bir kenara koymalar\u0131n\u0131 istedi.<\/p>\n<p style=\"text-align: justify;\">Baz\u0131 yerlerde \u00f6n se\u00e7im yapt\u0131klar\u0131n\u0131, baz\u0131 yerlerde e\u011filim yoklamas\u0131, \u00e7o\u011fu yerde de kamuoyu yoklamas\u0131 yapacaklar\u0131n\u0131 anlatan K\u0131l\u0131\u00e7daro\u011flu, listeler a\u00e7\u0131kland\u0131ktan sonra da kavga karga\u015fa ya\u015fanmamas\u0131 iste\u011finde bulundu.<\/p>\n<p style=\"text-align: justify;\">T\u00fcm partililerin ayn\u0131 hedef do\u011frultusunda \u00e7al\u0131\u015fmas\u0131 gerekti\u011fini belirten K\u0131l\u0131\u00e7daro\u011flu, &#8220;Benim i\u00e7in cumartesi, pazar, pazartesi, sal\u0131 diye bir kavram yok, benim i\u00e7in saat yok, benim i\u00e7in takvim yok, bir takvim var 12 Haziran; ba\u015fka takvim yok benim \u00f6n\u00fcmde. Yeni projelerimiz var. Onlar\u0131n ezberlerini tamamen bozaca\u011f\u0131z. Merak ediyorlar, belki dilleri tutulur milletin kar\u015f\u0131s\u0131na \u00e7\u0131k\u0131nca. Sadece dilleri de\u011fil, ak\u0131llar\u0131 da tutulacak onlar\u0131n \u00e7\u00fcnk\u00fc biz hakl\u0131y\u0131z, g\u00fc\u00e7l\u00fcy\u00fcz, kararl\u0131y\u0131z, azimliyiz, T\u00fcrkiye&#8217;yi \u00e7a\u011fda\u015f uygarl\u0131\u011fa \u00e7\u0131karma konusunda kararl\u0131y\u0131z&#8221; diye konu\u015ftu.<\/p>\n<p style=\"text-align: justify;\">Anketlerde esnaftan yeterli deste\u011fi g\u00f6rmediklerinin ortaya \u00e7\u0131kt\u0131\u011f\u0131n\u0131 da belirten K\u0131l\u0131\u00e7daro\u011flu, onlar\u0131n sorunlar\u0131n\u0131 ancak kendilerinin \u00e7\u00f6zebileceklerini, AVM&#8217;lerle ilgili yasay\u0131, CHP iktidar\u0131n\u0131n \u00e7\u0131karabilece\u011fini kaydetti.<\/p>\n<p style=\"text-align: justify;\"><a href=\"http:\/\/www.cnnturk.com\/2011\/turkiye\/03\/27\/ancak.seytanin.aklina.gelebilirdi\/611268.0\/index.html\" target=\"_blank\">CNN T\u00dcRK<\/a><\/p>\n","protected":false},"excerpt":{"rendered":"<p style=\"text-align: justify;\">\n<p style=\"text-align: justify;\">Ankara&#8217;da aday adaylar\u0131yla bir araya gelen CHP lideri Kemal K\u0131l\u0131\u00e7daro\u011flu, &#8220;12 Eyl\u00fcl d\u00f6neminden bile k\u00f6t\u00fc. Ancak \u015feytan\u0131n akl\u0131na gelebilir bu kadar\u0131&#8221; diyerek iktidara y\u00fcklendi. Tepkisi gazeteci Ahmet \u015e\u0131k&#8217;\u0131n bas\u0131lmam\u0131\u015f kitab\u0131na el konulmas\u0131nayd\u0131. Ba\u015fbakan&#8217;a, &#8220;2 bakan\u0131n kadar cesaretin yok. Sen Ba\u015fbakan olamazs\u0131n&#8221; diyen CHP lideri, aday adaylar\u0131na da, &#8220;Liste d\u0131\u015f\u0131 kal\u0131nca <\/p>\n","protected":false},"author":1,"featured_media":0,"comment_status":"open","ping_status":"closed","sticky":false,"template":"","format":"standard","meta":{"footnotes":""},"categories":[105],"tags":[],"class_list":["post-29788","post","type-post","status-publish","format-standard","hentry","category-gundem","odd"],"_links":{"self":[{"href":"http:\/\/www.korhanyilmaz.com\/index.php?rest_route=\/wp\/v2\/posts\/29788","targetHints":{"allow":["GET"]}}],"collection":[{"href":"http:\/\/www.korhanyilmaz.com\/index.php?rest_route=\/wp\/v2\/posts"}],"about":[{"href":"http:\/\/www.korhanyilmaz.com\/index.php?rest_route=\/wp\/v2\/types\/post"}],"author":[{"embeddable":true,"href":"http:\/\/www.korhanyilmaz.com\/index.php?rest_route=\/wp\/v2\/users\/1"}],"replies":[{"embeddable":true,"href":"http:\/\/www.korhanyilmaz.com\/index.php?rest_route=%2Fwp%2Fv2%2Fcomments&post=29788"}],"version-history":[{"count":0,"href":"http:\/\/www.korhanyilmaz.com\/index.php?rest_route=\/wp\/v2\/posts\/29788\/revisions"}],"wp:attachment":[{"href":"http:\/\/www.korhanyilmaz.com\/index.php?rest_route=%2Fwp%2Fv2%2Fmedia&parent=29788"}],"wp:term":[{"taxonomy":"category","embeddable":true,"href":"http:\/\/www.korhanyilmaz.com\/index.php?rest_route=%2Fwp%2Fv2%2Fcategories&post=29788"},{"taxonomy":"post_tag","embeddable":true,"href":"http:\/\/www.korhanyilmaz.com\/index.php?rest_route=%2Fwp%2Fv2%2Ftags&post=29788"}],"curies":[{"name":"wp","href":"https:\/\/api.w.org\/{rel}","templated":true}]}}