{"id":29783,"date":"2011-03-27T08:59:12","date_gmt":"2011-03-27T05:59:12","guid":{"rendered":"http:\/\/www.korhanyilmaz.com\/?p=29783"},"modified":"2011-03-27T08:59:12","modified_gmt":"2011-03-27T05:59:12","slug":"saatler-bu-gece-bir-saat-ileri-alinacak","status":"publish","type":"post","link":"http:\/\/www.korhanyilmaz.com\/?p=29783","title":{"rendered":"Saatler, bu gece bir saat ileri al\u0131nacak"},"content":{"rendered":"<p style=\"text-align: center;\"><a href=\"http:\/\/www.korhanyilmaz.com\/wp-content\/uploads\/2011\/03\/3261.jpg\"  class=\"lightview\"><img loading=\"lazy\" decoding=\"async\" class=\"aligncenter size-full wp-image-29784\" src=\"http:\/\/www.korhanyilmaz.com\/wp-content\/uploads\/2011\/03\/3261.jpg\" alt=\"\" width=\"290\" height=\"217\" \/><\/a><\/p>\n<p style=\"text-align: justify;\">G\u00fcn \u0131\u015f\u0131\u011f\u0131ndan daha fazla yararlanmak amac\u0131yla her y\u0131l yap\u0131lan ileri saat (yaz saati) uygulamas\u0131 kapsam\u0131nda, b\u00fct\u00fcn yurtta saatler, bu gece saat 03.00&#8217;ten itibaren bir saat ileri al\u0131nacak.<!--more--><\/p>\n<p style=\"text-align: justify;\">Ankara- K\u0131\u015f saati uygulamas\u0131na 31 Ekim 2010 tarihinde ge\u00e7irilirken saatler 04.00&#8217;te bir saat geri al\u0131nm\u0131\u015ft\u0131. G\u00fcn \u0131\u015f\u0131\u011f\u0131ndan daha fazla yararlanmak amac\u0131yla yap\u0131lan uygulamaya ili\u015fkin Bakanlar Kurulu Karar\u0131 da 10 Mart 2010 tarihli Resmi Gazete&#8217;de yay\u0131mlanm\u0131\u015ft\u0131. Karar \u00e7er\u00e7evesinde saatler, 30 Ekim 2010 Pazar g\u00fcn\u00fc de saat 04.00&#8217;te geri al\u0131nacak.<\/p>\n<p style=\"text-align: justify;\">Yaz saati uygulamas\u0131, \u00e7al\u0131\u015fma saatlerinin g\u00fcn\u00fcn g\u00fcne\u015fli b\u00f6l\u00fcm\u00fcne al\u0131nmas\u0131 suretiyle, g\u00fcn \u0131\u015f\u0131\u011f\u0131ndan daha fazla yararlan\u0131lmas\u0131, elektrik enerjisinin ayd\u0131nlatmada kullan\u0131lan b\u00f6l\u00fcm\u00fcnden tasarruf sa\u011flanmas\u0131 amac\u0131n\u0131 ta\u015f\u0131yor. Ayr\u0131ca, yaz saati uygulamas\u0131yla, ak\u015fam saatlerinde en y\u00fcksek de\u011ferine ula\u015fan enerji talebinin (puant g\u00fcc\u00fc) azalt\u0131lmas\u0131 hedefleniyor.<\/p>\n<p style=\"text-align: justify;\">697 say\u0131l\u0131 Kanunun 3097 say\u0131l\u0131 Kanunla de\u011fi\u015fik 2. maddesi, &#8221;Greenwich&#8217;e g\u00f6re 30. derecede bulunan boylam dairesi b\u00fct\u00fcn T\u00fcrkiye Cumhuriyeti saatleri i\u00e7in esas al\u0131n\u0131yor. Ayr\u0131ca ba\u015flang\u0131\u00e7 ve biti\u015f tarihleri belirtilmek ve bir saati a\u015fmamak \u015fart\u0131yla yaz saati uygulamaya Bakanlar Kurulu yetkilidir&#8221; h\u00fckm\u00fc gere\u011fince, yaz saati uygulamas\u0131n\u0131n ba\u015flang\u0131\u00e7 ve biti\u015f tarihleri Bakanlar Kurulu karar\u0131yla belirleniyor.<\/p>\n<p style=\"text-align: justify;\">Ge\u00e7mi\u015f y\u0131llara bak\u0131ld\u0131\u011f\u0131nda yaz saati uygulamas\u0131, AB \u00fclkeleriyle birlikte Mart ay\u0131n\u0131n son pazar g\u00fcn\u00fc ba\u015flay\u0131p, Ekim ay\u0131n\u0131n son pazar g\u00fcn\u00fc bitiyor. Fakat bu y\u0131l Bakanlar Kurulu karar\u0131 ile ileri saat uygulamas\u0131 Y\u00fcksek \u00d6\u011fretime Ge\u00e7i\u015f S\u0131nav\u0131&#8217;n\u0131n yap\u0131lmas\u0131 nedeniyle bir g\u00fcn ileriye al\u0131nd\u0131.<\/p>\n<p style=\"text-align: justify;\"><a href=\"http:\/\/www.cumhuriyet.com.tr\/?hn=228432\" target=\"_blank\">Kaynak : Cumhuriyet Haber Portal\u0131<\/a><\/p>\n","protected":false},"excerpt":{"rendered":"<p style=\"text-align: center;\">\n<p style=\"text-align: justify;\">G\u00fcn \u0131\u015f\u0131\u011f\u0131ndan daha fazla yararlanmak amac\u0131yla her y\u0131l yap\u0131lan ileri saat (yaz saati) uygulamas\u0131 kapsam\u0131nda, b\u00fct\u00fcn yurtta saatler, bu gece saat 03.00&#8217;ten itibaren bir saat ileri al\u0131nacak.<\/p>\n","protected":false},"author":1,"featured_media":0,"comment_status":"open","ping_status":"closed","sticky":false,"template":"","format":"standard","meta":{"footnotes":""},"categories":[105],"tags":[],"class_list":["post-29783","post","type-post","status-publish","format-standard","hentry","category-gundem","odd"],"_links":{"self":[{"href":"http:\/\/www.korhanyilmaz.com\/index.php?rest_route=\/wp\/v2\/posts\/29783","targetHints":{"allow":["GET"]}}],"collection":[{"href":"http:\/\/www.korhanyilmaz.com\/index.php?rest_route=\/wp\/v2\/posts"}],"about":[{"href":"http:\/\/www.korhanyilmaz.com\/index.php?rest_route=\/wp\/v2\/types\/post"}],"author":[{"embeddable":true,"href":"http:\/\/www.korhanyilmaz.com\/index.php?rest_route=\/wp\/v2\/users\/1"}],"replies":[{"embeddable":true,"href":"http:\/\/www.korhanyilmaz.com\/index.php?rest_route=%2Fwp%2Fv2%2Fcomments&post=29783"}],"version-history":[{"count":0,"href":"http:\/\/www.korhanyilmaz.com\/index.php?rest_route=\/wp\/v2\/posts\/29783\/revisions"}],"wp:attachment":[{"href":"http:\/\/www.korhanyilmaz.com\/index.php?rest_route=%2Fwp%2Fv2%2Fmedia&parent=29783"}],"wp:term":[{"taxonomy":"category","embeddable":true,"href":"http:\/\/www.korhanyilmaz.com\/index.php?rest_route=%2Fwp%2Fv2%2Fcategories&post=29783"},{"taxonomy":"post_tag","embeddable":true,"href":"http:\/\/www.korhanyilmaz.com\/index.php?rest_route=%2Fwp%2Fv2%2Ftags&post=29783"}],"curies":[{"name":"wp","href":"https:\/\/api.w.org\/{rel}","templated":true}]}}