{"id":29778,"date":"2011-03-26T15:02:22","date_gmt":"2011-03-26T13:02:22","guid":{"rendered":"http:\/\/www.korhanyilmaz.com\/?p=29778"},"modified":"2011-03-26T15:02:22","modified_gmt":"2011-03-26T13:02:22","slug":"bbc-yazdi-ankarada-neler-oluyor","status":"publish","type":"post","link":"http:\/\/www.korhanyilmaz.com\/?p=29778","title":{"rendered":"BBC yazd\u0131: Ankara&#8217;da neler oluyor?"},"content":{"rendered":"<p style=\"text-align: justify;\"><a href=\"http:\/\/www.korhanyilmaz.com\/wp-content\/uploads\/2011\/03\/3251.jpg\"  class=\"lightview\"><img loading=\"lazy\" decoding=\"async\" class=\"aligncenter size-full wp-image-29779\" src=\"http:\/\/www.korhanyilmaz.com\/wp-content\/uploads\/2011\/03\/3251.jpg\" alt=\"\" width=\"308\" height=\"206\" \/><\/a><\/p>\n<p style=\"text-align: justify;\"><strong>BBC&#8217;ye g\u00f6re T\u00fcrkiye&#8217;nin Libya politikas\u0131: U-d\u00f6n\u00fc\u015f\u00fc&#8230; 180 derece d\u00f6n\u00fc\u015f&#8230; takla&#8230;<\/strong><\/p>\n<p style=\"text-align: justify;\">LONDRA &#8211; T\u00fcrkiye\u2019nin Libya\u2019da kara sava\u015f\u0131na kar\u015f\u0131 \u00e7\u0131kmay\u0131 s\u00fcrd\u00fcrd\u00fc\u011f\u00fc, bu nedenle gelecekte Kaddafi\u2019nin ordular\u0131na kar\u015f\u0131 olas\u0131 Frans\u0131z, \u0130ngiliz ve ABD sortilerinin, &#8220;Nato d\u0131\u015f\u0131nda yap\u0131lan&#8221; hareketler olarak g\u00f6sterilmesinin gerekebilece\u011fi belirtildi. BBC T\u00fcrkiye\u2019nin Libya politikas\u0131n\u0131 ele alan analizinde &#8220;U-d\u00f6n\u00fc\u015f\u00fc, 180 derece d\u00f6n\u00fc\u015f, takla&#8221; gibi ifadeler kulland\u0131. <!--more--><\/p>\n<p style=\"text-align: justify;\">BBC News\u2019de yer alan Jonathan Head imzal\u0131 &#8220;Libya lideri \u2018g\u00f6n\u00fcll\u00fcleri silahland\u0131r\u0131yor\u2019&#8221; ba\u015fl\u0131kl\u0131 yorumda Mart ay\u0131n\u0131n ba\u015f\u0131nda Ba\u015fbakan Recep Tayyip Erdo\u011fan\u2019\u0131n Libya\u2019ya Nato \u00f6nderli\u011findeki bir m\u00fcdahale hakk\u0131ndaki g\u00f6r\u00fc\u015f\u00fcn\u00fc a\u00e7\u0131klad\u0131\u011f\u0131, &#8220;bunun sa\u00e7ma, d\u00fc\u015f\u00fcn\u00fclemez&#8221; oldu\u011funu s\u00f6yledi\u011fi hat\u0131rlat\u0131ld\u0131. Yorumda, &#8220;\u0130ki hafta sonra g\u00f6r\u00fc\u015f\u00fcn\u00fc tekrarlad\u0131. Nato m\u00fcdahalesi yarars\u0131z olacak, tehlikeli sonu\u00e7lara yol a\u00e7acakt\u0131. Fakat bu hafta, Libya\u2019ya kar\u015f\u0131 T\u00fcrk politikas\u0131 tamamen bir U-d\u00f6n\u00fc\u015f\u00fc yapm\u0131\u015f g\u00f6r\u00fcn\u00fcyor. T\u00fcrkiye, Frans\u0131z h\u00fck\u00fcmetinin Albay Kaddafi\u2019nin g\u00fc\u00e7lerine hava sald\u0131r\u0131lar\u0131ndaki \u00f6nc\u00fc rol\u00fc almas\u0131n\u0131 ele\u015ftirerek operasyon komutas\u0131n\u0131n Nato\u2019ya devredilmesinde ve sadece Nato taraf\u0131ndan y\u00fcr\u00fct\u00fclmesinde \u0131srar etti. Bunu yapmak i\u00e7in 1952\u2019den bu yana Nato \u00fcyesi olan T\u00fcrkiye\u2019nin mutabakat\u0131 esast\u0131r&#8221; denildi.<\/p>\n<p style=\"text-align: justify;\"><strong>-&#8220;ANKARA\u2019DA NELER OLUYOR?&#8221;-<\/strong><\/p>\n<p style=\"text-align: justify;\">&#8220;\u00d6yleyse Ankara\u2019da neler oluyor?&#8221; denilen yorumda, &#8220;T\u00fcrk D\u0131\u015fi\u015fleri Bakan\u0131 Ahmet Davuto\u011flu y\u00fcz seksen derecelik d\u00f6n\u00fc\u015f\u00fc, BM G\u00fcvenlik Konseyi\u2019nin 18 Mart\u2019ta ge\u00e7en 1973 say\u0131l\u0131 karar\u0131 ve Arap Birli\u011fi\u2019nin u\u00e7u\u015fa kapal\u0131 b\u00f6lge i\u00e7in deste\u011finin sonucu olarak a\u00e7\u0131klad\u0131. Tek tarafl\u0131 bir Nato harekat\u0131na kar\u015f\u0131 olduklar\u0131n\u0131 ancak bu \u00e7\u00f6z\u00fcmler ge\u00e7ince T\u00fcrkiye\u2019nin durumun ayn\u0131 kalamayaca\u011f\u0131n\u0131 s\u00f6yledi&#8221; ifadeleri kullan\u0131ld\u0131.<\/p>\n<p style=\"text-align: justify;\"><strong>-&#8220;TAKLA&#8221;- <\/strong><\/p>\n<p style=\"text-align: justify;\">&#8220;Fakat T\u00fcrkiye\u2019nin a\u00e7\u0131k taklas\u0131nda bundan ba\u015fka \u00e7ok \u015fey var&#8221; denilen yorumda \u015fu analizler yap\u0131ld\u0131: &#8220;T\u00fcrkiye Ba\u015fbakan Erdo\u011fan y\u00f6netiminde, b\u00f6lgesel g\u00fc\u00e7 olmay\u0131 hedefleyen yeni h\u0131rsl\u0131 bir d\u0131\u015f politika izledi. Politika iki stratejiye dayan\u0131yor. \u0130lki kom\u015fularla \u00e7at\u0131\u015fmalar\u0131 \u00e7\u00f6z\u00fcmlemek. Yirmi y\u0131l \u00f6nce t\u00fcm s\u0131n\u0131r kom\u015fular\u0131 kanl\u0131 b\u0131\u00e7akl\u0131 olmu\u015ftu. Bug\u00fcn Ermenistan hari\u00e7 hepsiyle dost\u00e7a ili\u015fkileri var. \u0130kincisi d\u0131\u015f politikay\u0131 g\u00f6t\u00fcrmek i\u00e7in i\u015f ili\u015fkilerini geli\u015ftirmek. T\u00fcrk \u015firketleri b\u00f6lgedeki en rekabet\u00e7i \u015firketler aras\u0131nda ve \u0130ran, Irak, Suriye, eski Sovyetler Birli\u011fi ve Balkanlar\u2019daki T\u00fcrk varl\u0131\u011f\u0131n\u0131 olu\u015fturuyorlar. Ba\u015fbakan ne zaman geziye \u00e7\u0131ksa b\u00fcy\u00fck i\u015f heyetleri e\u015flik ediyor. Libya, Suriye, \u00dcrd\u00fcn ve L\u00fcbnan ile vizesiz seyahat anla\u015fmas\u0131 yap\u0131ld\u0131. Serbest ticaret b\u00f6lgeleri m\u00fczakere edildi. Bu Muammer Kaddafi, Be\u015far Esad, H\u00fcsn\u00fc M\u00fcbarek ve Mahmud Ahmedinecad gibi liderlerin rahatlamas\u0131 anlam\u0131na geliyor. S\u00f6z konusu \u00fclkelerdeki \u00f6nemli T\u00fcrk yat\u0131r\u0131mlar\u0131 ve buralarda on binlerce T\u00fcrk vatanda\u015f\u0131n\u0131n \u00e7al\u0131\u015fmas\u0131 sonucu do\u011furuyor. B\u00f6ylece Arap isyanlar\u0131 ba\u015flad\u0131\u011f\u0131nda Erdo\u011fan bir ikilemle kar\u015f\u0131 kar\u015f\u0131ya kald\u0131. T\u00fcrkiye\u2019deki siyasi ba\u015far\u0131s\u0131 k\u0131smen iyi ayarlanm\u0131\u015f pop\u00fclist sezgilere ba\u011fl\u0131. \u0130srail\u2019e kar\u015f\u0131 sesini y\u00fckselterek aya\u011fa kalkan bir siyaset\u00e7i olarak hem \u00fclkesindeki geni\u015f \u0130slami se\u00e7men ve ba\u015fka yerlerdeki Arap n\u00fcfusu aras\u0131nda bir t\u00fcr kahraman. Yani ayaklanmalar\u0131 destekleyerek pop\u00fcler bir \u015fey yapmak istiyor. Ancak b\u00f6yle yaparken y\u00f6netiminin bu ayaklanmalar\u0131n rahats\u0131z etti\u011fi h\u00fck\u00fcmetlerle karl\u0131 ili\u015fkileri riske giriyor. Tunus bir tepki verilemeyecek kadar h\u0131zla ger\u00e7ekle\u015fti ve T\u00fcrkiye\u2019nin yeni rejimi memnuniyetle kar\u015f\u0131lamas\u0131n\u0131 kolayla\u015ft\u0131rd\u0131. M\u0131s\u0131r daha yan\u0131lt\u0131c\u0131yd\u0131. Erdo\u011fan, gitme \u00e7a\u011fr\u0131s\u0131 yapt\u0131\u011f\u0131 M\u00fcbarek\u2019in kalmas\u0131 durumunda, potansiyel bir misillemeyle kar\u015f\u0131la\u015fabilirdi. T\u00fcrk Ba\u015fbakan\u0131 sezgilerini izledi, Ba\u015fkan Obama\u2019dan epey \u00f6nce M\u0131s\u0131r liderinin zaman\u0131n\u0131n doldu\u011funu s\u00f6yledi ve olaylar onu hakl\u0131 \u00e7\u0131kard\u0131.&#8221;<\/p>\n<p style=\"text-align: justify;\"><strong>-EK SORUNLAR- <\/strong><\/p>\n<p style=\"text-align: justify;\">Libya konusunun &#8220;yan\u0131lt\u0131c\u0131&#8221; olmaya hala devam etti\u011fi, burada 30 bin T\u00fcrk \u00e7al\u0131\u015fan bulundu\u011funu kaydeden BBC, Kaddafi\u2019nin hareketlerinin daha zor tahmin edilebildi\u011fini belirtti. BBC, &#8220;T\u00fcrk h\u00fck\u00fcmeti, kendi vatanda\u015flar\u0131 ve yabanc\u0131lar i\u00e7in kitlesel tahliye \u00f6rg\u00fctlerken yorumlar\u0131n\u0131 daha tarafs\u0131z tuttu&#8221; dedi. T\u00fcrkiye\u2019nin ilk d\u00f6nemlerde Libya sorununu \u00e7\u00f6zmek i\u00e7in Kaddafi ve muhalifler baz\u0131nda yapt\u0131\u011f\u0131 diplomatik ataklar\u0131n da anlat\u0131ld\u0131\u011f\u0131 yorumda \u015f\u00f6yle denildi: &#8220;Bahreyn, Yemen ve \u00f6zellikle Suriye Erdo\u011fan i\u00e7in ek s\u0131k\u0131nt\u0131 do\u011furabilir. Bu \u00fc\u00e7 \u00fclkede \u015fimdiki h\u00fck\u00fcmetlerle bariz s\u0131cak ili\u015fkiler s\u00fcrd\u00fcrd\u00fc.<\/p>\n<p style=\"text-align: justify;\">\u00dc\u00e7 aydan az s\u00fcre kalan se\u00e7imlerin etkisi alt\u0131ndaki T\u00fcrk politikas\u0131n\u0131n dolamba\u00e7l\u0131 yollar\u0131nda Erdo\u011fan muhafazakar M\u00fcsl\u00fcman taban\u0131n\u0131n deste\u011fine ihtiya\u00e7 duyuyor. Orta Do\u011fu\u2019nun t\u00fcm\u00fcnde oldu\u011fu gibi T\u00fcrkiye\u2019de M\u00fcsl\u00fcmanlar, Libya ile ilgili \u00e7eli\u015fkili duygulara sahip. Kimileri Libya muhalefetine yard\u0131m i\u00e7in yaygara yaparken Bat\u0131 m\u00fcdahalesine ve Libya\u2019da M\u00fcsl\u00fcman sivillerin \u00f6l\u00fcm\u00fcne neden olacak her t\u00fcrl\u00fc harekete derin bir antipati de var.<\/p>\n<p style=\"text-align: justify;\">BM karar\u0131 kabul edilse de T\u00fcrkiye daima bir rol almay\u0131 istiyordu. BM\u2019nin sorumlu bir oyuncusu ve \u00e7ok tarafl\u0131 g\u00fcvenlik operasyonlar\u0131nda bir destek\u00e7isi olmakla \u00f6v\u00fcn\u00fcyordu. T\u00fcrkiye\u2019nin Afganistan\u2019da bin 600 ki\u015filik bir birli\u011fi var ve buradaki uluslararas\u0131 g\u00fcce d\u00fczenli olarak komuta ediyor.<\/p>\n<p style=\"text-align: justify;\">T\u00fcrkiye\u2019yi Fransa\u2019n\u0131n \u00f6n almas\u0131 da d\u00fcrtt\u00fc. T\u00fcrkiye\u2019nin Fransa ile ili\u015fkileri AB \u00fcyeli\u011fine \u00e7ekinceleri nedeniyle gerginlik i\u00e7inde. Ba\u015fkan Sarkozy\u2019nin ge\u00e7en ay alt\u0131 saat kald\u0131\u011f\u0131 ilk resmi ziyaretinde T\u00fcrkiye\u2019de kendisine \u00f6fke vard\u0131. \u00d6fke Sarkozy\u2019nin BM oylamas\u0131ndan sonra yapt\u0131\u011f\u0131 zirve toplant\u0131s\u0131na T\u00fcrkiye\u2019nin davet edilmemesiyle artt\u0131.<\/p>\n<p style=\"text-align: justify;\">Libya kara kuvvetlerine Frans\u0131z hava sald\u0131r\u0131s\u0131, BM\u2019nin yetkili k\u0131ld\u0131\u011f\u0131 s\u0131n\u0131r\u0131 ge\u00e7ince T\u00fcrk D\u0131\u015fi\u015fleri Bakan\u0131 taraf\u0131ndan k\u0131nand\u0131. Fransa komutay\u0131 Nato\u2019nun devralmas\u0131na itiraz etti\u011finde, T\u00fcrkiye sezgisel olarak ba\u015fka yol \u00f6nerdi. Nato \u00f6nc\u00fcl\u00fc\u011f\u00fcnde bir operasyon kabul edilse de T\u00fcrkiye hala harekat\u0131n kara sald\u0131r\u0131s\u0131n\u0131 kapsamamas\u0131 ya da sivilleri riske atmamas\u0131 konular\u0131nda \u0131srar ediyor. Bu nedenle gelecekte Albay Kaddafi\u2019nin ordusuna kar\u015f\u0131 herhangi bir Frans\u0131z, \u0130ngiliz ya da ABD sortisi, Nato komutas\u0131 \u2018d\u0131\u015f\u0131nda\u2019 g\u00f6sterilmek zorunda kalabilir.&#8221;<\/p>\n<p style=\"text-align: justify;\"><a href=\"http:\/\/www.radikal.com.tr\/Radikal.aspx?aType=RadikalDetayV3&amp;ArticleID=1044171&amp;Date=27.03.2011&amp;CategoryID=81\" target=\"_blank\">Kaynak : Radikal<\/a><\/p>\n","protected":false},"excerpt":{"rendered":"<p style=\"text-align: justify;\">\n<p style=\"text-align: justify;\">BBC&#8217;ye g\u00f6re T\u00fcrkiye&#8217;nin Libya politikas\u0131: U-d\u00f6n\u00fc\u015f\u00fc&#8230; 180 derece d\u00f6n\u00fc\u015f&#8230; takla&#8230;<\/p>\n<p style=\"text-align: justify;\">LONDRA &#8211; T\u00fcrkiye\u2019nin Libya\u2019da kara sava\u015f\u0131na kar\u015f\u0131 \u00e7\u0131kmay\u0131 s\u00fcrd\u00fcrd\u00fc\u011f\u00fc, bu nedenle gelecekte Kaddafi\u2019nin ordular\u0131na kar\u015f\u0131 olas\u0131 Frans\u0131z, \u0130ngiliz ve ABD sortilerinin, &#8220;Nato d\u0131\u015f\u0131nda yap\u0131lan&#8221; hareketler olarak g\u00f6sterilmesinin gerekebilece\u011fi belirtildi. BBC T\u00fcrkiye\u2019nin Libya politikas\u0131n\u0131 ele alan analizinde &#8220;U-d\u00f6n\u00fc\u015f\u00fc, 180 <\/p>\n","protected":false},"author":1,"featured_media":0,"comment_status":"open","ping_status":"closed","sticky":false,"template":"","format":"standard","meta":{"footnotes":""},"categories":[105],"tags":[],"class_list":["post-29778","post","type-post","status-publish","format-standard","hentry","category-gundem","odd"],"_links":{"self":[{"href":"http:\/\/www.korhanyilmaz.com\/index.php?rest_route=\/wp\/v2\/posts\/29778","targetHints":{"allow":["GET"]}}],"collection":[{"href":"http:\/\/www.korhanyilmaz.com\/index.php?rest_route=\/wp\/v2\/posts"}],"about":[{"href":"http:\/\/www.korhanyilmaz.com\/index.php?rest_route=\/wp\/v2\/types\/post"}],"author":[{"embeddable":true,"href":"http:\/\/www.korhanyilmaz.com\/index.php?rest_route=\/wp\/v2\/users\/1"}],"replies":[{"embeddable":true,"href":"http:\/\/www.korhanyilmaz.com\/index.php?rest_route=%2Fwp%2Fv2%2Fcomments&post=29778"}],"version-history":[{"count":0,"href":"http:\/\/www.korhanyilmaz.com\/index.php?rest_route=\/wp\/v2\/posts\/29778\/revisions"}],"wp:attachment":[{"href":"http:\/\/www.korhanyilmaz.com\/index.php?rest_route=%2Fwp%2Fv2%2Fmedia&parent=29778"}],"wp:term":[{"taxonomy":"category","embeddable":true,"href":"http:\/\/www.korhanyilmaz.com\/index.php?rest_route=%2Fwp%2Fv2%2Fcategories&post=29778"},{"taxonomy":"post_tag","embeddable":true,"href":"http:\/\/www.korhanyilmaz.com\/index.php?rest_route=%2Fwp%2Fv2%2Ftags&post=29778"}],"curies":[{"name":"wp","href":"https:\/\/api.w.org\/{rel}","templated":true}]}}