{"id":29774,"date":"2011-03-26T21:30:38","date_gmt":"2011-03-26T19:30:38","guid":{"rendered":"http:\/\/www.korhanyilmaz.com\/?p=29774"},"modified":"2011-03-26T21:30:38","modified_gmt":"2011-03-26T19:30:38","slug":"iki-bakanin-cocuklari-evlendi","status":"publish","type":"post","link":"http:\/\/www.korhanyilmaz.com\/?p=29774","title":{"rendered":"\u0130ki Bakan\u0131n \u00e7ocuklar\u0131 evlendi"},"content":{"rendered":"<p style=\"text-align: center;\"><a href=\"http:\/\/www.korhanyilmaz.com\/wp-content\/uploads\/2011\/03\/3241.jpg\"  class=\"lightview\"><img loading=\"lazy\" decoding=\"async\" class=\"aligncenter size-full wp-image-29775\" src=\"http:\/\/www.korhanyilmaz.com\/wp-content\/uploads\/2011\/03\/3241.jpg\" alt=\"\" width=\"360\" height=\"244\" \/><\/a><\/p>\n<p style=\"text-align: justify;\">\u00c7al\u0131\u015fma ve Sosyal G\u00fcvenlik Bakan\u0131 \u00d6mer Din\u00e7er&#8217;in o\u011flu As\u0131m Din\u00e7er ile Enerji ve Tabii Kaynaklar Bakan\u0131 Taner Y\u0131ld\u0131z&#8217;\u0131n k\u0131z\u0131 R\u00fcveyda Y\u0131ld\u0131z, Hali\u00e7 Kongre Merkezi&#8217;nde yap\u0131lan d\u00fc\u011f\u00fcnle evlendi.<!--more--><\/p>\n<p style=\"text-align: justify;\">\u0130STANBUL &#8211; \u0130stanbul B\u00fcy\u00fck\u015fehir Belediye Ba\u015fkan\u0131 Kadir Topba\u015f&#8217;\u0131n k\u0131yd\u0131\u011f\u0131 nikahta, gelin ve damad\u0131n \u015fahitliklerini Cumhurba\u015fkan\u0131 Abdullah G\u00fcl, TBMM Ba\u015fkan\u0131 Mehmet Ali \u015eahin ve Ba\u015fbakan Recep Tayyip Erdo\u011fan yapt\u0131.<\/p>\n<p style=\"text-align: justify;\">Nikahta konu\u015fan Cumhurba\u015fkan\u0131 G\u00fcl, bakanlar Din\u00e7er ve Y\u0131ld\u0131z ile dostluklar\u0131n\u0131n uzun y\u0131llara dayand\u0131\u011f\u0131n\u0131 belirterek, \u201cBug\u00fcn ger\u00e7ekten onlar gibi biz de mutluyuz, hep beraber b\u00f6yle g\u00fczel bir olaya \u015fahit oluyoruz. Onlar\u0131n \u00e7ocuklar\u0131 bizlerin \u00e7ocuklar\u0131d\u0131r. Allah mesut etsin, \u00f6m\u00fcr boyu saadetler versin. \u0130n\u015fallah bu g\u00fczel aileden g\u00fczel \u00e7ocuklar d\u00fcnyaya gelsin ve hepsi vatana, millete faydal\u0131 olsun. Tayyip amcan\u0131z\u0131n biliyorsunuz tavsiyesini&#8230; Belki Mehmet Ali amcan\u0131z\u0131n da vard\u0131r tavsiyesi. \u00d6nce onlar\u0131 al\u0131n, bu c\u00fczdan\u0131 vereyim ben size\u201d dedi.<\/p>\n<p style=\"text-align: justify;\">TBMM Ba\u015fkan\u0131 \u015eahin de \u00e7ifte mutluluklar dileyerek, \u201cBenim bir tavsiyem yok. Daha \u00f6nce ortaya konmu\u015f olan tavsiyelere kat\u0131ld\u0131\u011f\u0131m\u0131 ifade etmek istiyorum\u201d dedi.<\/p>\n<p style=\"text-align: justify;\"><strong>BA\u015eBAKAN ERDO\u011eAN&#8217;DAN, \u201cEN AZ \u00dc\u00c7 \u00c7OCUK\u201d \u0130STE\u011e\u0130<\/strong><\/p>\n<p style=\"text-align: justify;\">Ba\u015fbakan Erdo\u011fan ise Allah&#8217;tan her iki aileye ve di\u011fer herkese evlat ac\u0131s\u0131 g\u00f6stermemesini dileyerek, \u015funlar\u0131 kaydetti:<\/p>\n<p style=\"text-align: justify;\">\u201cEn k\u00f6t\u00fc g\u00fcnleri bug\u00fcnk\u00fc gibi olsun. De\u011ferli Cumhurba\u015fkan\u0131m\u0131z\u0131n ifade etti\u011fi gibi, biliyorsunuz en az \u00fc\u00e7 tane \u00e7ocuk bekliyoruz. Bu millet, bu vatan, sizler gibi nitelikli, g\u00fcvenilir, inan\u00e7l\u0131 ailelerden g\u00fcvenli nesiller bekliyor. Bunu, sorumluluk mevkindeki insanlar olarak da biz s\u00f6yl\u00fcyoruz ve tarihimizden ald\u0131\u011f\u0131m\u0131z heyecanla, a\u015fkla, inan\u00e7la s\u00f6yl\u00fcyoruz. Buna \u00e7ok b\u00fcy\u00fck ihtiyac\u0131m\u0131z\u0131n oldu\u011funu \u00f6zellikle vurgulamak istiyorum. Bizler de tabii beraber y\u00fcr\u00fcd\u00fc\u011f\u00fcm\u00fcz bu yolda, iki tane y\u0131llar y\u0131l\u0131 beraber oldu\u011fumuz arkada\u015f\u0131m\u0131z\u0131n \u00e7ocuklar\u0131n\u0131n b\u00f6yle bir evlilik merasiminde, hele hele bir de s\u00f6zlerinde de birlikte olmu\u015ftuk, \u015fimdi de tamaml\u0131yoruz. Rabbim in\u015fallah bu yolculu\u011funuzu daim k\u0131ls\u0131n diyorum. Hay\u0131rl\u0131 olsun.\u201d<\/p>\n<p style=\"text-align: justify;\">Konu\u015fmalar\u0131n ard\u0131ndan Cumhurba\u015fkan\u0131 G\u00fcl, evlilik c\u00fczdan\u0131n\u0131 geline verdi.<\/p>\n<p style=\"text-align: justify;\">Nikaha, Devlet Bakan\u0131 ve Ba\u015fbakan Yard\u0131mc\u0131lar\u0131 B\u00fclent Ar\u0131n\u00e7, Cemil \u00c7i\u00e7ek ve Ali Babacan, Devlet Bakanlar\u0131 Hayati Yaz\u0131c\u0131, Faruk \u00c7elik, Selma Aliye Kavaf, D\u0131\u015fi\u015fleri Bakan\u0131 Ahmet Davuto\u011flu, Maliye Bakan\u0131 Mehmet \u015eim\u015fek, Sanayi ve Ticaret Bakan\u0131 Nihat Erg\u00fcn, Milli E\u011fitim Bakan\u0131 Nimet \u00c7ubuk\u00e7u, Sa\u011fl\u0131k Bakan\u0131 Recep Akda\u011f ve Ba\u015fbakan Erdo\u011fan&#8217;\u0131n e\u015fi Emine Erdo\u011fan&#8217;\u0131n da aralar\u0131nda bulundu\u011fu \u00e7ok say\u0131da davetli kat\u0131ld\u0131.<\/p>\n<p style=\"text-align: justify;\"><a href=\"http:\/\/www.radikal.com.tr\/Radikal.aspx?aType=RadikalDetayV3&amp;ArticleID=1044213&amp;Date=26.03.2011&amp;CategoryID=77\" target=\"_blank\">Kaynak : Radikal<\/a><\/p>\n","protected":false},"excerpt":{"rendered":"<p style=\"text-align: center;\">\n<p style=\"text-align: justify;\">\u00c7al\u0131\u015fma ve Sosyal G\u00fcvenlik Bakan\u0131 \u00d6mer Din\u00e7er&#8217;in o\u011flu As\u0131m Din\u00e7er ile Enerji ve Tabii Kaynaklar Bakan\u0131 Taner Y\u0131ld\u0131z&#8217;\u0131n k\u0131z\u0131 R\u00fcveyda Y\u0131ld\u0131z, Hali\u00e7 Kongre Merkezi&#8217;nde yap\u0131lan d\u00fc\u011f\u00fcnle evlendi.<\/p>\n","protected":false},"author":1,"featured_media":0,"comment_status":"open","ping_status":"closed","sticky":false,"template":"","format":"standard","meta":{"footnotes":""},"categories":[105],"tags":[],"class_list":["post-29774","post","type-post","status-publish","format-standard","hentry","category-gundem","odd"],"_links":{"self":[{"href":"http:\/\/www.korhanyilmaz.com\/index.php?rest_route=\/wp\/v2\/posts\/29774","targetHints":{"allow":["GET"]}}],"collection":[{"href":"http:\/\/www.korhanyilmaz.com\/index.php?rest_route=\/wp\/v2\/posts"}],"about":[{"href":"http:\/\/www.korhanyilmaz.com\/index.php?rest_route=\/wp\/v2\/types\/post"}],"author":[{"embeddable":true,"href":"http:\/\/www.korhanyilmaz.com\/index.php?rest_route=\/wp\/v2\/users\/1"}],"replies":[{"embeddable":true,"href":"http:\/\/www.korhanyilmaz.com\/index.php?rest_route=%2Fwp%2Fv2%2Fcomments&post=29774"}],"version-history":[{"count":0,"href":"http:\/\/www.korhanyilmaz.com\/index.php?rest_route=\/wp\/v2\/posts\/29774\/revisions"}],"wp:attachment":[{"href":"http:\/\/www.korhanyilmaz.com\/index.php?rest_route=%2Fwp%2Fv2%2Fmedia&parent=29774"}],"wp:term":[{"taxonomy":"category","embeddable":true,"href":"http:\/\/www.korhanyilmaz.com\/index.php?rest_route=%2Fwp%2Fv2%2Fcategories&post=29774"},{"taxonomy":"post_tag","embeddable":true,"href":"http:\/\/www.korhanyilmaz.com\/index.php?rest_route=%2Fwp%2Fv2%2Ftags&post=29774"}],"curies":[{"name":"wp","href":"https:\/\/api.w.org\/{rel}","templated":true}]}}