{"id":29762,"date":"2011-03-26T14:13:55","date_gmt":"2011-03-26T12:13:55","guid":{"rendered":"http:\/\/www.korhanyilmaz.com\/?p=29762"},"modified":"2011-03-26T14:13:55","modified_gmt":"2011-03-26T12:13:55","slug":"tecavuz-edip-oldurmus","status":"publish","type":"post","link":"http:\/\/www.korhanyilmaz.com\/?p=29762","title":{"rendered":"Tecav\u00fcz edip \u00f6ld\u00fcrm\u00fc\u015f!"},"content":{"rendered":"<p style=\"text-align: center;\"><a href=\"http:\/\/www.korhanyilmaz.com\/wp-content\/uploads\/2011\/03\/3221.jpg\"  class=\"lightview\"><img loading=\"lazy\" decoding=\"async\" class=\"aligncenter size-full wp-image-29763\" src=\"http:\/\/www.korhanyilmaz.com\/wp-content\/uploads\/2011\/03\/3221.jpg\" alt=\"\" width=\"420\" height=\"210\" \/><\/a><\/p>\n<p style=\"text-align: justify;\">Kayseri&#8217;de kaybolan \u00fc\u00e7 \u00e7ocu\u011fun vah\u015fi bir cinayete kurban gitti\u011fi ortaya \u00e7\u0131kt\u0131. \u00c7ocuklardan birinin tec\u00fcv\u00fcz edilip \u00f6ld\u00fcr\u00fcld\u00fc\u011f\u00fc, di\u011fer ikisinin de bo\u011fuldu\u011fu belirlendi.<\/p>\n<p style=\"text-align: justify;\">KAYSER\u0130\u2019DE, 2009 y\u0131l\u0131nda Ramazan Bayram\u0131\u2019n\u0131n ikinci g\u00fcn\u00fc \u015feker toplamaya \u00e7\u0131kt\u0131ktan sonra bir daha haber al\u0131namayan 6 ya\u015f\u0131ndaki Dilruba ve 7 ya\u015f\u0131ndaki Ahmet Tuna Tekin karde\u015fler ile kom\u015fular\u0131 10 ya\u015f\u0131ndaki T\u00fcrkan Ay\u2019\u0131n cesetleri, elbiseleriyle \u00fcst \u00fcste g\u00f6m\u00fcld\u00fc\u011f\u00fc Yozgat\u2019\u0131n \u00c7ay\u0131ralan \u0130l\u00e7esi\u2019nde g\u00f6let kenar\u0131nda bulundu. <!--more--><\/p>\n<p style=\"text-align: justify;\">Evine \u015feker toplamak i\u00e7in gelen \u00e7ocuklar\u0131 i\u00e7eri al\u0131p birine tecav\u00fcz ettikten sonra \u00fc\u00e7\u00fcn\u00fc de \u00f6ld\u00fcrerek kiralad\u0131\u011f\u0131 otomobille memleketi Yozgat\u2019a g\u00f6t\u00fcr\u00fcp g\u00f6men 33 ya\u015f\u0131ndaki U\u011fur Veli G yakaland\u0131. Kay\u0131p \u00e7ocuklar olay\u0131n\u0131 \u00e7\u00f6zmek \u00fczere polisin olu\u015fturdu\u011fu \u00f6zel ekibin 4 ay s\u00fcreyle ad\u0131m ad\u0131m takip etti\u011fi \u015f\u00fcpheli U\u011fur Veli G.\u2019nin e\u015finden bo\u015fand\u0131\u011f\u0131 ve Kayseri Organize Sanayi B\u00f6lgesi\u2019nde bir fabrikada \u00e7al\u0131\u015ft\u0131\u011f\u0131 belirtildi.<\/p>\n<p style=\"text-align: justify;\">Kamuoyunu 1.5 y\u0131ld\u0131r me\u015fg\u00fcl eden Kayseri\u2019deki \u2019kay\u0131p \u00e7ocuklar\u2019 olay\u0131n\u0131 \u00e7\u00f6zmek \u00fczere 6 ay \u00f6nce Emniyet Genel M\u00fcd\u00fcrl\u00fc\u011f\u00fc Asayi\u015f Daire Ba\u015fkan Yard\u0131mc\u0131s\u0131 Ercan Ta\u015ftekin g\u00f6revlendirildi. Konya\u2019da g\u00f6rev yapt\u0131\u011f\u0131 d\u00f6nemde bir \u00e7ok cinayeti \u00e7\u00f6zmesiyle dikkat \u00e7eken Ta\u015ftekin, o ekibinde g\u00f6rev yapan, sonradan ba\u015fka illere tayin edilen arkada\u015flar\u0131n\u0131 da toplay\u0131p \u00f6zel bir ekip olu\u015fturdu. Kayseri Emniyet M\u00fcd\u00fcrl\u00fc\u011f\u00fc\u2019n\u00fcn yapt\u0131\u011f\u0131 \u00e7al\u0131\u015fmalardan da yararlanan \u00f6zel ekip, 3 \u00e7ocu\u011fun kayboldu\u011fu Talas \u0130l\u00e7esi Yenido\u011fan Mahallesi\u2019nde detayl\u0131 \u00e7al\u0131\u015fma yapt\u0131. \u00c7ok say\u0131da ki\u015fiyle g\u00f6r\u00fc\u015f\u00fcld\u00fc, mahallede oturan ve olaydan sonra ta\u015f\u0131nan ki\u015filerle ilgili t\u00fcm bilgiler derlendi ve \u015f\u00fcheliler listesi haz\u0131rlanarak takibe al\u0131nd\u0131.<\/p>\n<p style=\"text-align: justify;\"><strong>\u015e\u00dcPHELER \u00dcZER\u0130NDE YO\u011eUNLA\u015eTI <\/strong><\/p>\n<p style=\"text-align: justify;\">Yozgat\u2019\u0131n \u00c7ay\u0131ralan \u0130l\u00e7esi n\u00fcfusuna kay\u0131tl\u0131 olan ve Kayseri Organize Sanayi B\u00f6lgesi\u2019nde bir fabrikada \u00e7al\u0131\u015fan U\u011fur Veli G. \u00fczerinde \u015f\u00fcpheler yo\u011funla\u015ft\u0131. E\u015finden bo\u015fanan ve \u00e7ocuklar\u0131n kaybolmas\u0131ndan iki hafta sonra mahalleden ta\u015f\u0131nan U\u011fur Veli G.\u2019nin k\u00fc\u00e7\u00fck ya\u015ftaki k\u0131z \u00e7ocuklara zaaf\u0131 oldu\u011fu da belirlendi. Yozgat\u2019\u0131n \u00c7ay\u0131ralan \u0130l\u00e7esi\u2019ne ba\u011fl\u0131 K\u00fclek\u00e7i K\u00f6y\u00fc&#8221;nden olan U\u011fur Veli G.\u2019nin, Almanya\u2019ya giderek orada oturan k\u00f6yl\u00fcs\u00fc bir k\u0131zla evlendi\u011fi, ge\u00e7iksizlik nedeniyle bo\u015fand\u0131\u011f\u0131 bilgisine ula\u015f\u0131ld\u0131. U\u011fur Veli G.\u2019nin, Almanya\u2019dan s\u0131n\u0131r d\u0131\u015f\u0131 edildikten sonra T\u00fcrkiye\u2019ye d\u00f6n\u00fcp Kayseri\u2019de ya\u015famaya ba\u015flad\u0131\u011f\u0131 belirlendi.<\/p>\n<p style=\"text-align: justify;\"><strong>SORGUSUNDA HER \u015eEY\u0130 ANLATTI <\/strong><\/p>\n<p style=\"text-align: justify;\">\u00d6zel ekip t\u00fcm delilleri toplad\u0131ktan sonra operasyon i\u00e7in d\u00fc\u011fmeye bas\u0131ld\u0131. U\u011fur Veli G. ile kendisine yatakl\u0131k yapt\u0131\u011f\u0131 iddia edilen bir ki\u015fi g\u00f6zalt\u0131na al\u0131nd\u0131. Kayseri Emniyet M\u00fcd\u00fcrl\u00fc\u011f\u00fc\u2019nde sorgulanan \u015f\u00fcpheli U\u011fur Veli G., d\u00fcn gece itirafta bulundu ve \u00e7ocuklar\u0131 kendisinin \u00f6ld\u00fcrd\u00fc\u011f\u00fcn\u00fc s\u00f6yledi.<\/p>\n<p style=\"text-align: justify;\">2009 y\u0131l\u0131nda Ramazan Bayram\u0131\u2019n\u0131n ikinci g\u00fcn\u00fc olan 21 Eyl\u00fcl\u2019de evde yaln\u0131z ba\u015f\u0131na otururken, \u015feker toplayan \u00e7ocuklar\u0131n geldi\u011fini s\u00f6yleyen U\u011fur Veli G., onlar\u0131 i\u00e7eri al\u0131p, ayr\u0131 odalara koyarak a\u011f\u0131zlar\u0131n\u0131 ba\u011flad\u0131\u011f\u0131n\u0131, 10 ya\u015f\u0131ndaki T\u00fcrkan\u2019a tecav\u00fcz edip b\u0131\u00e7akla \u00f6ld\u00fcrd\u00fc\u011f\u00fcn\u00fc, ard\u0131ndan Dilruba ve Ahmet Tuna Tekin karde\u015fleri de bo\u011farak \u00f6ld\u00fcrd\u00fc\u011f\u00fcn\u00fc anlatt\u0131. U\u011fur Veli G., kiralad\u0131\u011f\u0131 otomobile cesetleri koyarak memleketi Yozgat\u2019\u0131n \u00c7ay\u0131ralan \u0130l\u00e7esi\u2019ne g\u00f6t\u00fcr\u00fcp Yahyasaray K\u00f6y\u00fc yak\u0131nlar\u0131ndaki g\u00f6let kenar\u0131nda a\u00e7t\u0131\u011f\u0131 \u00e7ukura g\u00f6md\u00fc\u011f\u00fcn\u00fc s\u00f6yledi.<\/p>\n<p style=\"text-align: justify;\"><strong>1 METREL\u0130K \u00c7UKARDA \u00dcST \u00dcSTE 3 CESET <\/strong><\/p>\n<p style=\"text-align: justify;\">Hemen Yozgat\u2019a g\u00f6t\u00fcr\u00fclen \u015f\u00fcpheli U\u011fur Veli G., 3 \u00e7ocu\u011fun cesetlerini g\u00f6md\u00fc\u011f\u00fc yeri g\u00f6sterdi. D\u00fcn saat 21.00 s\u0131ralar\u0131nda, Yahyasaray K\u00f6y\u00fc yak\u0131ndaki g\u00f6let kenar\u0131nda yakla\u015f\u0131k 5 d\u00f6n\u00fcml\u00fck alanda y\u00fczeyde arama \u00e7al\u0131\u015fmas\u0131 ba\u015flat\u0131ld\u0131. \u00d6nce kay\u0131p \u00e7ocuklara ait baz\u0131 k\u0131yafetler bulundu. Karanl\u0131k nedeniyle \u00e7al\u0131\u015fmalara ara verildi ve g\u00fcvenlik \u015feridine al\u0131nan b\u00f6lgede jandarma sabaha kadar n\u00f6bet tutarken, \u015f\u00fcpheli Kayseri\u2019ye getirildi.<\/p>\n<p style=\"text-align: justify;\">Sabah saatlerinde ise \u00c7ay\u0131ralan Cumhuriyet Savc\u0131s\u0131 G\u00f6ksel Turan g\u00f6zetimin tekrar \u00e7al\u0131\u015fmalara ba\u015fland\u0131. Yahyasaray Baraj\u0131 k\u0131y\u0131s\u0131ndaki yakla\u015f\u0131k 100 metrekarelik alanda Yozgat Emniyet M\u00fcd\u00fcrl\u00fc\u011f\u00fc\u2019ne ba\u011fl\u0131 Olay Yeri \u0130nceleme ile Jandarma ekipleri ve kaz\u0131 i\u00e7in getirilen i\u015f\u00e7iler \u00e7al\u0131\u015fma ba\u015flatt\u0131. Yap\u0131lan \u00e7al\u0131\u015fmalar\u0131n ard\u0131ndan baraj\u0131n 20 metre kenar\u0131nda ormanl\u0131k bir alanda kaz\u0131 ba\u015flat\u0131ld\u0131. Kazma ve k\u00fcreklerle yap\u0131lan kaz\u0131 sonras\u0131 3 \u00e7ocu\u011fun 1 metrelik \u00e7ukura elbiseleriyle \u00fcst \u00fcste g\u00f6m\u00fclen ve \u00e7\u00fcr\u00fcyen cesetlerine ula\u015f\u0131ld\u0131. Olay yeri inceleme ekipleri taraf\u0131ndan toplanarak, \u00c7ay\u0131ralan Devlet Hastanesi\u2019ne g\u00f6t\u00fcr\u00fclen kemik ve elbise par\u00e7alar\u0131, incelenmek \u00fczere Adli T\u0131p\u2019a g\u00f6nderilecek.<\/p>\n<p style=\"text-align: justify;\">Kaz\u0131da g\u00f6rev alan bir i\u015f\u00e7i, &#8220;Cesetler \u00fcst \u00fcste konulmu\u015f, \u00e7\u00fcr\u00fcm\u00fc\u015f ve tan\u0131nmaz halde. Ayr\u0131ca yabani hayvanlar da par\u00e7alam\u0131\u015f. Zaten elbise par\u00e7alar\u0131 onun i\u00e7in d\u0131\u015far\u0131 \u00e7\u0131km\u0131\u015f&#8221; dedi. Yahyasaray K\u00f6y\u00fc\u2019n\u00fcn eski muhtar\u0131 Kaz\u0131m Y\u00fccel ise, &#8220;Buralar mesire alan\u0131 oldu\u011fu i\u00e7in yaz k\u0131\u015f insanlar u\u011frar. Bal\u0131k tutmak i\u00e7inde \u00e7ok ki\u015fi gelir. \u00c7ocuklar\u0131n g\u00f6m\u00fcl\u00fc oldu\u011fu alandan en az 20 kere ge\u00e7tik. Yumu\u015fak bir toprak ve kaz\u0131lmas\u0131 kolay bir alan. Ancak buralarda defineciler s\u00fcrekli kaz\u0131 yapt\u0131\u011f\u0131 i\u00e7in hi\u00e7 dikkatimizi \u00e7ekmedi&#8221; dedi.<\/p>\n<p style=\"text-align: justify;\"><strong>MUHTAR: K\u00d6YE GELD\u0130 AMA \u015e\u00dcPHE \u00c7EKMED\u0130 <\/strong><\/p>\n<p style=\"text-align: justify;\">Kayseri\u2019de 1.5 y\u0131l \u00f6nce kaybolan 3 \u00e7ocu\u011fu \u00f6ld\u00fcren ki\u015finin U\u011fur Veli G. oldu\u011funun ortaya \u00e7\u0131kmas\u0131, Yozgat\u2019\u0131n \u00c7ay\u0131ralan \u0130l\u00e7esi\u2019ne ba\u011fl\u0131 K\u00fclek\u00e7i K\u00f6y\u00fc halk\u0131n\u0131 \u015foke etti.<\/p>\n<p style=\"text-align: justify;\">K\u00fclek\u00e7i K\u00f6y\u00fc muhtar\u0131 Arif Kayg\u0131s\u0131z, U\u011fur Veli G.\u2019nin kendi k\u00f6yl\u00fcleri oldu\u011funu belirterek, &#8220;\u015eimdilik olay\u0131 onun yap\u0131p yapmad\u0131\u011f\u0131n\u0131 bilmiyoruz. Almanya\u2019ya gitmi\u015fti, orda evlenmi\u015fti. Sonra da bo\u015fanm\u0131\u015f ve s\u0131n\u0131r d\u0131\u015f\u0131 edilmi\u015f&#8221; dedi. U\u011fur Veli G.\u2019nin Kayseri\u2019ye yerle\u015fti\u011fini duyduklar\u0131n\u0131 anlatan Kayg\u0131s\u0131z, &#8220;Ancak ara s\u0131ra k\u00f6ye gelip gidiyordu. Kayseri\u2019de \u00e7ocuklar\u0131n kaybolmas\u0131ndan sonra da bir ka\u00e7 kez k\u00f6ye gelip gitti. Herhangi bir \u015f\u00fcpheli davran\u0131\u015f\u0131 yoktu. \u00c7ocuklar\u0131n cesetlerinin bulundu\u011fu yer bizim k\u00f6yden 15 kilometre uzakl\u0131kta&#8221; diye konu\u015ftu.<\/p>\n<p style=\"text-align: justify;\"><strong>\u00c7OCUKLARI G\u00d6MD\u00dc\u011e\u00dc YERDE P\u0130KN\u0130K<\/strong><\/p>\n<p style=\"text-align: justify;\">U\u011fur Veli G.\u2019yi tan\u0131yan k\u00f6yl\u00fcler, 3 \u00e7ocu\u011fu g\u00f6md\u00fc\u011f\u00fc g\u00f6let kenar\u0131na birka\u00e7 kez pikni\u011fe geldi\u011fini s\u00f6yledi. K\u00f6yl\u00fclerden baz\u0131lar\u0131 bu konuda DHA muhabirine \u015funlar\u0131 anlatt\u0131:<\/p>\n<p style=\"text-align: justify;\">&#8220;Barada onu arkada\u015flar\u0131yla piknik yaparken g\u00f6rd\u00fck. Bal\u0131k avl\u0131yorlard\u0131 ve piknik yap\u0131yorlard\u0131. Nas\u0131l b\u00f6yle bir olay yapm\u0131\u015f, anlam veremiyoruz. \u00c7ocuklar\u0131n g\u00f6m\u00fcld\u00fc\u011f\u00fc yer mesire alan\u0131. \u00c7evredeki bir\u00e7ok k\u00f6yde insanlar gelip burda piknik yap\u0131yor, k\u0131\u015f\u0131n da bal\u0131k tutuyorlar.&#8221;<\/p>\n<p style=\"text-align: justify;\"><strong>SA\u011eLIK KONTROLUNDAN GE\u00c7\u0130R\u0130LD\u0130 <\/strong><\/p>\n<p style=\"text-align: justify;\">Kayseri Emniyet M\u00fcd\u00fcrl\u00fc\u011f\u00fc\u2019nde sorgulanan \u015f\u00fcpheli U\u011fur Veli G. ve kendisine yard\u0131m etti\u011fi ileri s\u00fcr\u00fclen ki\u015fi, Kayseri E\u011fitim ve Ara\u015ft\u0131rma Hastanesi\u2019ne muayene i\u00e7in g\u00f6t\u00fcr\u00fclmek yerine, emniyete gelen adli tabip taraf\u0131ndan muayene edildi.<\/p>\n<p style=\"text-align: justify;\"><strong>A\u0130LE \u0130SYAN ED\u0130YOR <\/strong><\/p>\n<p style=\"text-align: justify;\">Kayseri\u2019nin Talas il\u00e7esinde, yakla\u015f\u0131k 1,5 y\u0131l \u00f6nce Ramazan Bayram\u0131\u2019nda \u015feker toplarken kaybolan ve cesetlerinin bulundu\u011fu belirtilen \u00e7ocuklardan T\u00fcrkan Ay\u2019\u0131n annesi \u00d6zlem Ay\u2019dan kimlik tespiti i\u00e7in kan \u00f6rne\u011fi al\u0131nd\u0131.<\/p>\n<p style=\"text-align: justify;\">Ramazan Bayram\u0131\u2019nda \u015feker toplamaya \u00e7\u0131kan Ahmet Tuna Tekin, karde\u015fi Dilruba Tekin ve ayn\u0131 mahalleden arkada\u015flar\u0131 T\u00fcrkan Ay\u2019a ait cesetlerin bulundu\u011fu haberini televizyondan \u00f6\u011frenen Ay ailesi, b\u00fcy\u00fck \u00fcz\u00fcnt\u00fc ya\u015fad\u0131.<\/p>\n<p style=\"text-align: justify;\">Kay\u0131p \u00e7ocuklar\u0131n en b\u00fcy\u00fc\u011f\u00fc T\u00fcrkan Ay\u2019\u0131n annesi \u00d6zlem Ay, AA muhabirine yapt\u0131\u011f\u0131 a\u00e7\u0131klamada, kimlik tespiti i\u00e7in kendisinden kan \u00f6rne\u011fi al\u0131nd\u0131\u011f\u0131n\u0131 s\u00f6yledi. Ay, \u015fu bilgileri verdi: &#8220;\u00c7ocuklar\u0131n cesetlerinin bulundu\u011fu haberlerini g\u00f6r\u00fcmcem televizyondan duymu\u015f ve beni arad\u0131. Daha \u00f6nceki as\u0131ls\u0131z ihbarlar gibi zannettim. Daha sonra, bende numaralar\u0131 olan polisleri arad\u0131m. Bana (ba\u015f\u0131n\u0131z sa\u011folsun) dediler. Emniyete gittim. Kimlik tespiti i\u00e7in benden kan \u00f6rne\u011fi ald\u0131lar. Sonu\u00e7 belli oldu herhalde ki bana (ba\u015f\u0131n sa\u011folsun) dediler.&#8221; Baba \u0130brahim Ay da, olayla ilgili kendilerine bilgi verilmedi\u011fini s\u00f6yleyerek tepi g\u00f6sterdi.<\/p>\n<p style=\"text-align: justify;\">Evlerinin \u00f6n\u00fcne gelen polis ekiplerini kendilerine ba\u015f sa\u011fl\u0131\u011f\u0131 diledi\u011fini belirten Ay, &#8220;Polis evimin \u00f6n\u00fcne gelip, bana ba\u015f sa\u011fl\u0131\u011f\u0131 diliyor. Ama, benim bir \u015feyden haberim yok. Birisi gelip de bize ne olup ne bitti\u011fini anlatmad\u0131? \u00c7ocu\u011fumun \u00f6ld\u00fcr\u00fcld\u00fc\u011f\u00fcn\u00fc gazetecilerden mi \u00f6\u011frenmeliydim? Emniyetten bize bir a\u00e7\u0131klama yapan olmad\u0131. \u00c7ocu\u011fumu kim \u00f6ld\u00fcrm\u00fc\u015f? Niye \u00f6ld\u00fcrm\u00fc\u015f? bilmiyoruz. \u00c7ocu\u011fumu yurt d\u0131\u015f\u0131nda arad\u0131klar\u0131n\u0131 s\u00f6ylediler. Burnumuzun dibindeki Kayseri ve Yozgat\u2019\u0131 niye g\u00f6rmemi\u015fler&#8221; diye konu\u015ftu.<\/p>\n<p style=\"text-align: justify;\"><strong>113 B\u0130N K\u0130ML\u0130K SORGULANDI <\/strong><\/p>\n<p style=\"text-align: justify;\">KAYSER\u0130\u2019nin Talas \u0130l\u00e7esi\u2019nde 21 Eyl\u00fcl 2009 tarihinde kay\u0131plara kar\u0131\u015fan 3 \u00e7ocu\u011fun bulunmas\u0131 i\u00e7in 78 kuyu, 57 trafo, 68 foseptik \u00e7ukuru, 1169 kullan\u0131lmayan bina, 13 de\u011firmen, 230 park ve bah\u00e7ede arama yap\u0131ld\u0131. \u0130n\u015faat alanlar\u0131, mezarl\u0131klar, ba\u011f evleri, intihara elveri\u015fli yerler, Talas\u2019taki su kuyular\u0131, 7 bin 440 ikamet ile Yamula Baraj\u0131 ara\u015ft\u0131r\u0131ld\u0131. 81 site ve i\u015fyerine ait kamera g\u00f6r\u00fcnt\u00fcleri incelendi.<\/p>\n<p style=\"text-align: justify;\">113 bin ki\u015finin kimlik bilgileri sorguland\u0131. 13 bin 436\u2019s\u0131 Kayseri plakal\u0131, 5 bin 239\u2019u da di\u011fer illere ait toplam 18 bin 675 ara\u00e7 incelendi. Kamera kay\u0131tlar\u0131nda tespit edilen \u015f\u00fcpheli bir ara\u00e7 g\u00f6r\u00fcnt\u00fcs\u00fcyle ilgili olarak 5 bin 50 ara\u00e7la ilgili ara\u015ft\u0131rma yap\u0131ld\u0131. Olay tarihinde kiralanan 200 ara\u00e7 ve trafik sorgusu yap\u0131lan 68 ara\u00e7 incelendi. 3 bin 968 apartman sakini ve 6 bin 644 ki\u015fiyle g\u00f6r\u00fc\u015f\u00fcld\u00fc. 183 ki\u015finin ifadesi al\u0131nd\u0131. 194 ihbar de\u011ferlendirildi.<\/p>\n<p style=\"text-align: justify;\">\u00dclke genelinde evlatl\u0131k talebinde bulunanlar, organ nakli i\u00e7in ba\u015fvuranlar, kadavra \u00e7al\u0131\u015fmas\u0131ndaki cesetler, olay b\u00f6lgesinde yaln\u0131z ya\u015fayanlar, yeni ta\u015f\u0131nanlar, okula devams\u0131zl\u0131k yapan, lise ve dengi okullar ile \u00fcniversite \u00f6\u011frencileri, psikiyatrik rahats\u0131zl\u0131\u011f\u0131 bulunanlar ara\u015ft\u0131r\u0131ld\u0131. Cinsel taciz ve pedofili \u015f\u00fcphelisi 244 ki\u015finin bilgileri ve ili\u015fkileri takibe al\u0131nd\u0131.<\/p>\n<p style=\"text-align: justify;\"><a href=\"http:\/\/haber.gazetevatan.com\/tecavuz-edip-oldurmus\/367427\/7\/Yasam\" target=\"_blank\">Kaynak : VATAN Gazetesi<\/a><\/p>\n","protected":false},"excerpt":{"rendered":"<p style=\"text-align: center;\">\n<p style=\"text-align: justify;\">Kayseri&#8217;de kaybolan \u00fc\u00e7 \u00e7ocu\u011fun vah\u015fi bir cinayete kurban gitti\u011fi ortaya \u00e7\u0131kt\u0131. \u00c7ocuklardan birinin tec\u00fcv\u00fcz edilip \u00f6ld\u00fcr\u00fcld\u00fc\u011f\u00fc, di\u011fer ikisinin de bo\u011fuldu\u011fu belirlendi.<\/p>\n<p style=\"text-align: justify;\">KAYSER\u0130\u2019DE, 2009 y\u0131l\u0131nda Ramazan Bayram\u0131\u2019n\u0131n ikinci g\u00fcn\u00fc \u015feker toplamaya \u00e7\u0131kt\u0131ktan sonra bir daha haber al\u0131namayan 6 ya\u015f\u0131ndaki Dilruba ve 7 ya\u015f\u0131ndaki Ahmet Tuna Tekin karde\u015fler ile kom\u015fular\u0131 <\/p>\n","protected":false},"author":1,"featured_media":0,"comment_status":"open","ping_status":"closed","sticky":false,"template":"","format":"standard","meta":{"footnotes":""},"categories":[105],"tags":[],"class_list":["post-29762","post","type-post","status-publish","format-standard","hentry","category-gundem","odd"],"_links":{"self":[{"href":"http:\/\/www.korhanyilmaz.com\/index.php?rest_route=\/wp\/v2\/posts\/29762","targetHints":{"allow":["GET"]}}],"collection":[{"href":"http:\/\/www.korhanyilmaz.com\/index.php?rest_route=\/wp\/v2\/posts"}],"about":[{"href":"http:\/\/www.korhanyilmaz.com\/index.php?rest_route=\/wp\/v2\/types\/post"}],"author":[{"embeddable":true,"href":"http:\/\/www.korhanyilmaz.com\/index.php?rest_route=\/wp\/v2\/users\/1"}],"replies":[{"embeddable":true,"href":"http:\/\/www.korhanyilmaz.com\/index.php?rest_route=%2Fwp%2Fv2%2Fcomments&post=29762"}],"version-history":[{"count":0,"href":"http:\/\/www.korhanyilmaz.com\/index.php?rest_route=\/wp\/v2\/posts\/29762\/revisions"}],"wp:attachment":[{"href":"http:\/\/www.korhanyilmaz.com\/index.php?rest_route=%2Fwp%2Fv2%2Fmedia&parent=29762"}],"wp:term":[{"taxonomy":"category","embeddable":true,"href":"http:\/\/www.korhanyilmaz.com\/index.php?rest_route=%2Fwp%2Fv2%2Fcategories&post=29762"},{"taxonomy":"post_tag","embeddable":true,"href":"http:\/\/www.korhanyilmaz.com\/index.php?rest_route=%2Fwp%2Fv2%2Ftags&post=29762"}],"curies":[{"name":"wp","href":"https:\/\/api.w.org\/{rel}","templated":true}]}}